{"id":28547,"date":"2004-06-02T00:00:00","date_gmt":"2004-06-02T00:00:00","guid":{"rendered":"https:\/\/www.deberes.net\/tesis\/sin-categoria\/analisis-de-la-movilidad-electronica-y-su-influencia-en-la-caracterizacion-de-dispositivos-mesfet-hemt-de-asga-de-microondas\/"},"modified":"2004-06-02T00:00:00","modified_gmt":"2004-06-02T00:00:00","slug":"analisis-de-la-movilidad-electronica-y-su-influencia-en-la-caracterizacion-de-dispositivos-mesfet-hemt-de-asga-de-microondas","status":"publish","type":"post","link":"https:\/\/www.deberes.net\/tesis\/cantabria\/analisis-de-la-movilidad-electronica-y-su-influencia-en-la-caracterizacion-de-dispositivos-mesfet-hemt-de-asga-de-microondas\/","title":{"rendered":"An\u00e1lisis de la movilidad electr\u00f3nica y su influencia en la caracterizaci\u00f3n de dispositivos mesfet\/hemt de asga de microondas"},"content":{"rendered":"<h2>Tesis doctoral de <strong> Guillermo Rafael Valdivia <\/strong><\/h2>\n<p>En esta tesis se presenta un nuevo m\u00e9todo de medida de la movilidad electr\u00f3nica a efectos de mejorar el modelado de dispositivos de asga. El m\u00e9todo propuesto utiliza las derivadas de orden superior como medio de determinar los par\u00e1metros de la nueva ecuaci\u00f3n de movilidad.  se presentan comparaciones del nuevo m\u00e9todo con otros m\u00e9todos de medida mostrando las ventajas del metodo propuesto. Los resultados obtenidos permiten caracterizar la movilidad en la zona lineal y de saturaci\u00f3n.  los valores de movilidad extra\u00eddos por este m\u00e9todo nuevo han permitido mejoras en el modelado  de dispositivos mesfet\/hemt fundamentalmente en la zona lineal, lo cual es de gran utilidad especialmente para aplicaciones basadas en mezcladores lineales.<\/p>\n<p>&nbsp;<\/p>\n<h3>Datos acad\u00e9micos de la tesis doctoral \u00ab<strong>An\u00e1lisis de la movilidad electr\u00f3nica y su influencia en la caracterizaci\u00f3n de dispositivos mesfet\/hemt de asga de microondas<\/strong>\u00ab<\/h3>\n<ul>\n<li><strong>T\u00edtulo de la tesis:<\/strong>\u00a0 An\u00e1lisis de la movilidad electr\u00f3nica y su influencia en la caracterizaci\u00f3n de dispositivos mesfet\/hemt de asga de microondas <\/li>\n<li><strong>Autor:<\/strong>\u00a0 Guillermo Rafael Valdivia <\/li>\n<li><strong>Universidad:<\/strong>\u00a0 Cantabria<\/li>\n<li><strong>Fecha de lectura de la tesis:<\/strong>\u00a0 06\/02\/2004<\/li>\n<\/ul>\n<p>&nbsp;<\/p>\n<h3>Direcci\u00f3n y tribunal<\/h3>\n<ul>\n<li><strong>Director de la tesis<\/strong>\n<ul>\n<li>Angel Mediavilla Sanchez<\/li>\n<\/ul>\n<\/li>\n<li><strong>Tribunal<\/strong>\n<ul>\n<li>Presidente del tribunal: eudardo Artal latorre <\/li>\n<li>Mar\u00eda  teresa Martin guerrero (vocal)<\/li>\n<li>lLuis Pradell cara (vocal)<\/li>\n<li> Collantes metola Juan  Mar\u00eda (vocal)<\/li>\n<\/ul>\n<\/li>\n<\/ul>\n<p>&nbsp;<\/p>\n","protected":false},"excerpt":{"rendered":"<p>Tesis doctoral de Guillermo Rafael Valdivia En esta tesis se presenta un nuevo m\u00e9todo de medida de la movilidad electr\u00f3nica [&hellip;]<\/p>\n","protected":false},"author":1,"featured_media":0,"comment_status":"open","ping_status":"open","sticky":false,"template":"","format":"standard","meta":{"site-sidebar-layout":"default","site-content-layout":"","ast-site-content-layout":"","site-content-style":"default","site-sidebar-style":"default","ast-global-header-display":"","ast-banner-title-visibility":"","ast-main-header-display":"","ast-hfb-above-header-display":"","ast-hfb-below-header-display":"","ast-hfb-mobile-header-display":"","site-post-title":"","ast-breadcrumbs-content":"","ast-featured-img":"","footer-sml-layout":"","theme-transparent-header-meta":"","adv-header-id-meta":"","stick-header-meta":"","header-above-stick-meta":"","header-main-stick-meta":"","header-below-stick-meta":"","astra-migrate-meta-layouts":"default","ast-page-background-enabled":"default","ast-page-background-meta":{"desktop":{"background-color":"var(--ast-global-color-4)","background-image":"","background-repeat":"repeat","background-position":"center center","background-size":"auto","background-attachment":"scroll","background-type":"","background-media":"","overlay-type":"","overlay-color":"","overlay-gradient":""},"tablet":{"background-color":"","background-image":"","background-repeat":"repeat","background-position":"center center","background-size":"auto","background-attachment":"scroll","background-type":"","background-media":"","overlay-type":"","overlay-color":"","overlay-gradient":""},"mobile":{"background-color":"","background-image":"","background-repeat":"repeat","background-position":"center center","background-size":"auto","background-attachment":"scroll","background-type":"","background-media":"","overlay-type":"","overlay-color":"","overlay-gradient":""}},"ast-content-background-meta":{"desktop":{"background-color":"var(--ast-global-color-5)","background-image":"","background-repeat":"repeat","background-position":"center center","background-size":"auto","background-attachment":"scroll","background-type":"","background-media":"","overlay-type":"","overlay-color":"","overlay-gradient":""},"tablet":{"background-color":"var(--ast-global-color-5)","background-image":"","background-repeat":"repeat","background-position":"center center","background-size":"auto","background-attachment":"scroll","background-type":"","background-media":"","overlay-type":"","overlay-color":"","overlay-gradient":""},"mobile":{"background-color":"var(--ast-global-color-5)","background-image":"","background-repeat":"repeat","background-position":"center center","background-size":"auto","background-attachment":"scroll","background-type":"","background-media":"","overlay-type":"","overlay-color":"","overlay-gradient":""}},"footnotes":""},"categories":[10518],"tags":[57614,81243,81242,81241,26333,24795],"class_list":["post-28547","post","type-post","status-publish","format-standard","hentry","category-cantabria","tag-angel-mediavilla-sanchez","tag-collantes-metola-juan-maria","tag-eudardo-artal-latorre","tag-guillermo-rafael-valdivia","tag-lluis-pradell-cara","tag-maria-teresa-martin-guerrero"],"_links":{"self":[{"href":"https:\/\/www.deberes.net\/tesis\/wp-json\/wp\/v2\/posts\/28547","targetHints":{"allow":["GET"]}}],"collection":[{"href":"https:\/\/www.deberes.net\/tesis\/wp-json\/wp\/v2\/posts"}],"about":[{"href":"https:\/\/www.deberes.net\/tesis\/wp-json\/wp\/v2\/types\/post"}],"author":[{"embeddable":true,"href":"https:\/\/www.deberes.net\/tesis\/wp-json\/wp\/v2\/users\/1"}],"replies":[{"embeddable":true,"href":"https:\/\/www.deberes.net\/tesis\/wp-json\/wp\/v2\/comments?post=28547"}],"version-history":[{"count":0,"href":"https:\/\/www.deberes.net\/tesis\/wp-json\/wp\/v2\/posts\/28547\/revisions"}],"wp:attachment":[{"href":"https:\/\/www.deberes.net\/tesis\/wp-json\/wp\/v2\/media?parent=28547"}],"wp:term":[{"taxonomy":"category","embeddable":true,"href":"https:\/\/www.deberes.net\/tesis\/wp-json\/wp\/v2\/categories?post=28547"},{"taxonomy":"post_tag","embeddable":true,"href":"https:\/\/www.deberes.net\/tesis\/wp-json\/wp\/v2\/tags?post=28547"}],"curies":[{"name":"wp","href":"https:\/\/api.w.org\/{rel}","templated":true}]}}