{"id":28584,"date":"2004-09-02T00:00:00","date_gmt":"2004-09-02T00:00:00","guid":{"rendered":"https:\/\/www.deberes.net\/tesis\/sin-categoria\/un-estudio-de-la-variabilidad-climatica-en-la-peninsula-iberica\/"},"modified":"2004-09-02T00:00:00","modified_gmt":"2004-09-02T00:00:00","slug":"un-estudio-de-la-variabilidad-climatica-en-la-peninsula-iberica","status":"publish","type":"post","link":"https:\/\/www.deberes.net\/tesis\/extremadura\/un-estudio-de-la-variabilidad-climatica-en-la-peninsula-iberica\/","title":{"rendered":"Un estudio de la variabilidad clim\u00e1tica en la peninsula ib\u00e9rica."},"content":{"rendered":"<h2>Tesis doctoral de <strong>  Gallego Herrezuelo M. Cruz <\/strong><\/h2>\n<p>En este trabajo se aborda un estudiio de la variabilidad del clima de la pen\u00ednsula ib\u00e9rica a partir de datos de precipitaci\u00f3n diaria de diversas observatores distribuidos en dicho temtono.Se han costruido se\u00f1as catacionales de diferentes tipos de indices de  precipitaci\u00f3n y se han estudiado las deferentes tendencias que muestran.Tambi\u00e9n se han estudiado los valores m\u00e1ximos de precipitaci\u00f3n con la teor\u00eda estadistica de los valores extremos.  adem\u00e1s se ha buscado la relaci\u00f3n de estos indices de precipitaci\u00f3n con diferentes varibles a gran escala como slp,sst y el \u00edndice nao.Por \u00faltimo se han comparado las series de \u00edndices ya constituidad a partir de datos reales de preapitaci\u00f3n con las contruidad a partir de datos similares mediante el m\u00e9todo de los an\u00e1legos cuando las &#8212; de slp:los de rean\u00e1lisis de ncep\/ncar \u00f3 las de echam4\/opyc3,siendo este \u00faltimo un ensayo de reduci\u00f3n de escala real.De los resultados obtenidos podemos destacar , una disminuci\u00f3n peninsular del valor medio de precipitaci\u00f3n por eventos lluviosos en todas las estaciones del a\u00f1o y una asociaci\u00f3n negativa del \u00edndice nade con las series invernales de la categor\u00eda de lluvia intensa, tanto en frecuencia como en intensidad.<\/p>\n<p>&nbsp;<\/p>\n<h3>Datos acad\u00e9micos de la tesis doctoral \u00ab<strong>Un estudio de la variabilidad clim\u00e1tica en la peninsula ib\u00e9rica.<\/strong>\u00ab<\/h3>\n<ul>\n<li><strong>T\u00edtulo de la tesis:<\/strong>\u00a0 Un estudio de la variabilidad clim\u00e1tica en la peninsula ib\u00e9rica. <\/li>\n<li><strong>Autor:<\/strong>\u00a0  Gallego Herrezuelo M. Cruz <\/li>\n<li><strong>Universidad:<\/strong>\u00a0 Extremadura<\/li>\n<li><strong>Fecha de lectura de la tesis:<\/strong>\u00a0 09\/02\/2004<\/li>\n<\/ul>\n<p>&nbsp;<\/p>\n<h3>Direcci\u00f3n y tribunal<\/h3>\n<ul>\n<li><strong>Director de la tesis<\/strong>\n<ul>\n<li>Jos\u00e9 Agust\u00edn Garc\u00eda Garc\u00eda<\/li>\n<\/ul>\n<\/li>\n<li><strong>Tribunal<\/strong>\n<ul>\n<li>Presidente del tribunal: emiliano Hern\u00e1ndez mart\u00edn <\/li>\n<li>ricardo Garc\u00eda herrera (vocal)<\/li>\n<li>jeronimo Lorente castello (vocal)<\/li>\n<li> Mateos masa vidal Luis (vocal)<\/li>\n<\/ul>\n<\/li>\n<\/ul>\n<p>&nbsp;<\/p>\n","protected":false},"excerpt":{"rendered":"<p>Tesis doctoral de Gallego Herrezuelo M. Cruz En este trabajo se aborda un estudiio de la variabilidad del clima de [&hellip;]<\/p>\n","protected":false},"author":1,"featured_media":0,"comment_status":"open","ping_status":"open","sticky":false,"template":"","format":"standard","meta":{"site-sidebar-layout":"default","site-content-layout":"","ast-site-content-layout":"","site-content-style":"default","site-sidebar-style":"default","ast-global-header-display":"","ast-banner-title-visibility":"","ast-main-header-display":"","ast-hfb-above-header-display":"","ast-hfb-below-header-display":"","ast-hfb-mobile-header-display":"","site-post-title":"","ast-breadcrumbs-content":"","ast-featured-img":"","footer-sml-layout":"","theme-transparent-header-meta":"","adv-header-id-meta":"","stick-header-meta":"","header-above-stick-meta":"","header-main-stick-meta":"","header-below-stick-meta":"","astra-migrate-meta-layouts":"default","ast-page-background-enabled":"default","ast-page-background-meta":{"desktop":{"background-color":"var(--ast-global-color-4)","background-image":"","background-repeat":"repeat","background-position":"center center","background-size":"auto","background-attachment":"scroll","background-type":"","background-media":"","overlay-type":"","overlay-color":"","overlay-gradient":""},"tablet":{"background-color":"","background-image":"","background-repeat":"repeat","background-position":"center center","background-size":"auto","background-attachment":"scroll","background-type":"","background-media":"","overlay-type":"","overlay-color":"","overlay-gradient":""},"mobile":{"background-color":"","background-image":"","background-repeat":"repeat","background-position":"center center","background-size":"auto","background-attachment":"scroll","background-type":"","background-media":"","overlay-type":"","overlay-color":"","overlay-gradient":""}},"ast-content-background-meta":{"desktop":{"background-color":"var(--ast-global-color-5)","background-image":"","background-repeat":"repeat","background-position":"center center","background-size":"auto","background-attachment":"scroll","background-type":"","background-media":"","overlay-type":"","overlay-color":"","overlay-gradient":""},"tablet":{"background-color":"var(--ast-global-color-5)","background-image":"","background-repeat":"repeat","background-position":"center center","background-size":"auto","background-attachment":"scroll","background-type":"","background-media":"","overlay-type":"","overlay-color":"","overlay-gradient":""},"mobile":{"background-color":"var(--ast-global-color-5)","background-image":"","background-repeat":"repeat","background-position":"center center","background-size":"auto","background-attachment":"scroll","background-type":"","background-media":"","overlay-type":"","overlay-color":"","overlay-gradient":""}},"footnotes":""},"categories":[949],"tags":[6033,81339,4332,19589,38238,31899],"class_list":["post-28584","post","type-post","status-publish","format-standard","hentry","category-extremadura","tag-emiliano-hernandez-martin","tag-gallego-herrezuelo-m-cruz","tag-jeronimo-lorente-castello","tag-jose-agustin-garcia-garcia","tag-mateos-masa-vidal-luis","tag-ricardo-garcia-herrera"],"_links":{"self":[{"href":"https:\/\/www.deberes.net\/tesis\/wp-json\/wp\/v2\/posts\/28584","targetHints":{"allow":["GET"]}}],"collection":[{"href":"https:\/\/www.deberes.net\/tesis\/wp-json\/wp\/v2\/posts"}],"about":[{"href":"https:\/\/www.deberes.net\/tesis\/wp-json\/wp\/v2\/types\/post"}],"author":[{"embeddable":true,"href":"https:\/\/www.deberes.net\/tesis\/wp-json\/wp\/v2\/users\/1"}],"replies":[{"embeddable":true,"href":"https:\/\/www.deberes.net\/tesis\/wp-json\/wp\/v2\/comments?post=28584"}],"version-history":[{"count":0,"href":"https:\/\/www.deberes.net\/tesis\/wp-json\/wp\/v2\/posts\/28584\/revisions"}],"wp:attachment":[{"href":"https:\/\/www.deberes.net\/tesis\/wp-json\/wp\/v2\/media?parent=28584"}],"wp:term":[{"taxonomy":"category","embeddable":true,"href":"https:\/\/www.deberes.net\/tesis\/wp-json\/wp\/v2\/categories?post=28584"},{"taxonomy":"post_tag","embeddable":true,"href":"https:\/\/www.deberes.net\/tesis\/wp-json\/wp\/v2\/tags?post=28584"}],"curies":[{"name":"wp","href":"https:\/\/api.w.org\/{rel}","templated":true}]}}