{"id":28620,"date":"2004-11-02T00:00:00","date_gmt":"2004-11-02T00:00:00","guid":{"rendered":"https:\/\/www.deberes.net\/tesis\/sin-categoria\/hacia-una-voz-visual-ontogenesis-y-dialectica-de-la-imagen-tecnica-inicial\/"},"modified":"2004-11-02T00:00:00","modified_gmt":"2004-11-02T00:00:00","slug":"hacia-una-voz-visual-ontogenesis-y-dialectica-de-la-imagen-tecnica-inicial","status":"publish","type":"post","link":"https:\/\/www.deberes.net\/tesis\/politecnica-de-valencia\/hacia-una-voz-visual-ontogenesis-y-dialectica-de-la-imagen-tecnica-inicial\/","title":{"rendered":"Hacia una voz visual.  ontog\u00e9nesis y dial\u00e9ctica de la imagen t\u00e9cnica inicial"},"content":{"rendered":"<h2>Tesis doctoral de <strong>  Luelmo Jare\u00f1o Jos\u00e9 M. De <\/strong><\/h2>\n<p>B\u00e1sica y sucitamente, nuestra tesis pretende efectuar una relectura de aquellos factores que, hacia la primera mitad del siglo xix, dieron lugar a la aparici\u00f3n de la fotograf\u00eda. En tanto primera manifestaci\u00f3n de las diversas modalidades de imagen t\u00e9cnica que hoy d\u00eda pueblan -e incluso saturan- nuestro entorno, creemos que en ese ejercicio podr\u00eda encontrarse una clave interpretativa de un fen\u00f3meno de enorme relevancia: el establecimiento de una \u00abforma simb\u00f3lica\u00bb revolucionaria en la civilizaci\u00f3n occidental. ante la evidente desmesura del proyecto, la acotaci\u00f3n del \u00e1mbito de estudio se hace necesariamente rigurosa: no consideramos aplicaciones o usos particulares de la fotograf\u00eda, cuyo an\u00e1lisis exigir\u00eda un estudio bien extenso, sino \u00fanicamente aquellos factores concurrentes en el instante mismo de su surgimiento. asimismo, desvincul\u00e1ndose de cualquier historia del medio, apenas atendemos a nombres propios, fechas, invecciones u obras, m\u00e1s all\u00e1 de lo imprescindible.  creemos que antes de considerar la fotograf\u00eda como fruto final de investigaciones cient\u00edficas o de veleidades art\u00edsticas o, al menos, en paralelo a esa perspectiva, cabr\u00eda estudiar las circunstancias previas y contempor\u00e1neas a su irrupci\u00f3n, y as\u00ed, encontrar\u00edamos v\u00ednculos de la imagen fotogr\u00e1fica con el romanticismo, alternativos o cuando menos complementarios a los com\u00fanmente establecidos con el positivismo -los cuales obeceder\u00edan m\u00e1s bien a las posteriores aplicaciones de la misma: investigaci\u00f3n cient\u00edfica, control y vigilancia, documentaci\u00f3n, etc. Cuestiones propiamente rom\u00e1nticas como el ansia de unidad, la a\u00f1oranza del pasado, o la querencia por lo fragmentario y ruinoso, nos parece confluyen en la fotograf\u00eda, ya se considere su vertiente de acto de captaci\u00f3n, ya la correspondiente a forma pl\u00e1stica. Pero mayor importancia incluso adquiere en su g\u00e9nesis la crisis del individuo, v\u00edctima de la propia raz\u00f3n instrumental que \u00e9l mismo cre<\/p>\n<p>&nbsp;<\/p>\n<h3>Datos acad\u00e9micos de la tesis doctoral \u00ab<strong>Hacia una voz visual.  ontog\u00e9nesis y dial\u00e9ctica de la imagen t\u00e9cnica inicial<\/strong>\u00ab<\/h3>\n<ul>\n<li><strong>T\u00edtulo de la tesis:<\/strong>\u00a0 Hacia una voz visual.  ontog\u00e9nesis y dial\u00e9ctica de la imagen t\u00e9cnica inicial <\/li>\n<li><strong>Autor:<\/strong>\u00a0  Luelmo Jare\u00f1o Jos\u00e9 M. De <\/li>\n<li><strong>Universidad:<\/strong>\u00a0 Polit\u00e9cnica de Valencia<\/li>\n<li><strong>Fecha de lectura de la tesis:<\/strong>\u00a0 11\/02\/2004<\/li>\n<\/ul>\n<p>&nbsp;<\/p>\n<h3>Direcci\u00f3n y tribunal<\/h3>\n<ul>\n<li><strong>Director de la tesis<\/strong>\n<ul>\n<li>Jos\u00e9 Saborit Viguer<\/li>\n<\/ul>\n<\/li>\n<li><strong>Tribunal<\/strong>\n<ul>\n<li>Presidente del tribunal: Francisco Jarauta marion <\/li>\n<li>horacio Fern\u00e1ndez mart\u00ednez (vocal)<\/li>\n<li>Alberto Ruiz de samaniego Garc\u00eda (vocal)<\/li>\n<li>Juan  Miguel Company ramon (vocal)<\/li>\n<\/ul>\n<\/li>\n<\/ul>\n<p>&nbsp;<\/p>\n","protected":false},"excerpt":{"rendered":"<p>Tesis doctoral de Luelmo Jare\u00f1o Jos\u00e9 M. De B\u00e1sica y sucitamente, nuestra tesis pretende efectuar una relectura de aquellos factores [&hellip;]<\/p>\n","protected":false},"author":1,"featured_media":0,"comment_status":"open","ping_status":"open","sticky":false,"template":"","format":"standard","meta":{"site-sidebar-layout":"default","site-content-layout":"","ast-site-content-layout":"","site-content-style":"default","site-sidebar-style":"default","ast-global-header-display":"","ast-banner-title-visibility":"","ast-main-header-display":"","ast-hfb-above-header-display":"","ast-hfb-below-header-display":"","ast-hfb-mobile-header-display":"","site-post-title":"","ast-breadcrumbs-content":"","ast-featured-img":"","footer-sml-layout":"","theme-transparent-header-meta":"","adv-header-id-meta":"","stick-header-meta":"","header-above-stick-meta":"","header-main-stick-meta":"","header-below-stick-meta":"","astra-migrate-meta-layouts":"default","ast-page-background-enabled":"default","ast-page-background-meta":{"desktop":{"background-color":"var(--ast-global-color-4)","background-image":"","background-repeat":"repeat","background-position":"center center","background-size":"auto","background-attachment":"scroll","background-type":"","background-media":"","overlay-type":"","overlay-color":"","overlay-gradient":""},"tablet":{"background-color":"","background-image":"","background-repeat":"repeat","background-position":"center center","background-size":"auto","background-attachment":"scroll","background-type":"","background-media":"","overlay-type":"","overlay-color":"","overlay-gradient":""},"mobile":{"background-color":"","background-image":"","background-repeat":"repeat","background-position":"center center","background-size":"auto","background-attachment":"scroll","background-type":"","background-media":"","overlay-type":"","overlay-color":"","overlay-gradient":""}},"ast-content-background-meta":{"desktop":{"background-color":"var(--ast-global-color-5)","background-image":"","background-repeat":"repeat","background-position":"center center","background-size":"auto","background-attachment":"scroll","background-type":"","background-media":"","overlay-type":"","overlay-color":"","overlay-gradient":""},"tablet":{"background-color":"var(--ast-global-color-5)","background-image":"","background-repeat":"repeat","background-position":"center center","background-size":"auto","background-attachment":"scroll","background-type":"","background-media":"","overlay-type":"","overlay-color":"","overlay-gradient":""},"mobile":{"background-color":"var(--ast-global-color-5)","background-image":"","background-repeat":"repeat","background-position":"center center","background-size":"auto","background-attachment":"scroll","background-type":"","background-media":"","overlay-type":"","overlay-color":"","overlay-gradient":""}},"footnotes":""},"categories":[16820],"tags":[62217,8503,66658,22743,12288,81418],"class_list":["post-28620","post","type-post","status-publish","format-standard","hentry","category-politecnica-de-valencia","tag-alberto-ruiz-de-samaniego-garcia","tag-francisco-jarauta-marion","tag-horacio-fernandez-Martinez","tag-jose-saborit-viguer","tag-juan-miguel-company-ramon","tag-luelmo-jareno-jose-m-de"],"_links":{"self":[{"href":"https:\/\/www.deberes.net\/tesis\/wp-json\/wp\/v2\/posts\/28620","targetHints":{"allow":["GET"]}}],"collection":[{"href":"https:\/\/www.deberes.net\/tesis\/wp-json\/wp\/v2\/posts"}],"about":[{"href":"https:\/\/www.deberes.net\/tesis\/wp-json\/wp\/v2\/types\/post"}],"author":[{"embeddable":true,"href":"https:\/\/www.deberes.net\/tesis\/wp-json\/wp\/v2\/users\/1"}],"replies":[{"embeddable":true,"href":"https:\/\/www.deberes.net\/tesis\/wp-json\/wp\/v2\/comments?post=28620"}],"version-history":[{"count":0,"href":"https:\/\/www.deberes.net\/tesis\/wp-json\/wp\/v2\/posts\/28620\/revisions"}],"wp:attachment":[{"href":"https:\/\/www.deberes.net\/tesis\/wp-json\/wp\/v2\/media?parent=28620"}],"wp:term":[{"taxonomy":"category","embeddable":true,"href":"https:\/\/www.deberes.net\/tesis\/wp-json\/wp\/v2\/categories?post=28620"},{"taxonomy":"post_tag","embeddable":true,"href":"https:\/\/www.deberes.net\/tesis\/wp-json\/wp\/v2\/tags?post=28620"}],"curies":[{"name":"wp","href":"https:\/\/api.w.org\/{rel}","templated":true}]}}