{"id":28687,"date":"2018-03-09T09:21:29","date_gmt":"2018-03-09T09:21:29","guid":{"rendered":"https:\/\/www.deberes.net\/tesis\/sin-categoria\/la-relacion-laboral-especial-de-servicio-del-hogar-familiar\/"},"modified":"2018-03-09T09:21:29","modified_gmt":"2018-03-09T09:21:29","slug":"la-relacion-laboral-especial-de-servicio-del-hogar-familiar","status":"publish","type":"post","link":"https:\/\/www.deberes.net\/tesis\/rey-juan-carlos\/la-relacion-laboral-especial-de-servicio-del-hogar-familiar\/","title":{"rendered":"La relacion laboral especial de servicio del hogar familiar"},"content":{"rendered":"<h2>Tesis doctoral de <strong>  Ayala Del Pino Cristina <\/strong><\/h2>\n<p>Se analiza en esta tesis todo el regimen jur\u00eddico de la relaci\u00f3n laboral especial de los empleados del hogar, contratados laboralmente, prestando sus servicios a favor de una organizacin de \u00edndole familiar. Tal objeto material presupone la existencia de dos categor\u00edas distintas: trabajo asalariado y empleador de car\u00e1cter familiar; compatibilizar los fines y principios del derecho del trabajo con los de dicha actividad va a suscitar numerosos problemas aplicativos.  es un trabajo de investigaci\u00f3n novedoso y exhaustivo, donde se abordan con claridad, desde una perspectiva al mismo tiempo teorica y pr\u00e1ctica todos los aspectos relacionados con la contrataci\u00f3n de los empleados del hogar.  los seis cap\u00edtulos en los que se estructura se analizan con rigor su evoluci\u00f3n historica, la delimitaci\u00f3n conceptual, asi como la morfolog\u00eda del contrato de trabajo, su jornada, horario, sistema de remuneracion y extincion.  se trata de una obra escrita de forma clara, presenta problemas, ofrece soluciones, aclara las conflictivas citaciones que envuelven a esta compleja relacion jur\u00eddico-laboral. Sus conclusiones son relevantes, significativas y adecuadas para este tipo de trabajo de investigacion.  la autora ha tenido el acierto de presentar una obra compleja pero de facil entendimiento, bien documentada a la que acompania una anexo jurisprudencial y bibliografico<\/p>\n<p>&nbsp;<\/p>\n<h3>Datos acad\u00e9micos de la tesis doctoral \u00ab<strong>La relacion laboral especial de servicio del hogar familiar<\/strong>\u00ab<\/h3>\n<ul>\n<li><strong>T\u00edtulo de la tesis:<\/strong>\u00a0 La relacion laboral especial de servicio del hogar familiar <\/li>\n<li><strong>Autor:<\/strong>\u00a0  Ayala Del Pino Cristina <\/li>\n<li><strong>Universidad:<\/strong>\u00a0 Rey juan carlos<\/li>\n<li><strong>Fecha de lectura de la tesis:<\/strong>\u00a0 13\/02\/2004<\/li>\n<\/ul>\n<p>&nbsp;<\/p>\n<h3>Direcci\u00f3n y tribunal<\/h3>\n<ul>\n<li><strong>Director de la tesis<\/strong>\n<ul>\n<li>Antonio  Vicente Sempere Navarro<\/li>\n<\/ul>\n<\/li>\n<li><strong>Tribunal<\/strong>\n<ul>\n<li>Presidente del tribunal: Jos\u00e9 ignacio Garcia ninet <\/li>\n<li>Miguel Cardenal carro (vocal)<\/li>\n<li>Jos\u00e9 Lujan alcaraz (vocal)<\/li>\n<li>carmen Sanchez trigueros (vocal)<\/li>\n<\/ul>\n<\/li>\n<\/ul>\n<p>&nbsp;<\/p>\n","protected":false},"excerpt":{"rendered":"<p>Tesis doctoral de Ayala Del Pino Cristina Se analiza en esta tesis todo el regimen jur\u00eddico de la relaci\u00f3n laboral [&hellip;]<\/p>\n","protected":false},"author":1,"featured_media":0,"comment_status":"open","ping_status":"open","sticky":false,"template":"","format":"standard","meta":{"site-sidebar-layout":"default","site-content-layout":"","ast-site-content-layout":"","site-content-style":"default","site-sidebar-style":"default","ast-global-header-display":"","ast-banner-title-visibility":"","ast-main-header-display":"","ast-hfb-above-header-display":"","ast-hfb-below-header-display":"","ast-hfb-mobile-header-display":"","site-post-title":"","ast-breadcrumbs-content":"","ast-featured-img":"","footer-sml-layout":"","theme-transparent-header-meta":"","adv-header-id-meta":"","stick-header-meta":"","header-above-stick-meta":"","header-main-stick-meta":"","header-below-stick-meta":"","astra-migrate-meta-layouts":"default","ast-page-background-enabled":"default","ast-page-background-meta":{"desktop":{"background-color":"var(--ast-global-color-4)","background-image":"","background-repeat":"repeat","background-position":"center center","background-size":"auto","background-attachment":"scroll","background-type":"","background-media":"","overlay-type":"","overlay-color":"","overlay-gradient":""},"tablet":{"background-color":"","background-image":"","background-repeat":"repeat","background-position":"center center","background-size":"auto","background-attachment":"scroll","background-type":"","background-media":"","overlay-type":"","overlay-color":"","overlay-gradient":""},"mobile":{"background-color":"","background-image":"","background-repeat":"repeat","background-position":"center center","background-size":"auto","background-attachment":"scroll","background-type":"","background-media":"","overlay-type":"","overlay-color":"","overlay-gradient":""}},"ast-content-background-meta":{"desktop":{"background-color":"var(--ast-global-color-5)","background-image":"","background-repeat":"repeat","background-position":"center center","background-size":"auto","background-attachment":"scroll","background-type":"","background-media":"","overlay-type":"","overlay-color":"","overlay-gradient":""},"tablet":{"background-color":"var(--ast-global-color-5)","background-image":"","background-repeat":"repeat","background-position":"center center","background-size":"auto","background-attachment":"scroll","background-type":"","background-media":"","overlay-type":"","overlay-color":"","overlay-gradient":""},"mobile":{"background-color":"var(--ast-global-color-5)","background-image":"","background-repeat":"repeat","background-position":"center center","background-size":"auto","background-attachment":"scroll","background-type":"","background-media":"","overlay-type":"","overlay-color":"","overlay-gradient":""}},"footnotes":""},"categories":[36610],"tags":[24532,81551,65264,26862,46085,32067],"class_list":["post-28687","post","type-post","status-publish","format-standard","hentry","category-rey-juan-carlos","tag-antonio-vicente-sempere-navarro","tag-ayala-del-pino-cristina","tag-carmen-sanchez-trigueros","tag-jose-ignacio-garcia-ninet","tag-jose-lujan-alcaraz","tag-miguel-cardenal-carro"],"_links":{"self":[{"href":"https:\/\/www.deberes.net\/tesis\/wp-json\/wp\/v2\/posts\/28687","targetHints":{"allow":["GET"]}}],"collection":[{"href":"https:\/\/www.deberes.net\/tesis\/wp-json\/wp\/v2\/posts"}],"about":[{"href":"https:\/\/www.deberes.net\/tesis\/wp-json\/wp\/v2\/types\/post"}],"author":[{"embeddable":true,"href":"https:\/\/www.deberes.net\/tesis\/wp-json\/wp\/v2\/users\/1"}],"replies":[{"embeddable":true,"href":"https:\/\/www.deberes.net\/tesis\/wp-json\/wp\/v2\/comments?post=28687"}],"version-history":[{"count":0,"href":"https:\/\/www.deberes.net\/tesis\/wp-json\/wp\/v2\/posts\/28687\/revisions"}],"wp:attachment":[{"href":"https:\/\/www.deberes.net\/tesis\/wp-json\/wp\/v2\/media?parent=28687"}],"wp:term":[{"taxonomy":"category","embeddable":true,"href":"https:\/\/www.deberes.net\/tesis\/wp-json\/wp\/v2\/categories?post=28687"},{"taxonomy":"post_tag","embeddable":true,"href":"https:\/\/www.deberes.net\/tesis\/wp-json\/wp\/v2\/tags?post=28687"}],"curies":[{"name":"wp","href":"https:\/\/api.w.org\/{rel}","templated":true}]}}