{"id":28699,"date":"2018-03-09T09:21:30","date_gmt":"2018-03-09T09:21:30","guid":{"rendered":"https:\/\/www.deberes.net\/tesis\/sin-categoria\/el-instituto-valenciano-de-arte-moderno-un-modelo-de-nuevo-museo-en-el-estado-de-las-autonoma%c2%adas\/"},"modified":"2018-03-09T09:21:30","modified_gmt":"2018-03-09T09:21:30","slug":"el-instituto-valenciano-de-arte-moderno-un-modelo-de-nuevo-museo-en-el-estado-de-las-autonoma%c2%adas","status":"publish","type":"post","link":"https:\/\/www.deberes.net\/tesis\/politecnica-de-valencia\/el-instituto-valenciano-de-arte-moderno-un-modelo-de-nuevo-museo-en-el-estado-de-las-autonoma%c2%adas\/","title":{"rendered":"El instituto Valenciano de arte moderno, un modelo de nuevo museo en el estado de las autonom\u00edas"},"content":{"rendered":"<h2>Tesis doctoral de <strong>  Clemente Marco Jos\u00e9 Luis <\/strong><\/h2>\n<p>El objetivo de la tesis, consiste en una investigaci\u00f3n sobre la evoluci\u00f3n del ivam desde la puesta en marcha de su proyecto museol\u00f3gico en 1985 hasta el a\u00f1o 2002. La hip\u00f3tesis que propone esta tesis consiste en demostrar de qu\u00e9 modo el ivam ha servido de matriz de otros museos surgidos con posterioridad a lo largo de los a\u00f1os noventa, sujetos al desarrollo del autogobierno de las diferentes comunidades auton\u00f3micas que conforman el estado espa\u00f1ol.  el ivam fue el pirmer museo nacido, al amparo de las leyes de transferencia auton\u00f3mica, creando un nuevo modelo instituci\u00f3n muse\u00edstica en la periferia. a partir de un an\u00e1lisis, en el que contemplamos los antecedentes de museos dedicados al arte moderno y contempor\u00e1neos en espa\u00f1a, nos detenemos en una observaci\u00f3n pormenorizada de los distintos cap\u00edtulos que conformaron el proyecto museol\u00f3gico del ivam. Posteriormente, abordamos un estudio de otros centros y museos de arte contempor\u00e1neo en espa\u00f1a, semejantes al ivam, para establecer las comparaciones pertinentes, con las que observar los rasgos distintivos y semejanzas entre todos ellos.<\/p>\n<p>&nbsp;<\/p>\n<h3>Datos acad\u00e9micos de la tesis doctoral \u00ab<strong>El instituto Valenciano de arte moderno, un modelo de nuevo museo en el estado de las autonom\u00edas<\/strong>\u00ab<\/h3>\n<ul>\n<li><strong>T\u00edtulo de la tesis:<\/strong>\u00a0 El instituto Valenciano de arte moderno, un modelo de nuevo museo en el estado de las autonom\u00edas <\/li>\n<li><strong>Autor:<\/strong>\u00a0  Clemente Marco Jos\u00e9 Luis <\/li>\n<li><strong>Universidad:<\/strong>\u00a0 Polit\u00e9cnica de Valencia<\/li>\n<li><strong>Fecha de lectura de la tesis:<\/strong>\u00a0 16\/02\/2004<\/li>\n<\/ul>\n<p>&nbsp;<\/p>\n<h3>Direcci\u00f3n y tribunal<\/h3>\n<ul>\n<li><strong>Director de la tesis<\/strong>\n<ul>\n<li> Calle De La Calle Rom\u00e1n De La<\/li>\n<\/ul>\n<\/li>\n<li><strong>Tribunal<\/strong>\n<ul>\n<li>Presidente del tribunal: Juan Llaver\u00eda arasa <\/li>\n<li> Beguiristain alcorta m. teresa (vocal)<\/li>\n<li>Juan  bautista Peiro lopez (vocal)<\/li>\n<li>consuelo Matesanz p\u00e9rez (vocal)<\/li>\n<\/ul>\n<\/li>\n<\/ul>\n<p>&nbsp;<\/p>\n","protected":false},"excerpt":{"rendered":"<p>Tesis doctoral de Clemente Marco Jos\u00e9 Luis El objetivo de la tesis, consiste en una investigaci\u00f3n sobre la evoluci\u00f3n del [&hellip;]<\/p>\n","protected":false},"author":1,"featured_media":0,"comment_status":"open","ping_status":"open","sticky":false,"template":"","format":"standard","meta":{"site-sidebar-layout":"default","site-content-layout":"","ast-site-content-layout":"","site-content-style":"default","site-sidebar-style":"default","ast-global-header-display":"","ast-banner-title-visibility":"","ast-main-header-display":"","ast-hfb-above-header-display":"","ast-hfb-below-header-display":"","ast-hfb-mobile-header-display":"","site-post-title":"","ast-breadcrumbs-content":"","ast-featured-img":"","footer-sml-layout":"","theme-transparent-header-meta":"","adv-header-id-meta":"","stick-header-meta":"","header-above-stick-meta":"","header-main-stick-meta":"","header-below-stick-meta":"","astra-migrate-meta-layouts":"default","ast-page-background-enabled":"default","ast-page-background-meta":{"desktop":{"background-color":"var(--ast-global-color-4)","background-image":"","background-repeat":"repeat","background-position":"center center","background-size":"auto","background-attachment":"scroll","background-type":"","background-media":"","overlay-type":"","overlay-color":"","overlay-gradient":""},"tablet":{"background-color":"","background-image":"","background-repeat":"repeat","background-position":"center center","background-size":"auto","background-attachment":"scroll","background-type":"","background-media":"","overlay-type":"","overlay-color":"","overlay-gradient":""},"mobile":{"background-color":"","background-image":"","background-repeat":"repeat","background-position":"center center","background-size":"auto","background-attachment":"scroll","background-type":"","background-media":"","overlay-type":"","overlay-color":"","overlay-gradient":""}},"ast-content-background-meta":{"desktop":{"background-color":"var(--ast-global-color-5)","background-image":"","background-repeat":"repeat","background-position":"center center","background-size":"auto","background-attachment":"scroll","background-type":"","background-media":"","overlay-type":"","overlay-color":"","overlay-gradient":""},"tablet":{"background-color":"var(--ast-global-color-5)","background-image":"","background-repeat":"repeat","background-position":"center center","background-size":"auto","background-attachment":"scroll","background-type":"","background-media":"","overlay-type":"","overlay-color":"","overlay-gradient":""},"mobile":{"background-color":"var(--ast-global-color-5)","background-image":"","background-repeat":"repeat","background-position":"center center","background-size":"auto","background-attachment":"scroll","background-type":"","background-media":"","overlay-type":"","overlay-color":"","overlay-gradient":""}},"footnotes":""},"categories":[16820],"tags":[16841,12046,81581,13399,31393,31232],"class_list":["post-28699","post","type-post","status-publish","format-standard","hentry","category-politecnica-de-valencia","tag-beguiristain-alcorta-m-teresa","tag-calle-de-la-calle-roman-de-la","tag-clemente-marco-jose-luis","tag-consuelo-matesanz-perez","tag-juan-bautista-peiro-lopez","tag-juan-llaveria-arasa"],"_links":{"self":[{"href":"https:\/\/www.deberes.net\/tesis\/wp-json\/wp\/v2\/posts\/28699","targetHints":{"allow":["GET"]}}],"collection":[{"href":"https:\/\/www.deberes.net\/tesis\/wp-json\/wp\/v2\/posts"}],"about":[{"href":"https:\/\/www.deberes.net\/tesis\/wp-json\/wp\/v2\/types\/post"}],"author":[{"embeddable":true,"href":"https:\/\/www.deberes.net\/tesis\/wp-json\/wp\/v2\/users\/1"}],"replies":[{"embeddable":true,"href":"https:\/\/www.deberes.net\/tesis\/wp-json\/wp\/v2\/comments?post=28699"}],"version-history":[{"count":0,"href":"https:\/\/www.deberes.net\/tesis\/wp-json\/wp\/v2\/posts\/28699\/revisions"}],"wp:attachment":[{"href":"https:\/\/www.deberes.net\/tesis\/wp-json\/wp\/v2\/media?parent=28699"}],"wp:term":[{"taxonomy":"category","embeddable":true,"href":"https:\/\/www.deberes.net\/tesis\/wp-json\/wp\/v2\/categories?post=28699"},{"taxonomy":"post_tag","embeddable":true,"href":"https:\/\/www.deberes.net\/tesis\/wp-json\/wp\/v2\/tags?post=28699"}],"curies":[{"name":"wp","href":"https:\/\/api.w.org\/{rel}","templated":true}]}}