{"id":28712,"date":"2018-03-09T09:21:32","date_gmt":"2018-03-09T09:21:32","guid":{"rendered":"https:\/\/www.deberes.net\/tesis\/sin-categoria\/factores-asociados-a-la-utilizacion-de-servicios-en-adultos-jovenes-con-sa%c2%adntomas-respiratorios-e-hiperreactividad-bronquial\/"},"modified":"2018-03-09T09:21:32","modified_gmt":"2018-03-09T09:21:32","slug":"factores-asociados-a-la-utilizacion-de-servicios-en-adultos-jovenes-con-sa%c2%adntomas-respiratorios-e-hiperreactividad-bronquial","status":"publish","type":"post","link":"https:\/\/www.deberes.net\/tesis\/sin-categoria\/factores-asociados-a-la-utilizacion-de-servicios-en-adultos-jovenes-con-sa%c2%adntomas-respiratorios-e-hiperreactividad-bronquial\/","title":{"rendered":"Factores asociados a la utilizaci\u00f3n de servicios en adultos j\u00f3venes con s\u00edntomas respiratorios e hiperreactividad bronquial"},"content":{"rendered":"<h2>Tesis doctoral de <strong> Enrique Almar Marques <\/strong><\/h2>\n<p>El asma es una enfermedad de elevada preValencia en todos los grupos de edad y sexo. En las \u00faltimas d\u00e9cadas se ha producido un fuerte incremento en las tasas de mortalidad en muchos pa\u00edses, pese a ser una enfermedad para la que existe un tratamiento m\u00e9dico eficaz.  el estudio europeo del asma (ecrhs), surgi\u00f3 para identificar mediante un mismo protocolo y metodolog\u00eda, entre otros aspectos, las variaciones del tratamiento en europa. Partiendo de los datos de tratamiento en cinco \u00e1reas espa\u00f1olas, albacete, barcelona, galdakao, oviedo y huelva.  en este trabajo se pretende describir el tipo de tratamiento que siguen los individuos del estudio seg\u00fan los s\u00edntomas respiratorios que presentan, seg\u00fan el grado de hiperrespuesta bronquial (hrb); valorar la adecuaci\u00f3n terap\u00e9utica, y la adherencia al tratamiento en los individuos identificados como asm\u00e1ticos: identificar los factores asociados a seguir tratamiento para el asma: describir la variaci\u00f3n en la utilizaci\u00f3n de servicios m\u00e9dicos por problemas respiratorios, en la poblaci\u00f3n general, en los individuos que presentan s\u00edntomas de asma, y en los individuos identificados como asm\u00e1ticos; identificar los factores asociados a la utilizaci\u00f3n de servicios m\u00e9dicos pro problemas respiratorios.  se concluye que m\u00e1s de un tercio, el 37% de los individuos identificados como asm\u00e1ticos (hrb y s\u00edntomas), no lleva ning\u00fan tipo de tratamiento. El tratamiento para el asma, que se adapta a las recomendaciones propuestas por \u00abla iniciativa global para el diagn\u00f3stico y tratamiento del asma\u00bb (gina), para esos a\u00f1os, no alcanza ni tan siquiera al 50% de los individuos con hrb y dos o m\u00e1s s\u00edntomas relacionados con asma. M\u00e1s del 50% de los sujetos identificados como asm\u00e1ticos en el estudio, no reconoce que padece ni que hubiese padecido esta enfermedad, no ha sido diagn\u00f3sticado como asm\u00e1tico, y no lleva tratamiento para el asma. Un 60% de sujetos asm\u00e1ticos, con problemas respiratorios,<\/p>\n<p>&nbsp;<\/p>\n<h3>Datos acad\u00e9micos de la tesis doctoral \u00ab<strong>Factores asociados a la utilizaci\u00f3n de servicios en adultos j\u00f3venes con s\u00edntomas respiratorios e hiperreactividad bronquial<\/strong>\u00ab<\/h3>\n<ul>\n<li><strong>T\u00edtulo de la tesis:<\/strong>\u00a0 Factores asociados a la utilizaci\u00f3n de servicios en adultos j\u00f3venes con s\u00edntomas respiratorios e hiperreactividad bronquial <\/li>\n<li><strong>Autor:<\/strong>\u00a0 Enrique Almar Marques <\/li>\n<li><strong>Universidad:<\/strong>\u00a0 Aut\u00f3noma de Madrid<\/li>\n<li><strong>Fecha de lectura de la tesis:<\/strong>\u00a0 17\/02\/2004<\/li>\n<\/ul>\n<p>&nbsp;<\/p>\n<h3>Direcci\u00f3n y tribunal<\/h3>\n<ul>\n<li><strong>Director de la tesis<\/strong>\n<ul>\n<li>Angel Antonio Otero Puime<\/li>\n<\/ul>\n<\/li>\n<li><strong>Tribunal<\/strong>\n<ul>\n<li>Presidente del tribunal: rafael Herruzo cabrera <\/li>\n<li>carmen Navarro s\u00e1nchez (vocal)<\/li>\n<li>carmen Garc\u00eda colmeriero (vocal)<\/li>\n<li>pilar Pueyo sub\u00edas (vocal)<\/li>\n<\/ul>\n<\/li>\n<\/ul>\n<p>&nbsp;<\/p>\n","protected":false},"excerpt":{"rendered":"<p>Tesis doctoral de Enrique Almar Marques El asma es una enfermedad de elevada preValencia en todos los grupos de edad [&hellip;]<\/p>\n","protected":false},"author":1,"featured_media":0,"comment_status":"open","ping_status":"open","sticky":false,"template":"","format":"standard","meta":{"site-sidebar-layout":"default","site-content-layout":"","ast-site-content-layout":"","site-content-style":"default","site-sidebar-style":"default","ast-global-header-display":"","ast-banner-title-visibility":"","ast-main-header-display":"","ast-hfb-above-header-display":"","ast-hfb-below-header-display":"","ast-hfb-mobile-header-display":"","site-post-title":"","ast-breadcrumbs-content":"","ast-featured-img":"","footer-sml-layout":"","theme-transparent-header-meta":"","adv-header-id-meta":"","stick-header-meta":"","header-above-stick-meta":"","header-main-stick-meta":"","header-below-stick-meta":"","astra-migrate-meta-layouts":"default","ast-page-background-enabled":"default","ast-page-background-meta":{"desktop":{"background-color":"var(--ast-global-color-4)","background-image":"","background-repeat":"repeat","background-position":"center center","background-size":"auto","background-attachment":"scroll","background-type":"","background-media":"","overlay-type":"","overlay-color":"","overlay-gradient":""},"tablet":{"background-color":"","background-image":"","background-repeat":"repeat","background-position":"center center","background-size":"auto","background-attachment":"scroll","background-type":"","background-media":"","overlay-type":"","overlay-color":"","overlay-gradient":""},"mobile":{"background-color":"","background-image":"","background-repeat":"repeat","background-position":"center center","background-size":"auto","background-attachment":"scroll","background-type":"","background-media":"","overlay-type":"","overlay-color":"","overlay-gradient":""}},"ast-content-background-meta":{"desktop":{"background-color":"var(--ast-global-color-5)","background-image":"","background-repeat":"repeat","background-position":"center center","background-size":"auto","background-attachment":"scroll","background-type":"","background-media":"","overlay-type":"","overlay-color":"","overlay-gradient":""},"tablet":{"background-color":"var(--ast-global-color-5)","background-image":"","background-repeat":"repeat","background-position":"center center","background-size":"auto","background-attachment":"scroll","background-type":"","background-media":"","overlay-type":"","overlay-color":"","overlay-gradient":""},"mobile":{"background-color":"var(--ast-global-color-5)","background-image":"","background-repeat":"repeat","background-position":"center center","background-size":"auto","background-attachment":"scroll","background-type":"","background-media":"","overlay-type":"","overlay-color":"","overlay-gradient":""}},"footnotes":""},"categories":[1],"tags":[15254,81609,81608,81607,81610,8545],"class_list":["post-28712","post","type-post","status-publish","format-standard","hentry","category-sin-categoria","tag-angel-antonio-otero-puime","tag-carmen-garcia-colmeriero","tag-carmen-navarro-sanchez","tag-enrique-almar-marques","tag-pilar-pueyo-subias","tag-rafael-herruzo-cabrera"],"_links":{"self":[{"href":"https:\/\/www.deberes.net\/tesis\/wp-json\/wp\/v2\/posts\/28712","targetHints":{"allow":["GET"]}}],"collection":[{"href":"https:\/\/www.deberes.net\/tesis\/wp-json\/wp\/v2\/posts"}],"about":[{"href":"https:\/\/www.deberes.net\/tesis\/wp-json\/wp\/v2\/types\/post"}],"author":[{"embeddable":true,"href":"https:\/\/www.deberes.net\/tesis\/wp-json\/wp\/v2\/users\/1"}],"replies":[{"embeddable":true,"href":"https:\/\/www.deberes.net\/tesis\/wp-json\/wp\/v2\/comments?post=28712"}],"version-history":[{"count":0,"href":"https:\/\/www.deberes.net\/tesis\/wp-json\/wp\/v2\/posts\/28712\/revisions"}],"wp:attachment":[{"href":"https:\/\/www.deberes.net\/tesis\/wp-json\/wp\/v2\/media?parent=28712"}],"wp:term":[{"taxonomy":"category","embeddable":true,"href":"https:\/\/www.deberes.net\/tesis\/wp-json\/wp\/v2\/categories?post=28712"},{"taxonomy":"post_tag","embeddable":true,"href":"https:\/\/www.deberes.net\/tesis\/wp-json\/wp\/v2\/tags?post=28712"}],"curies":[{"name":"wp","href":"https:\/\/api.w.org\/{rel}","templated":true}]}}