{"id":28748,"date":"2018-03-09T09:21:35","date_gmt":"2018-03-09T09:21:35","guid":{"rendered":"https:\/\/www.deberes.net\/tesis\/sin-categoria\/papel-de-la-metilacion-del-adn-en-la-activacion-inicial-de-genes-hematopoieticos-y-musculares\/"},"modified":"2018-03-09T09:21:35","modified_gmt":"2018-03-09T09:21:35","slug":"papel-de-la-metilacion-del-adn-en-la-activacion-inicial-de-genes-hematopoieticos-y-musculares","status":"publish","type":"post","link":"https:\/\/www.deberes.net\/tesis\/sin-categoria\/papel-de-la-metilacion-del-adn-en-la-activacion-inicial-de-genes-hematopoieticos-y-musculares\/","title":{"rendered":"Papel de la metilaci\u00f3n del adn en la activaci\u00f3n inicial de genes hematopoi\u00e9ticos y musculares"},"content":{"rendered":"<h2>Tesis doctoral de <strong> Daniela Palacios Garc\u00eda <\/strong><\/h2>\n<p>La metilaci\u00f3n de citosinas en dinucle\u00f3tidos cpg es la principal modificaci\u00f3n epigen\u00e9tica en mam\u00edferos. El objetivo general de esta tesis fue estudiar el papel que juega esta modificaci\u00f3n en la activaci\u00f3n inicial de genes durante el desarrollo. Para ello utilizamos como modelo la activaci\u00f3n de genes espec\u00edficos de sangre en c\u00e9lulas madre hematopoi\u00e9ticas (hsc) y la expresi\u00f3n de miogenina durante el desarrollo en rat\u00f3n. Con excepci\u00f3n de las islas cpg, el adn en c\u00e9lulas som\u00e1ticas est\u00e1 altamente metilado. Sin embargo, hasta el momento no se conoce el estado basal desde el cual se activan regiones con una densidad baja de cpgs en c\u00e9lulas madre. Mediante secuenciaci\u00f3n gen\u00f3mica tras el tratamiento con bisulfito s\u00f3dico hemos demostrado que varias regiones reguladoras de genes hematopoi\u00e9ticos se activan simult\u00e1neamente desde un estado desmetilado en el menos una subpoblaci\u00f3n de hsc. Por el contrario, el promotor del gen espec\u00edfico de m\u00fasculo miogenina se encuentra completamente metilado en casi todos los clones analizados, aunque en un 8% de ellos los tres cpgs alrededor de los sitios de uni\u00f3n de factores de transcripci\u00f3n se encuentran sin modificar.Sin embargo, no hemos detectado expresi\u00f3n de miogenina en hsc. Durante el desarrollo en rat\u00f3n el promotor de miogenina se encuentra generalmente metilado en somitas posteriores de embriones de e9.5 (que todav\u00eda no expresan el gen), y se desmetila en las somitas m\u00e1s anteriores. La desmetilaci\u00f3n de los tres cpgs alrededor de los sitios de uni\u00f3n de factores de transcripci\u00f3n es completa en m\u00fasculo esquel\u00e9tico de ratones neonatos. Dicha desmetilaci\u00f3n parece ser previa a la activaci\u00f3n del gen, ya que el n\u00famero de clones sin modificar en somitas anteriroes es mayor al n\u00famero de c\u00e9lulas que expresan migoenina. El promotor de miogenina es hipersensible a nucleasas en c\u00e9lulas musculares c2c12 diferenciadas, y no se requiere la uni\u00f3n del factor myf5 es necesario para la exp<\/p>\n<p>&nbsp;<\/p>\n<h3>Datos acad\u00e9micos de la tesis doctoral \u00ab<strong>Papel de la metilaci\u00f3n del adn en la activaci\u00f3n inicial de genes hematopoi\u00e9ticos y musculares<\/strong>\u00ab<\/h3>\n<ul>\n<li><strong>T\u00edtulo de la tesis:<\/strong>\u00a0 Papel de la metilaci\u00f3n del adn en la activaci\u00f3n inicial de genes hematopoi\u00e9ticos y musculares <\/li>\n<li><strong>Autor:<\/strong>\u00a0 Daniela Palacios Garc\u00eda <\/li>\n<li><strong>Universidad:<\/strong>\u00a0 Aut\u00f3noma de Madrid<\/li>\n<li><strong>Fecha de lectura de la tesis:<\/strong>\u00a0 19\/02\/2004<\/li>\n<\/ul>\n<p>&nbsp;<\/p>\n<h3>Direcci\u00f3n y tribunal<\/h3>\n<ul>\n<li><strong>Director de la tesis<\/strong>\n<ul>\n<li>Joan Boyes<\/li>\n<\/ul>\n<\/li>\n<li><strong>Tribunal<\/strong>\n<ul>\n<li>Presidente del tribunal: amparo Cano garcia <\/li>\n<li>Javier Rey campos (vocal)<\/li>\n<li>Francisco Antequera marquez (vocal)<\/li>\n<li>gregorio angel Santos montes (vocal)<\/li>\n<\/ul>\n<\/li>\n<\/ul>\n<p>&nbsp;<\/p>\n","protected":false},"excerpt":{"rendered":"<p>Tesis doctoral de Daniela Palacios Garc\u00eda La metilaci\u00f3n de citosinas en dinucle\u00f3tidos cpg es la principal modificaci\u00f3n epigen\u00e9tica en mam\u00edferos. [&hellip;]<\/p>\n","protected":false},"author":1,"featured_media":0,"comment_status":"open","ping_status":"open","sticky":false,"template":"","format":"standard","meta":{"site-sidebar-layout":"default","site-content-layout":"","ast-site-content-layout":"","site-content-style":"default","site-sidebar-style":"default","ast-global-header-display":"","ast-banner-title-visibility":"","ast-main-header-display":"","ast-hfb-above-header-display":"","ast-hfb-below-header-display":"","ast-hfb-mobile-header-display":"","site-post-title":"","ast-breadcrumbs-content":"","ast-featured-img":"","footer-sml-layout":"","theme-transparent-header-meta":"","adv-header-id-meta":"","stick-header-meta":"","header-above-stick-meta":"","header-main-stick-meta":"","header-below-stick-meta":"","astra-migrate-meta-layouts":"default","ast-page-background-enabled":"default","ast-page-background-meta":{"desktop":{"background-color":"var(--ast-global-color-4)","background-image":"","background-repeat":"repeat","background-position":"center center","background-size":"auto","background-attachment":"scroll","background-type":"","background-media":"","overlay-type":"","overlay-color":"","overlay-gradient":""},"tablet":{"background-color":"","background-image":"","background-repeat":"repeat","background-position":"center center","background-size":"auto","background-attachment":"scroll","background-type":"","background-media":"","overlay-type":"","overlay-color":"","overlay-gradient":""},"mobile":{"background-color":"","background-image":"","background-repeat":"repeat","background-position":"center center","background-size":"auto","background-attachment":"scroll","background-type":"","background-media":"","overlay-type":"","overlay-color":"","overlay-gradient":""}},"ast-content-background-meta":{"desktop":{"background-color":"var(--ast-global-color-5)","background-image":"","background-repeat":"repeat","background-position":"center center","background-size":"auto","background-attachment":"scroll","background-type":"","background-media":"","overlay-type":"","overlay-color":"","overlay-gradient":""},"tablet":{"background-color":"var(--ast-global-color-5)","background-image":"","background-repeat":"repeat","background-position":"center center","background-size":"auto","background-attachment":"scroll","background-type":"","background-media":"","overlay-type":"","overlay-color":"","overlay-gradient":""},"mobile":{"background-color":"var(--ast-global-color-5)","background-image":"","background-repeat":"repeat","background-position":"center center","background-size":"auto","background-attachment":"scroll","background-type":"","background-media":"","overlay-type":"","overlay-color":"","overlay-gradient":""}},"footnotes":""},"categories":[1],"tags":[24375,81700,50068,76090,14481,81701],"class_list":["post-28748","post","type-post","status-publish","format-standard","hentry","category-sin-categoria","tag-amparo-cano-garcia","tag-daniela-palacios-garcia","tag-francisco-antequera-marquez","tag-gregorio-angel-santos-montes","tag-javier-rey-campos","tag-joan-boyes"],"_links":{"self":[{"href":"https:\/\/www.deberes.net\/tesis\/wp-json\/wp\/v2\/posts\/28748","targetHints":{"allow":["GET"]}}],"collection":[{"href":"https:\/\/www.deberes.net\/tesis\/wp-json\/wp\/v2\/posts"}],"about":[{"href":"https:\/\/www.deberes.net\/tesis\/wp-json\/wp\/v2\/types\/post"}],"author":[{"embeddable":true,"href":"https:\/\/www.deberes.net\/tesis\/wp-json\/wp\/v2\/users\/1"}],"replies":[{"embeddable":true,"href":"https:\/\/www.deberes.net\/tesis\/wp-json\/wp\/v2\/comments?post=28748"}],"version-history":[{"count":0,"href":"https:\/\/www.deberes.net\/tesis\/wp-json\/wp\/v2\/posts\/28748\/revisions"}],"wp:attachment":[{"href":"https:\/\/www.deberes.net\/tesis\/wp-json\/wp\/v2\/media?parent=28748"}],"wp:term":[{"taxonomy":"category","embeddable":true,"href":"https:\/\/www.deberes.net\/tesis\/wp-json\/wp\/v2\/categories?post=28748"},{"taxonomy":"post_tag","embeddable":true,"href":"https:\/\/www.deberes.net\/tesis\/wp-json\/wp\/v2\/tags?post=28748"}],"curies":[{"name":"wp","href":"https:\/\/api.w.org\/{rel}","templated":true}]}}