{"id":28751,"date":"2018-03-09T09:21:35","date_gmt":"2018-03-09T09:21:35","guid":{"rendered":"https:\/\/www.deberes.net\/tesis\/sin-categoria\/cuadernos-para-el-dialogo-1963-1976\/"},"modified":"2018-03-09T09:21:35","modified_gmt":"2018-03-09T09:21:35","slug":"cuadernos-para-el-dialogo-1963-1976","status":"publish","type":"post","link":"https:\/\/www.deberes.net\/tesis\/nacional-de-educacion-a-distancia\/cuadernos-para-el-dialogo-1963-1976\/","title":{"rendered":"Cuadernos para el di\u00e1logo (1963-1976)"},"content":{"rendered":"<h2>Tesis doctoral de <strong> Javier Mu\u00f1oz Soro <\/strong><\/h2>\n<p>La revista cuadernos para el di\u00e1logo durante su etapa mensual (1963-1976) ilustra varios fen\u00f3menos de \u00edndole pol\u00edtica, ideol\u00f3gica y cultural que caracterizaron la etapa final del franquismo y cuyas consecuencias resultaron a menudo decisivas para el \u00e9xito de la transici\u00f3n a la democracia. Su estudio plantea cuestiones historiogr\u00e1ficas de inter\u00e9s, como son la naturaleza pol\u00edtica del llamado \u00absegundo franquismo\u00bb, la efectividad de la oposici\u00f3n clandestina o el fracaso de una alternativa democristiana. Se ha llevado a cabo en tres niveles: un an\u00e1lisis de contenido, contextualizado, para reconstruir las culturas pol\u00edticas del antifranquismo y sus fuentes ideol\u00f3gicas; una investigaci\u00f3n sobre la censura y los informes oficiales sobre la revista, muestra a su vez de las divisiones provocadas dentro del r\u00e9gimen por la pol\u00edtica de informaci\u00f3n, y un seguimiento de la trayectoria pol\u00edtica individual y colectiva de sus redactores. Con una biograf\u00eda de su fundador, el ex ministro joaqu\u00edn ruiz-gim\u00e9nez, y una prosopograf\u00eda del grupo de j\u00f3venes universitarios que durante esos a\u00f1os evolucionaron hacia la democracia cristiana y el socialismo democr\u00e1tico, para acabar militando en las filas de la ucd y el psoe. La revista, nacida de la renovaci\u00f3n del mundo cat\u00f3lico impulsada por el papado de juan xxiii y el concilio vaticano ii, se convirti\u00f3 con el tiempo en una plataforma semitolera de la oposici\u00f3n, muy activa en la deslegitimaci\u00f3n de la dictadura y, junto a su editorial edicusa, en uno de los principales medios de difusi\u00f3n de la cultura progresista espa\u00f1ola.<\/p>\n<p>&nbsp;<\/p>\n<h3>Datos acad\u00e9micos de la tesis doctoral \u00ab<strong>Cuadernos para el di\u00e1logo (1963-1976)<\/strong>\u00ab<\/h3>\n<ul>\n<li><strong>T\u00edtulo de la tesis:<\/strong>\u00a0 Cuadernos para el di\u00e1logo (1963-1976) <\/li>\n<li><strong>Autor:<\/strong>\u00a0 Javier Mu\u00f1oz Soro <\/li>\n<li><strong>Universidad:<\/strong>\u00a0 Nacional de educaci\u00f3n a distancia<\/li>\n<li><strong>Fecha de lectura de la tesis:<\/strong>\u00a0 19\/02\/2004<\/li>\n<\/ul>\n<p>&nbsp;<\/p>\n<h3>Direcci\u00f3n y tribunal<\/h3>\n<ul>\n<li><strong>Director de la tesis<\/strong>\n<ul>\n<li>Abd\u00f3n Mateos L\u00f3pez<\/li>\n<\/ul>\n<\/li>\n<li><strong>Tribunal<\/strong>\n<ul>\n<li>Presidente del tribunal: jos\u00e9-carlos Mainer baqu\u00e9 <\/li>\n<li>feliciano Montero garcia (vocal)<\/li>\n<li>santos Juli\u00e1 d\u00edaz (vocal)<\/li>\n<li>Francisco Sevillano calero (vocal)<\/li>\n<\/ul>\n<\/li>\n<\/ul>\n<p>&nbsp;<\/p>\n","protected":false},"excerpt":{"rendered":"<p>Tesis doctoral de Javier Mu\u00f1oz Soro La revista cuadernos para el di\u00e1logo durante su etapa mensual (1963-1976) ilustra varios fen\u00f3menos [&hellip;]<\/p>\n","protected":false},"author":1,"featured_media":0,"comment_status":"open","ping_status":"open","sticky":false,"template":"","format":"standard","meta":{"site-sidebar-layout":"default","site-content-layout":"","ast-site-content-layout":"","site-content-style":"default","site-sidebar-style":"default","ast-global-header-display":"","ast-banner-title-visibility":"","ast-main-header-display":"","ast-hfb-above-header-display":"","ast-hfb-below-header-display":"","ast-hfb-mobile-header-display":"","site-post-title":"","ast-breadcrumbs-content":"","ast-featured-img":"","footer-sml-layout":"","theme-transparent-header-meta":"","adv-header-id-meta":"","stick-header-meta":"","header-above-stick-meta":"","header-main-stick-meta":"","header-below-stick-meta":"","astra-migrate-meta-layouts":"default","ast-page-background-enabled":"default","ast-page-background-meta":{"desktop":{"background-color":"var(--ast-global-color-4)","background-image":"","background-repeat":"repeat","background-position":"center center","background-size":"auto","background-attachment":"scroll","background-type":"","background-media":"","overlay-type":"","overlay-color":"","overlay-gradient":""},"tablet":{"background-color":"","background-image":"","background-repeat":"repeat","background-position":"center center","background-size":"auto","background-attachment":"scroll","background-type":"","background-media":"","overlay-type":"","overlay-color":"","overlay-gradient":""},"mobile":{"background-color":"","background-image":"","background-repeat":"repeat","background-position":"center center","background-size":"auto","background-attachment":"scroll","background-type":"","background-media":"","overlay-type":"","overlay-color":"","overlay-gradient":""}},"ast-content-background-meta":{"desktop":{"background-color":"var(--ast-global-color-5)","background-image":"","background-repeat":"repeat","background-position":"center center","background-size":"auto","background-attachment":"scroll","background-type":"","background-media":"","overlay-type":"","overlay-color":"","overlay-gradient":""},"tablet":{"background-color":"var(--ast-global-color-5)","background-image":"","background-repeat":"repeat","background-position":"center center","background-size":"auto","background-attachment":"scroll","background-type":"","background-media":"","overlay-type":"","overlay-color":"","overlay-gradient":""},"mobile":{"background-color":"var(--ast-global-color-5)","background-image":"","background-repeat":"repeat","background-position":"center center","background-size":"auto","background-attachment":"scroll","background-type":"","background-media":"","overlay-type":"","overlay-color":"","overlay-gradient":""}},"footnotes":""},"categories":[17070],"tags":[59365,6390,63096,81707,5033,7041],"class_list":["post-28751","post","type-post","status-publish","format-standard","hentry","category-nacional-de-educacion-a-distancia","tag-abdon-mateos-lopez","tag-feliciano-montero-garcia","tag-francisco-sevillano-calero","tag-javier-munoz-soro","tag-jose-carlos-mainer-baque","tag-santos-julia-diaz"],"_links":{"self":[{"href":"https:\/\/www.deberes.net\/tesis\/wp-json\/wp\/v2\/posts\/28751","targetHints":{"allow":["GET"]}}],"collection":[{"href":"https:\/\/www.deberes.net\/tesis\/wp-json\/wp\/v2\/posts"}],"about":[{"href":"https:\/\/www.deberes.net\/tesis\/wp-json\/wp\/v2\/types\/post"}],"author":[{"embeddable":true,"href":"https:\/\/www.deberes.net\/tesis\/wp-json\/wp\/v2\/users\/1"}],"replies":[{"embeddable":true,"href":"https:\/\/www.deberes.net\/tesis\/wp-json\/wp\/v2\/comments?post=28751"}],"version-history":[{"count":0,"href":"https:\/\/www.deberes.net\/tesis\/wp-json\/wp\/v2\/posts\/28751\/revisions"}],"wp:attachment":[{"href":"https:\/\/www.deberes.net\/tesis\/wp-json\/wp\/v2\/media?parent=28751"}],"wp:term":[{"taxonomy":"category","embeddable":true,"href":"https:\/\/www.deberes.net\/tesis\/wp-json\/wp\/v2\/categories?post=28751"},{"taxonomy":"post_tag","embeddable":true,"href":"https:\/\/www.deberes.net\/tesis\/wp-json\/wp\/v2\/tags?post=28751"}],"curies":[{"name":"wp","href":"https:\/\/api.w.org\/{rel}","templated":true}]}}