{"id":28792,"date":"2018-03-09T09:21:38","date_gmt":"2018-03-09T09:21:38","guid":{"rendered":"https:\/\/www.deberes.net\/tesis\/sin-categoria\/la-creatividad-y-la-experiencia-creadora-union-de-enfoques-y-aplicacion-dinamica\/"},"modified":"2018-03-09T09:21:38","modified_gmt":"2018-03-09T09:21:38","slug":"la-creatividad-y-la-experiencia-creadora-union-de-enfoques-y-aplicacion-dinamica","status":"publish","type":"post","link":"https:\/\/www.deberes.net\/tesis\/politecnica-de-valencia\/la-creatividad-y-la-experiencia-creadora-union-de-enfoques-y-aplicacion-dinamica\/","title":{"rendered":"La creatividad y la experiencia creadora. uni\u00f3n de enfoques y aplicaci\u00f3n din\u00e1mica"},"content":{"rendered":"<h2>Tesis doctoral de <strong>  Ch\u00e1vez Silva Eduardo Antonio <\/strong><\/h2>\n<p>Esta tesis doctoral, re\u00fane una serie de experiencias acumuladas durante m\u00e1s de veinte a\u00f1os de investigaic\u00f3n y experimentaci\u00f3n sobre la creatividad y su presencia en la vida de los seres humanos. De manera particular se plantea como objetivo, el dise\u00f1o de una metodolog\u00eda que favorezca el desarrollo creativo, y concretamente, de su aplicaci\u00f3n en el \u00e1mbito de la docencia, las artes y en distintas facetas del desarrollo social.  la metodolog\u00eda que presentamos, es el resultado del estudio y evaluaci\u00f3n de las teor\u00edas y fundamentos de algunos de los estudiosos m\u00e1s reconocidos en el tema, sirvi\u00e9ndose de la oportunidad de haber contactado directamente con ellos, as\u00ed como del empleo de la experiencia profesional y la pr\u00e1ctica docente.  como parte para ejemplificar el empleo y comprobar la efectividad de la propuesta que se concreta en la tesis, en primer lugar se la compara con la manera en que algunos artistas, de diferentes disciplinas abordan la creatividad, en su proceso creativo y en la educaci\u00f3n. Y a continuaci\u00f3n, se describen algunas experiencias realizadas con grupos de comunidades ind\u00edgenas con problemas de marginaci\u00f3n y un grupo de ciegos, as\u00ed como con pr\u00e1cticas de car\u00e1cter docente.  en el trabajo se incluyen im\u00e1genes de las experiencias llevada acabo, y dos anexos, uno con las entrevistas completas realizadas a los artistas que han colaborado, y otro, con los ensayos realizados por los estudiantes de postgrado.<\/p>\n<p>&nbsp;<\/p>\n<h3>Datos acad\u00e9micos de la tesis doctoral \u00ab<strong>La creatividad y la experiencia creadora. uni\u00f3n de enfoques y aplicaci\u00f3n din\u00e1mica<\/strong>\u00ab<\/h3>\n<ul>\n<li><strong>T\u00edtulo de la tesis:<\/strong>\u00a0 La creatividad y la experiencia creadora. uni\u00f3n de enfoques y aplicaci\u00f3n din\u00e1mica <\/li>\n<li><strong>Autor:<\/strong>\u00a0  Ch\u00e1vez Silva Eduardo Antonio <\/li>\n<li><strong>Universidad:<\/strong>\u00a0 Polit\u00e9cnica de Valencia<\/li>\n<li><strong>Fecha de lectura de la tesis:<\/strong>\u00a0 20\/02\/2004<\/li>\n<\/ul>\n<p>&nbsp;<\/p>\n<h3>Direcci\u00f3n y tribunal<\/h3>\n<ul>\n<li><strong>Director de la tesis<\/strong>\n<ul>\n<li>Carlos Plasencia Climent<\/li>\n<\/ul>\n<\/li>\n<li><strong>Tribunal<\/strong>\n<ul>\n<li>Presidente del tribunal:  Ara\u00f1\u00f3 gisbert Juan  Carlos <\/li>\n<li>Juan  bautista Peiro lopez (vocal)<\/li>\n<li>amalia Ortega rodas (vocal)<\/li>\n<li>constancio Collado jare\u00f1o (vocal)<\/li>\n<\/ul>\n<\/li>\n<\/ul>\n<p>&nbsp;<\/p>\n","protected":false},"excerpt":{"rendered":"<p>Tesis doctoral de Ch\u00e1vez Silva Eduardo Antonio Esta tesis doctoral, re\u00fane una serie de experiencias acumuladas durante m\u00e1s de veinte [&hellip;]<\/p>\n","protected":false},"author":1,"featured_media":0,"comment_status":"open","ping_status":"open","sticky":false,"template":"","format":"standard","meta":{"site-sidebar-layout":"default","site-content-layout":"","ast-site-content-layout":"","site-content-style":"default","site-sidebar-style":"default","ast-global-header-display":"","ast-banner-title-visibility":"","ast-main-header-display":"","ast-hfb-above-header-display":"","ast-hfb-below-header-display":"","ast-hfb-mobile-header-display":"","site-post-title":"","ast-breadcrumbs-content":"","ast-featured-img":"","footer-sml-layout":"","theme-transparent-header-meta":"","adv-header-id-meta":"","stick-header-meta":"","header-above-stick-meta":"","header-main-stick-meta":"","header-below-stick-meta":"","astra-migrate-meta-layouts":"default","ast-page-background-enabled":"default","ast-page-background-meta":{"desktop":{"background-color":"var(--ast-global-color-4)","background-image":"","background-repeat":"repeat","background-position":"center center","background-size":"auto","background-attachment":"scroll","background-type":"","background-media":"","overlay-type":"","overlay-color":"","overlay-gradient":""},"tablet":{"background-color":"","background-image":"","background-repeat":"repeat","background-position":"center center","background-size":"auto","background-attachment":"scroll","background-type":"","background-media":"","overlay-type":"","overlay-color":"","overlay-gradient":""},"mobile":{"background-color":"","background-image":"","background-repeat":"repeat","background-position":"center center","background-size":"auto","background-attachment":"scroll","background-type":"","background-media":"","overlay-type":"","overlay-color":"","overlay-gradient":""}},"ast-content-background-meta":{"desktop":{"background-color":"var(--ast-global-color-5)","background-image":"","background-repeat":"repeat","background-position":"center center","background-size":"auto","background-attachment":"scroll","background-type":"","background-media":"","overlay-type":"","overlay-color":"","overlay-gradient":""},"tablet":{"background-color":"var(--ast-global-color-5)","background-image":"","background-repeat":"repeat","background-position":"center center","background-size":"auto","background-attachment":"scroll","background-type":"","background-media":"","overlay-type":"","overlay-color":"","overlay-gradient":""},"mobile":{"background-color":"var(--ast-global-color-5)","background-image":"","background-repeat":"repeat","background-position":"center center","background-size":"auto","background-attachment":"scroll","background-type":"","background-media":"","overlay-type":"","overlay-color":"","overlay-gradient":""}},"footnotes":""},"categories":[16820],"tags":[11164,4105,31219,81795,67668,31393],"class_list":["post-28792","post","type-post","status-publish","format-standard","hentry","category-politecnica-de-valencia","tag-amalia-ortega-rodas","tag-arano-gisbert-juan-carlos","tag-carlos-plasencia-climent","tag-chavez-silva-eduardo-antonio","tag-constancio-collado-jareno","tag-juan-bautista-peiro-lopez"],"_links":{"self":[{"href":"https:\/\/www.deberes.net\/tesis\/wp-json\/wp\/v2\/posts\/28792","targetHints":{"allow":["GET"]}}],"collection":[{"href":"https:\/\/www.deberes.net\/tesis\/wp-json\/wp\/v2\/posts"}],"about":[{"href":"https:\/\/www.deberes.net\/tesis\/wp-json\/wp\/v2\/types\/post"}],"author":[{"embeddable":true,"href":"https:\/\/www.deberes.net\/tesis\/wp-json\/wp\/v2\/users\/1"}],"replies":[{"embeddable":true,"href":"https:\/\/www.deberes.net\/tesis\/wp-json\/wp\/v2\/comments?post=28792"}],"version-history":[{"count":0,"href":"https:\/\/www.deberes.net\/tesis\/wp-json\/wp\/v2\/posts\/28792\/revisions"}],"wp:attachment":[{"href":"https:\/\/www.deberes.net\/tesis\/wp-json\/wp\/v2\/media?parent=28792"}],"wp:term":[{"taxonomy":"category","embeddable":true,"href":"https:\/\/www.deberes.net\/tesis\/wp-json\/wp\/v2\/categories?post=28792"},{"taxonomy":"post_tag","embeddable":true,"href":"https:\/\/www.deberes.net\/tesis\/wp-json\/wp\/v2\/tags?post=28792"}],"curies":[{"name":"wp","href":"https:\/\/api.w.org\/{rel}","templated":true}]}}