{"id":28844,"date":"2018-03-09T09:21:43","date_gmt":"2018-03-09T09:21:43","guid":{"rendered":"https:\/\/www.deberes.net\/tesis\/sin-categoria\/meningiomas-del-seno-cavernoso-aspectos-anatomicos-diagnosticos-y-terapeuticos\/"},"modified":"2018-03-09T09:21:43","modified_gmt":"2018-03-09T09:21:43","slug":"meningiomas-del-seno-cavernoso-aspectos-anatomicos-diagnosticos-y-terapeuticos","status":"publish","type":"post","link":"https:\/\/www.deberes.net\/tesis\/alcala\/meningiomas-del-seno-cavernoso-aspectos-anatomicos-diagnosticos-y-terapeuticos\/","title":{"rendered":"Meningiomas del seno cavernoso: aspectos anat\u00f3micos, diagn\u00f3sticos y terap\u00e9uticos."},"content":{"rendered":"<h2>Tesis doctoral de <strong> Ju\u00e1n Javier Heredero Sanz <\/strong><\/h2>\n<p>Los meningiomas del seno cavernoso representan una patolog\u00eda altamente infrecuente. En consecuencia,  la experiencia neuroquir\u00fargica es escasa y esta localizada fundamentalmente en un peque\u00f1o n\u00famero de centros a nivel mundial.  el conocimiento anat\u00f3mico del seno cavernoso y las t\u00e9cnicas quir\u00fargicas de abordaje de los meningiomas del seno cavernoso, han comenzado a desarrollarse a finales de los a\u00f1os 1980.  en el periodo de 1988 a 1991, se realiz\u00f3  en 50 senos cavernosos,  un estudio de la anatom\u00eda de los mismos, analizando espec\u00edficamente sus tri\u00e1ngulos anatomo-quir\u00fargicos.  se estudian los resultados de las intervenciones realizadas entre los a\u00f1os 1992 al 2000, en 24 pacientes diagnosticados de meningiomas del seno cavernoso, a trav\u00e9s de un abordaje extra-intradural utilizando un abordaje fronto-orbito-cigom\u00e1tico-infratemporal .  los resultados muestran una morbilidad apreciable en la  afectaci\u00f3n de pares craneales y en la  funci\u00f3n hipofisaria.  se considera,  que la t\u00e9cnica de imagen m\u00e1s adecuada para el estudio de esta patolog\u00eda y programar el adecuado tratamiento,  es la resonancia magn\u00e9tica.  se concluye que la cirug\u00eda es el tratamiento de elecci\u00f3n en la mayor parte de los meningiomas del seno cavernoso.<\/p>\n<p>&nbsp;<\/p>\n<h3>Datos acad\u00e9micos de la tesis doctoral \u00ab<strong>Meningiomas del seno cavernoso: aspectos anat\u00f3micos, diagn\u00f3sticos y terap\u00e9uticos.<\/strong>\u00ab<\/h3>\n<ul>\n<li><strong>T\u00edtulo de la tesis:<\/strong>\u00a0 Meningiomas del seno cavernoso: aspectos anat\u00f3micos, diagn\u00f3sticos y terap\u00e9uticos. <\/li>\n<li><strong>Autor:<\/strong>\u00a0 Ju\u00e1n Javier Heredero Sanz <\/li>\n<li><strong>Universidad:<\/strong>\u00a0 Alcal\u00e1<\/li>\n<li><strong>Fecha de lectura de la tesis:<\/strong>\u00a0 25\/02\/2004<\/li>\n<\/ul>\n<p>&nbsp;<\/p>\n<h3>Direcci\u00f3n y tribunal<\/h3>\n<ul>\n<li><strong>Director de la tesis<\/strong>\n<ul>\n<li>Augusto Garcia Villanueva<\/li>\n<\/ul>\n<\/li>\n<li><strong>Tribunal<\/strong>\n<ul>\n<li>Presidente del tribunal: pedro Carda abella <\/li>\n<li> Del pozo garcia Jos\u00e9 Manuel (vocal)<\/li>\n<li>M\u00aa  vicenta Collado guirao (vocal)<\/li>\n<li>adriano Jimenez escrig (vocal)<\/li>\n<\/ul>\n<\/li>\n<\/ul>\n<p>&nbsp;<\/p>\n","protected":false},"excerpt":{"rendered":"<p>Tesis doctoral de Ju\u00e1n Javier Heredero Sanz Los meningiomas del seno cavernoso representan una patolog\u00eda altamente infrecuente. En consecuencia, la [&hellip;]<\/p>\n","protected":false},"author":1,"featured_media":0,"comment_status":"open","ping_status":"open","sticky":false,"template":"","format":"standard","meta":{"site-sidebar-layout":"default","site-content-layout":"","ast-site-content-layout":"","site-content-style":"default","site-sidebar-style":"default","ast-global-header-display":"","ast-banner-title-visibility":"","ast-main-header-display":"","ast-hfb-above-header-display":"","ast-hfb-below-header-display":"","ast-hfb-mobile-header-display":"","site-post-title":"","ast-breadcrumbs-content":"","ast-featured-img":"","footer-sml-layout":"","theme-transparent-header-meta":"","adv-header-id-meta":"","stick-header-meta":"","header-above-stick-meta":"","header-main-stick-meta":"","header-below-stick-meta":"","astra-migrate-meta-layouts":"default","ast-page-background-enabled":"default","ast-page-background-meta":{"desktop":{"background-color":"var(--ast-global-color-4)","background-image":"","background-repeat":"repeat","background-position":"center center","background-size":"auto","background-attachment":"scroll","background-type":"","background-media":"","overlay-type":"","overlay-color":"","overlay-gradient":""},"tablet":{"background-color":"","background-image":"","background-repeat":"repeat","background-position":"center center","background-size":"auto","background-attachment":"scroll","background-type":"","background-media":"","overlay-type":"","overlay-color":"","overlay-gradient":""},"mobile":{"background-color":"","background-image":"","background-repeat":"repeat","background-position":"center center","background-size":"auto","background-attachment":"scroll","background-type":"","background-media":"","overlay-type":"","overlay-color":"","overlay-gradient":""}},"ast-content-background-meta":{"desktop":{"background-color":"var(--ast-global-color-5)","background-image":"","background-repeat":"repeat","background-position":"center center","background-size":"auto","background-attachment":"scroll","background-type":"","background-media":"","overlay-type":"","overlay-color":"","overlay-gradient":""},"tablet":{"background-color":"var(--ast-global-color-5)","background-image":"","background-repeat":"repeat","background-position":"center center","background-size":"auto","background-attachment":"scroll","background-type":"","background-media":"","overlay-type":"","overlay-color":"","overlay-gradient":""},"mobile":{"background-color":"var(--ast-global-color-5)","background-image":"","background-repeat":"repeat","background-position":"center center","background-size":"auto","background-attachment":"scroll","background-type":"","background-media":"","overlay-type":"","overlay-color":"","overlay-gradient":""}},"footnotes":""},"categories":[17426],"tags":[17595,17537,54796,81904,68878,17603],"class_list":["post-28844","post","type-post","status-publish","format-standard","hentry","category-alcala","tag-adriano-jimenez-escrig","tag-augusto-garcia-villanueva","tag-del-pozo-garcia-jose-manuel","tag-juan-javier-heredero-sanz","tag-ma-vicenta-collado-guirao","tag-pedro-carda-abella"],"_links":{"self":[{"href":"https:\/\/www.deberes.net\/tesis\/wp-json\/wp\/v2\/posts\/28844","targetHints":{"allow":["GET"]}}],"collection":[{"href":"https:\/\/www.deberes.net\/tesis\/wp-json\/wp\/v2\/posts"}],"about":[{"href":"https:\/\/www.deberes.net\/tesis\/wp-json\/wp\/v2\/types\/post"}],"author":[{"embeddable":true,"href":"https:\/\/www.deberes.net\/tesis\/wp-json\/wp\/v2\/users\/1"}],"replies":[{"embeddable":true,"href":"https:\/\/www.deberes.net\/tesis\/wp-json\/wp\/v2\/comments?post=28844"}],"version-history":[{"count":0,"href":"https:\/\/www.deberes.net\/tesis\/wp-json\/wp\/v2\/posts\/28844\/revisions"}],"wp:attachment":[{"href":"https:\/\/www.deberes.net\/tesis\/wp-json\/wp\/v2\/media?parent=28844"}],"wp:term":[{"taxonomy":"category","embeddable":true,"href":"https:\/\/www.deberes.net\/tesis\/wp-json\/wp\/v2\/categories?post=28844"},{"taxonomy":"post_tag","embeddable":true,"href":"https:\/\/www.deberes.net\/tesis\/wp-json\/wp\/v2\/tags?post=28844"}],"curies":[{"name":"wp","href":"https:\/\/api.w.org\/{rel}","templated":true}]}}