{"id":28868,"date":"2018-03-09T09:21:45","date_gmt":"2018-03-09T09:21:45","guid":{"rendered":"https:\/\/www.deberes.net\/tesis\/sin-categoria\/50-anos-de-pola%c2%adtica-educativa-de-la-union-europea-1951-2001-fundamentos-y-acciones\/"},"modified":"2018-03-09T09:21:45","modified_gmt":"2018-03-09T09:21:45","slug":"50-anos-de-pola%c2%adtica-educativa-de-la-union-europea-1951-2001-fundamentos-y-acciones","status":"publish","type":"post","link":"https:\/\/www.deberes.net\/tesis\/nacional-de-educacion-a-distancia\/50-anos-de-pola%c2%adtica-educativa-de-la-union-europea-1951-2001-fundamentos-y-acciones\/","title":{"rendered":"50 a\u00f1os de pol\u00edtica educativa de la uni\u00f3n europea (1951-2001). fundamentos y acciones"},"content":{"rendered":"<h2>Tesis doctoral de <strong> JavierManuel Valle L\u00f3pez <\/strong><\/h2>\n<p>La tesis aborda un estudio hist\u00f3rico sobre la pol\u00edtica educativa de la uni\u00f3n europea desde los or\u00edgenes de \u00e9sta hasta la actualidad. Previamente, se realiza un estudio detenido de la idea de la integraci\u00f3n europea y su materializaci\u00f3n en la realidad institucional que es hoy la uni\u00f3n europea, lo que permite establecer los verdaderos fundamentos, m\u00e1s all\u00e1 de lo econ\u00f3mico, que dan sentido a la existencia de una pol\u00edtica educativa verdaderamente europea.  la tesis establece per\u00edodos dentro de esta pol\u00edtica educativa, que se definen claramente y para los cuales se establecen una serie de caracter\u00edsticas definitorias y unos factores explicativos. Asimismo, se aporta un modelo novedoso que determina los factores que permiten la descripci\u00f3n y la comprensi\u00f3n de esa pol\u00edtica consierada en su conjunto.  m\u00e1s adelante, la tesis se ocupa especialmente de la pol\u00edtica educativa de la uni\u00f3n europea que tiene que ver con la educaci\u00f3n superior, con especial \u00e9nfasis en la creaci\u00f3n del espacio europeo de educaci\u00f3n superior.  como un ejemplo de esa pol\u00edtica la tesis se detiene, para terminar, en un an\u00e1lisis pormenorizado del programa erasmus, del que se determinan los flujos de intercambio de estudiantes y las \u00e1reas de conocimiento m\u00e1s demandadas en esos flujos. Asimismo, se realiza el aporte original del \u00ab\u00edndice de elegibilidad\u00bb como un modelo matem\u00e1tico simple que permite el an\u00e1lisis de los flujos de alumnos erasmus desde los pa\u00edses de origen a los pa\u00edses de acogida.  como parte de las conclusiones, de car\u00e1cter prospectivo, se incluyen una serie de recomendaciones, en el nivel de la uni\u00f3n europea, y del estado espa\u00f1ol, para afrontar los retos del espacio europeo de educaci\u00f3n que para el a\u00f1o 2010 tendr\u00e1 que ser una realidad en el seno de la uni\u00f3n.  la tesis culmina con una serie de anexos entre los que caben destacarse tres; una detallad\u00edsima cronolog\u00eda del proceso de integraci\u00f3n europea, un exhaustivo repertor<\/p>\n<p>&nbsp;<\/p>\n<h3>Datos acad\u00e9micos de la tesis doctoral \u00ab<strong>50 a\u00f1os de pol\u00edtica educativa de la uni\u00f3n europea (1951-2001). fundamentos y acciones<\/strong>\u00ab<\/h3>\n<ul>\n<li><strong>T\u00edtulo de la tesis:<\/strong>\u00a0 50 a\u00f1os de pol\u00edtica educativa de la uni\u00f3n europea (1951-2001). fundamentos y acciones <\/li>\n<li><strong>Autor:<\/strong>\u00a0 JavierManuel Valle L\u00f3pez <\/li>\n<li><strong>Universidad:<\/strong>\u00a0 Nacional de educaci\u00f3n a distancia<\/li>\n<li><strong>Fecha de lectura de la tesis:<\/strong>\u00a0 26\/02\/2004<\/li>\n<\/ul>\n<p>&nbsp;<\/p>\n<h3>Direcci\u00f3n y tribunal<\/h3>\n<ul>\n<li><strong>Director de la tesis<\/strong>\n<ul>\n<li>Jos\u00e9 Luis Garc\u00eda Garrido<\/li>\n<\/ul>\n<\/li>\n<li><strong>Tribunal<\/strong>\n<ul>\n<li>Presidente del tribunal: ferran Ferrer juli\u00e1 <\/li>\n<li> Naya garmendia Luis Mar\u00eda (vocal)<\/li>\n<li>vicente Llorent bedmar (vocal)<\/li>\n<li>inmaculada Egido galvez (vocal)<\/li>\n<\/ul>\n<\/li>\n<\/ul>\n<p>&nbsp;<\/p>\n","protected":false},"excerpt":{"rendered":"<p>Tesis doctoral de JavierManuel Valle L\u00f3pez La tesis aborda un estudio hist\u00f3rico sobre la pol\u00edtica educativa de la uni\u00f3n europea [&hellip;]<\/p>\n","protected":false},"author":1,"featured_media":0,"comment_status":"open","ping_status":"open","sticky":false,"template":"","format":"standard","meta":{"site-sidebar-layout":"default","site-content-layout":"","ast-site-content-layout":"","site-content-style":"default","site-sidebar-style":"default","ast-global-header-display":"","ast-banner-title-visibility":"","ast-main-header-display":"","ast-hfb-above-header-display":"","ast-hfb-below-header-display":"","ast-hfb-mobile-header-display":"","site-post-title":"","ast-breadcrumbs-content":"","ast-featured-img":"","footer-sml-layout":"","theme-transparent-header-meta":"","adv-header-id-meta":"","stick-header-meta":"","header-above-stick-meta":"","header-main-stick-meta":"","header-below-stick-meta":"","astra-migrate-meta-layouts":"default","ast-page-background-enabled":"default","ast-page-background-meta":{"desktop":{"background-color":"var(--ast-global-color-4)","background-image":"","background-repeat":"repeat","background-position":"center center","background-size":"auto","background-attachment":"scroll","background-type":"","background-media":"","overlay-type":"","overlay-color":"","overlay-gradient":""},"tablet":{"background-color":"","background-image":"","background-repeat":"repeat","background-position":"center center","background-size":"auto","background-attachment":"scroll","background-type":"","background-media":"","overlay-type":"","overlay-color":"","overlay-gradient":""},"mobile":{"background-color":"","background-image":"","background-repeat":"repeat","background-position":"center center","background-size":"auto","background-attachment":"scroll","background-type":"","background-media":"","overlay-type":"","overlay-color":"","overlay-gradient":""}},"ast-content-background-meta":{"desktop":{"background-color":"var(--ast-global-color-5)","background-image":"","background-repeat":"repeat","background-position":"center center","background-size":"auto","background-attachment":"scroll","background-type":"","background-media":"","overlay-type":"","overlay-color":"","overlay-gradient":""},"tablet":{"background-color":"var(--ast-global-color-5)","background-image":"","background-repeat":"repeat","background-position":"center center","background-size":"auto","background-attachment":"scroll","background-type":"","background-media":"","overlay-type":"","overlay-color":"","overlay-gradient":""},"mobile":{"background-color":"var(--ast-global-color-5)","background-image":"","background-repeat":"repeat","background-position":"center center","background-size":"auto","background-attachment":"scroll","background-type":"","background-media":"","overlay-type":"","overlay-color":"","overlay-gradient":""}},"footnotes":""},"categories":[17070],"tags":[17322,71277,81964,17155,81965,24975],"class_list":["post-28868","post","type-post","status-publish","format-standard","hentry","category-nacional-de-educacion-a-distancia","tag-ferran-ferrer-julia","tag-inmaculada-egido-galvez","tag-javiermanuel-valle-lopez","tag-jose-luis-garcia-garrido","tag-naya-garmendia-luis-maria","tag-vicente-llorent-bedmar"],"_links":{"self":[{"href":"https:\/\/www.deberes.net\/tesis\/wp-json\/wp\/v2\/posts\/28868","targetHints":{"allow":["GET"]}}],"collection":[{"href":"https:\/\/www.deberes.net\/tesis\/wp-json\/wp\/v2\/posts"}],"about":[{"href":"https:\/\/www.deberes.net\/tesis\/wp-json\/wp\/v2\/types\/post"}],"author":[{"embeddable":true,"href":"https:\/\/www.deberes.net\/tesis\/wp-json\/wp\/v2\/users\/1"}],"replies":[{"embeddable":true,"href":"https:\/\/www.deberes.net\/tesis\/wp-json\/wp\/v2\/comments?post=28868"}],"version-history":[{"count":0,"href":"https:\/\/www.deberes.net\/tesis\/wp-json\/wp\/v2\/posts\/28868\/revisions"}],"wp:attachment":[{"href":"https:\/\/www.deberes.net\/tesis\/wp-json\/wp\/v2\/media?parent=28868"}],"wp:term":[{"taxonomy":"category","embeddable":true,"href":"https:\/\/www.deberes.net\/tesis\/wp-json\/wp\/v2\/categories?post=28868"},{"taxonomy":"post_tag","embeddable":true,"href":"https:\/\/www.deberes.net\/tesis\/wp-json\/wp\/v2\/tags?post=28868"}],"curies":[{"name":"wp","href":"https:\/\/api.w.org\/{rel}","templated":true}]}}