{"id":28886,"date":"2018-03-09T09:21:46","date_gmt":"2018-03-09T09:21:46","guid":{"rendered":"https:\/\/www.deberes.net\/tesis\/sin-categoria\/mercosur-el-aprendizaje-de-la-lengua-espanola-en-brasil-como-instrumento-de-integracion-social-regional\/"},"modified":"2018-03-09T09:21:46","modified_gmt":"2018-03-09T09:21:46","slug":"mercosur-el-aprendizaje-de-la-lengua-espanola-en-brasil-como-instrumento-de-integracion-social-regional","status":"publish","type":"post","link":"https:\/\/www.deberes.net\/tesis\/sin-categoria\/mercosur-el-aprendizaje-de-la-lengua-espanola-en-brasil-como-instrumento-de-integracion-social-regional\/","title":{"rendered":"Mercosur: el aprendizaje de la lengua espa\u00f1ola en brasil como instrumento de integraci\u00f3n social regional"},"content":{"rendered":"<h2>Tesis doctoral de <strong>  Adolfssen Fuentes Rene Orlando <\/strong><\/h2>\n<p>Las grandes transformaciones econ\u00f3micas, pol\u00edticas y sociales que se han producido en los \u00faltimos treinta a\u00f1os a nivel mundial, han hecho de am\u00e9rica latina; un continente, en constante procesos de b\u00fasqueda de soluciones a los problemas que la aquejan por d\u00e9cadas y d\u00e9cadas.  en la expectativa de que la educaci\u00f3n puede ser un extraordinario medio para ayudar a conquistar el bienestar y reafirmar la identidad de los pueblos latinoamericanos, se realiz\u00f3 este trabajo de investigaci\u00f3n en el \u00e1rea de la socioling\u00ed\u00bc\u00edstica, sobre el aprendizaje de la lengua espa\u00f1ola como instrumento de integraci\u00f3n social en el mercosur, brasil (estado de rio grande do sul), como una forma de aportar una perspectiva de integraci\u00f3n m\u00e1s amplia, transparente, donde lo social, cultural, pol\u00edtico y econ\u00f3mico tengan espacios similares y congruentes.  por ser un estudio eminentemente de car\u00e1cter socio-ling\u00ed\u00bc\u00edstico y socio-pedag\u00f3gico que tiene como finalidad comprender la visi\u00f3n individual, de un fen\u00f3meno social, se usa, principalmente, el tipo de investigaci\u00f3n cualitativa de car\u00e1cter descriptivo. Sin embargo, tambi\u00e9n se realiza un an\u00e1lisis cuantitativo, con la finalidad de objetivar los aspectos contrastivos de los datos levantados, utilizando n\u00fameros absolutos y porcentajes.  la t\u00e9cnica utilizada en la recolecci\u00f3n de informaciones fue la entrevista semiestructurada, por ser una de las estrategias que m\u00e1s se identifican con la investigaci\u00f3n social. \u00e9Sta, permiti\u00f3 recoger informaci\u00f3n sobre acontecimientos y aspectos subjetivos de los profesores (opiniones, valores, conocimientos) de lengua espa\u00f1ola, como lengua extranjera, de la pontificia universidades cat\u00f3lica de rio grande do sul (pucrs), y universidade federal de rio grande do sul (ufrgs). La tesis fue estructurada teniendo en consideraci\u00f3n seis aspectos: las teor\u00edas orientadoras de la investigaci\u00f3n, mercado com\u00fan del sur (mercosur), la lengua como instrumento socializador,<\/p>\n<p>&nbsp;<\/p>\n<h3>Datos acad\u00e9micos de la tesis doctoral \u00ab<strong>Mercosur: el aprendizaje de la lengua espa\u00f1ola en brasil como instrumento de integraci\u00f3n social regional<\/strong>\u00ab<\/h3>\n<ul>\n<li><strong>T\u00edtulo de la tesis:<\/strong>\u00a0 Mercosur: el aprendizaje de la lengua espa\u00f1ola en brasil como instrumento de integraci\u00f3n social regional <\/li>\n<li><strong>Autor:<\/strong>\u00a0  Adolfssen Fuentes Rene Orlando <\/li>\n<li><strong>Universidad:<\/strong>\u00a0 Complutense de Madrid<\/li>\n<li><strong>Fecha de lectura de la tesis:<\/strong>\u00a0 27\/02\/2004<\/li>\n<\/ul>\n<p>&nbsp;<\/p>\n<h3>Direcci\u00f3n y tribunal<\/h3>\n<ul>\n<li><strong>Director de la tesis<\/strong>\n<ul>\n<li>Jos\u00e9 Vicente Merino Fernandez<\/li>\n<\/ul>\n<\/li>\n<li><strong>Tribunal<\/strong>\n<ul>\n<li>Presidente del tribunal: Antonio Mu\u00f1oz sedano <\/li>\n<li>Jos\u00e9 vicente Pe\u00f1a calvo (vocal)<\/li>\n<li>Jos\u00e9 Ortega esteban (vocal)<\/li>\n<li> Luque dominguez pedro Antonio (vocal)<\/li>\n<\/ul>\n<\/li>\n<\/ul>\n<p>&nbsp;<\/p>\n","protected":false},"excerpt":{"rendered":"<p>Tesis doctoral de Adolfssen Fuentes Rene Orlando Las grandes transformaciones econ\u00f3micas, pol\u00edticas y sociales que se han producido en los [&hellip;]<\/p>\n","protected":false},"author":1,"featured_media":0,"comment_status":"open","ping_status":"open","sticky":false,"template":"","format":"standard","meta":{"site-sidebar-layout":"default","site-content-layout":"","ast-site-content-layout":"","site-content-style":"default","site-sidebar-style":"default","ast-global-header-display":"","ast-banner-title-visibility":"","ast-main-header-display":"","ast-hfb-above-header-display":"","ast-hfb-below-header-display":"","ast-hfb-mobile-header-display":"","site-post-title":"","ast-breadcrumbs-content":"","ast-featured-img":"","footer-sml-layout":"","theme-transparent-header-meta":"","adv-header-id-meta":"","stick-header-meta":"","header-above-stick-meta":"","header-main-stick-meta":"","header-below-stick-meta":"","astra-migrate-meta-layouts":"default","ast-page-background-enabled":"default","ast-page-background-meta":{"desktop":{"background-color":"var(--ast-global-color-4)","background-image":"","background-repeat":"repeat","background-position":"center center","background-size":"auto","background-attachment":"scroll","background-type":"","background-media":"","overlay-type":"","overlay-color":"","overlay-gradient":""},"tablet":{"background-color":"","background-image":"","background-repeat":"repeat","background-position":"center center","background-size":"auto","background-attachment":"scroll","background-type":"","background-media":"","overlay-type":"","overlay-color":"","overlay-gradient":""},"mobile":{"background-color":"","background-image":"","background-repeat":"repeat","background-position":"center center","background-size":"auto","background-attachment":"scroll","background-type":"","background-media":"","overlay-type":"","overlay-color":"","overlay-gradient":""}},"ast-content-background-meta":{"desktop":{"background-color":"var(--ast-global-color-5)","background-image":"","background-repeat":"repeat","background-position":"center center","background-size":"auto","background-attachment":"scroll","background-type":"","background-media":"","overlay-type":"","overlay-color":"","overlay-gradient":""},"tablet":{"background-color":"var(--ast-global-color-5)","background-image":"","background-repeat":"repeat","background-position":"center center","background-size":"auto","background-attachment":"scroll","background-type":"","background-media":"","overlay-type":"","overlay-color":"","overlay-gradient":""},"mobile":{"background-color":"var(--ast-global-color-5)","background-image":"","background-repeat":"repeat","background-position":"center center","background-size":"auto","background-attachment":"scroll","background-type":"","background-media":"","overlay-type":"","overlay-color":"","overlay-gradient":""}},"footnotes":""},"categories":[1],"tags":[82008,2629,9765,5842,25330,24976],"class_list":["post-28886","post","type-post","status-publish","format-standard","hentry","category-sin-categoria","tag-adolfssen-fuentes-rene-orlando","tag-antonio-munoz-sedano","tag-jose-ortega-esteban","tag-jose-vicente-merino-fernandez","tag-jose-vicente-pena-calvo","tag-luque-dominguez-pedro-antonio"],"_links":{"self":[{"href":"https:\/\/www.deberes.net\/tesis\/wp-json\/wp\/v2\/posts\/28886","targetHints":{"allow":["GET"]}}],"collection":[{"href":"https:\/\/www.deberes.net\/tesis\/wp-json\/wp\/v2\/posts"}],"about":[{"href":"https:\/\/www.deberes.net\/tesis\/wp-json\/wp\/v2\/types\/post"}],"author":[{"embeddable":true,"href":"https:\/\/www.deberes.net\/tesis\/wp-json\/wp\/v2\/users\/1"}],"replies":[{"embeddable":true,"href":"https:\/\/www.deberes.net\/tesis\/wp-json\/wp\/v2\/comments?post=28886"}],"version-history":[{"count":0,"href":"https:\/\/www.deberes.net\/tesis\/wp-json\/wp\/v2\/posts\/28886\/revisions"}],"wp:attachment":[{"href":"https:\/\/www.deberes.net\/tesis\/wp-json\/wp\/v2\/media?parent=28886"}],"wp:term":[{"taxonomy":"category","embeddable":true,"href":"https:\/\/www.deberes.net\/tesis\/wp-json\/wp\/v2\/categories?post=28886"},{"taxonomy":"post_tag","embeddable":true,"href":"https:\/\/www.deberes.net\/tesis\/wp-json\/wp\/v2\/tags?post=28886"}],"curies":[{"name":"wp","href":"https:\/\/api.w.org\/{rel}","templated":true}]}}