{"id":28915,"date":"2018-03-09T09:21:48","date_gmt":"2018-03-09T09:21:48","guid":{"rendered":"https:\/\/www.deberes.net\/tesis\/sin-categoria\/efecto-de-la-obesidad-y-de-la-perdida-de-peso-sobre-la-respuesta-inmunitaria-posibles-mecanismos-moleculares-implicados\/"},"modified":"2018-03-09T09:21:48","modified_gmt":"2018-03-09T09:21:48","slug":"efecto-de-la-obesidad-y-de-la-perdida-de-peso-sobre-la-respuesta-inmunitaria-posibles-mecanismos-moleculares-implicados","status":"publish","type":"post","link":"https:\/\/www.deberes.net\/tesis\/navarra\/efecto-de-la-obesidad-y-de-la-perdida-de-peso-sobre-la-respuesta-inmunitaria-posibles-mecanismos-moleculares-implicados\/","title":{"rendered":"Efecto de la obesidad y de la p\u00e9rdida de peso sobre la respuesta inmunitaria: posibles mecanismos moleculares implicados"},"content":{"rendered":"<h2>Tesis doctoral de <strong> Oscar Lamas Longarela <\/strong><\/h2>\n<p>El sistema inmunitario est\u00e1 encargado de proteger al organismo frente a agentes pat\u00f3genos y sustancias extra\u00f1as. El normal funcionamiento de la inmunocompetencia requiere un adecuado estado nutricional. As\u00ed, cualquier alteraci\u00f3n del estado nutricional, ya sea por exceso (obesidad) o por defecto (restricci\u00f3n cal\u00f3rica) puede modificar la respuesta inmunol\u00f3gica. Este trabajo se centr\u00f3 en analizar la respuesta inmunitaria de animales con obesidad inducida por la dieta (dieta de cafeter\u00eda) y el posterior efecto de la p\u00e9rdida de peso producida por restricci\u00f3n cal\u00f3rica o farmacol\u00f3gicamente, as\u00ed como el patr\u00f3n de expresi\u00f3n de genes en tejido adiposo y linfocitos perif\u00e9ricos en individuos obesos.  los resultados m\u00e1s relevantes fueron:  * los animales obesos presentaron una disminuci\u00f3n en la proliferaci\u00f3n linfocitaria, en la actividad respiratoria oxidativa y en la producci\u00f3n de il-2. Adem\u00e1s, la capacidad de uni\u00f3n del nf-kb, un factor de transcripci\u00f3n de genes proinmunitarios y proinflamatorios, al adn estaba inhibida en los animales obesos.  * la p\u00e9rdida de peso tanto a trav\u00e9s de un tratamiento farmacol\u00f3gico (agonista adren\u00e9rgico beta3) o de la restricci\u00f3n cal\u00f3rica del 50% provoc\u00f3 una alteraci\u00f3n de la respuesta inmunol\u00f3gica. Sin embargo, mientras el tratamiento farmacol\u00f3gico no fue capaz de restaurar la actividad normal del sistema inmunitario, la restricci\u00f3n cal\u00f3rica permiti\u00f3 potenciar la respuesta inmunol\u00f3gica de los animales previamente obesos al tiempo que se normalizaba la expresi\u00f3n de los genes relacionados con la adiposidad y la capacidad de uni\u00f3n del nf-kb al adn.  * al analizar mediante tecolog\u00eda microarray y los patrones de expresi\u00f3n g\u00e9nica de tejido adiposo y c\u00e9lulas mononucleares circulantes en individuos humanos obesos y delgados se encontraron 35 genes sobreexpresados en obesos comparados con los controles en ambos tejidos, entre los que destacan adra1alfa (alpha 1a adrenergic receptor)<\/p>\n<p>&nbsp;<\/p>\n<h3>Datos acad\u00e9micos de la tesis doctoral \u00ab<strong>Efecto de la obesidad y de la p\u00e9rdida de peso sobre la respuesta inmunitaria: posibles mecanismos moleculares implicados<\/strong>\u00ab<\/h3>\n<ul>\n<li><strong>T\u00edtulo de la tesis:<\/strong>\u00a0 Efecto de la obesidad y de la p\u00e9rdida de peso sobre la respuesta inmunitaria: posibles mecanismos moleculares implicados <\/li>\n<li><strong>Autor:<\/strong>\u00a0 Oscar Lamas Longarela <\/li>\n<li><strong>Universidad:<\/strong>\u00a0 Navarra<\/li>\n<li><strong>Fecha de lectura de la tesis:<\/strong>\u00a0 27\/02\/2004<\/li>\n<\/ul>\n<p>&nbsp;<\/p>\n<h3>Direcci\u00f3n y tribunal<\/h3>\n<ul>\n<li><strong>Director de la tesis<\/strong>\n<ul>\n<li>Amelia Angela Marti Del Moral<\/li>\n<\/ul>\n<\/li>\n<li><strong>Tribunal<\/strong>\n<ul>\n<li>Presidente del tribunal: Mar\u00eda  pilar Fernandez otero <\/li>\n<li>Mar\u00eda  monica De la fuente del rey (vocal)<\/li>\n<li>margarita S\u00e1nchez campos (vocal)<\/li>\n<li>ascension Marcos sanchez (vocal)<\/li>\n<\/ul>\n<\/li>\n<\/ul>\n<p>&nbsp;<\/p>\n","protected":false},"excerpt":{"rendered":"<p>Tesis doctoral de Oscar Lamas Longarela El sistema inmunitario est\u00e1 encargado de proteger al organismo frente a agentes pat\u00f3genos y [&hellip;]<\/p>\n","protected":false},"author":1,"featured_media":0,"comment_status":"open","ping_status":"open","sticky":false,"template":"","format":"standard","meta":{"site-sidebar-layout":"default","site-content-layout":"","ast-site-content-layout":"","site-content-style":"default","site-sidebar-style":"default","ast-global-header-display":"","ast-banner-title-visibility":"","ast-main-header-display":"","ast-hfb-above-header-display":"","ast-hfb-below-header-display":"","ast-hfb-mobile-header-display":"","site-post-title":"","ast-breadcrumbs-content":"","ast-featured-img":"","footer-sml-layout":"","theme-transparent-header-meta":"","adv-header-id-meta":"","stick-header-meta":"","header-above-stick-meta":"","header-main-stick-meta":"","header-below-stick-meta":"","astra-migrate-meta-layouts":"default","ast-page-background-enabled":"default","ast-page-background-meta":{"desktop":{"background-color":"var(--ast-global-color-4)","background-image":"","background-repeat":"repeat","background-position":"center center","background-size":"auto","background-attachment":"scroll","background-type":"","background-media":"","overlay-type":"","overlay-color":"","overlay-gradient":""},"tablet":{"background-color":"","background-image":"","background-repeat":"repeat","background-position":"center center","background-size":"auto","background-attachment":"scroll","background-type":"","background-media":"","overlay-type":"","overlay-color":"","overlay-gradient":""},"mobile":{"background-color":"","background-image":"","background-repeat":"repeat","background-position":"center center","background-size":"auto","background-attachment":"scroll","background-type":"","background-media":"","overlay-type":"","overlay-color":"","overlay-gradient":""}},"ast-content-background-meta":{"desktop":{"background-color":"var(--ast-global-color-5)","background-image":"","background-repeat":"repeat","background-position":"center center","background-size":"auto","background-attachment":"scroll","background-type":"","background-media":"","overlay-type":"","overlay-color":"","overlay-gradient":""},"tablet":{"background-color":"var(--ast-global-color-5)","background-image":"","background-repeat":"repeat","background-position":"center center","background-size":"auto","background-attachment":"scroll","background-type":"","background-media":"","overlay-type":"","overlay-color":"","overlay-gradient":""},"mobile":{"background-color":"var(--ast-global-color-5)","background-image":"","background-repeat":"repeat","background-position":"center center","background-size":"auto","background-attachment":"scroll","background-type":"","background-media":"","overlay-type":"","overlay-color":"","overlay-gradient":""}},"footnotes":""},"categories":[17749],"tags":[43915,4823,4043,4610,566,82067],"class_list":["post-28915","post","type-post","status-publish","format-standard","hentry","category-navarra","tag-amelia-angela-marti-del-moral","tag-ascension-marcos-sanchez","tag-margarita-sanchez-campos","tag-maria-monica-de-la-fuente-del-rey","tag-maria-pilar-fernandez-otero","tag-oscar-lamas-longarela"],"_links":{"self":[{"href":"https:\/\/www.deberes.net\/tesis\/wp-json\/wp\/v2\/posts\/28915","targetHints":{"allow":["GET"]}}],"collection":[{"href":"https:\/\/www.deberes.net\/tesis\/wp-json\/wp\/v2\/posts"}],"about":[{"href":"https:\/\/www.deberes.net\/tesis\/wp-json\/wp\/v2\/types\/post"}],"author":[{"embeddable":true,"href":"https:\/\/www.deberes.net\/tesis\/wp-json\/wp\/v2\/users\/1"}],"replies":[{"embeddable":true,"href":"https:\/\/www.deberes.net\/tesis\/wp-json\/wp\/v2\/comments?post=28915"}],"version-history":[{"count":0,"href":"https:\/\/www.deberes.net\/tesis\/wp-json\/wp\/v2\/posts\/28915\/revisions"}],"wp:attachment":[{"href":"https:\/\/www.deberes.net\/tesis\/wp-json\/wp\/v2\/media?parent=28915"}],"wp:term":[{"taxonomy":"category","embeddable":true,"href":"https:\/\/www.deberes.net\/tesis\/wp-json\/wp\/v2\/categories?post=28915"},{"taxonomy":"post_tag","embeddable":true,"href":"https:\/\/www.deberes.net\/tesis\/wp-json\/wp\/v2\/tags?post=28915"}],"curies":[{"name":"wp","href":"https:\/\/api.w.org\/{rel}","templated":true}]}}