{"id":28969,"date":"2004-03-03T00:00:00","date_gmt":"2004-03-03T00:00:00","guid":{"rendered":"https:\/\/www.deberes.net\/tesis\/sin-categoria\/la-participacion-social-en-los-centros-de-educacion-primaria-de-la-comunidad-autonoma-de-asturias\/"},"modified":"2004-03-03T00:00:00","modified_gmt":"2004-03-03T00:00:00","slug":"la-participacion-social-en-los-centros-de-educacion-primaria-de-la-comunidad-autonoma-de-asturias","status":"publish","type":"post","link":"https:\/\/www.deberes.net\/tesis\/nacional-de-educacion-a-distancia\/la-participacion-social-en-los-centros-de-educacion-primaria-de-la-comunidad-autonoma-de-asturias\/","title":{"rendered":"La participaci\u00f3n social en los centros de educaci\u00f3n primaria de la comunidad aut\u00f3noma de asturias"},"content":{"rendered":"<h2>Tesis doctoral de <strong> Jos\u00e9 Fernando Gonzalez Granda <\/strong><\/h2>\n<p>El trabajo ha investigado la participaci\u00f3n social en los centros de educaci\u00f3n primaria. A tal fin hemos hecho una revisi\u00f3n de las investigaciones realizadas en este campo. Se ha analizado, asimismo, la normativa existente al respecto, prestando especial atenci\u00f3n a lo regulado por la constituci\u00f3n espa\u00f1ola de 1978 en su art\u00edculo 27, puntos 5 y 7, y las leyes que lo desarrollan, tanto en su contenido como en sus \u00f3rganos y estructuras.  por otro lado, se ha realizado una investigaci\u00f3n en los centros de educaci\u00f3n primaria de la comunidad aut\u00f3noma en las dimensiones que se se\u00f1alan: asociaciones de padres y madres, miembros de consejos escolares, profesorado, padres y madres, consejos escolares y expertos en educaci\u00f3n.  las muestras utilizadas, seg\u00fan las distintas dimensiones estudiadas, son las que se indican. En relaci\u00f3n con las asociaciones de padres, todas la inscritas en el correspondiente registro. La mitad de los miembros de los consejos escolares. Profesorado y familias, tantos como unidades de los centros de educaci\u00f3n primaria. Veinticinco consejos escolares. Ciencuenta expertos en educaci\u00f3n (inspectores de educaci\u00f3n, equipos directivos, padres y madres, y profesorados).  en la metodolog\u00eda de investigaci\u00f3n se han venido en cuenta los distintos sectores de la comunidad educativa, as\u00ed como metodolog\u00edas cuantitativas y cualitativas. Las t\u00e9cnicas de an\u00e1lisis cuantitativas se refieren a an\u00e1lisis estad\u00edsticos (medidas de tendencia central, medidas de dispersi\u00f3n, an\u00e1lisis multivariable y an\u00e1lisis factorial). En relaci\u00f3n con las metodolog\u00edas, cualitativas hacemos referencia a an\u00e1lisis de documentos institucionales, entrevistas e informes de expertos.  los m\u00e9todos de muestreo utilizados se han adecuado a las necesidades de la investigaci\u00f3n: aleatorio, estratificado, etc.  algunas de las conclusiones m\u00e1s significativas del trabajo, y en lo que se refiere al sistema de participaci\u00f3n  en educaci\u00f3n se conside<\/p>\n<p>&nbsp;<\/p>\n<h3>Datos acad\u00e9micos de la tesis doctoral \u00ab<strong>La participaci\u00f3n social en los centros de educaci\u00f3n primaria de la comunidad aut\u00f3noma de asturias<\/strong>\u00ab<\/h3>\n<ul>\n<li><strong>T\u00edtulo de la tesis:<\/strong>\u00a0 La participaci\u00f3n social en los centros de educaci\u00f3n primaria de la comunidad aut\u00f3noma de asturias <\/li>\n<li><strong>Autor:<\/strong>\u00a0 Jos\u00e9 Fernando Gonzalez Granda <\/li>\n<li><strong>Universidad:<\/strong>\u00a0 Nacional de educaci\u00f3n a distancia<\/li>\n<li><strong>Fecha de lectura de la tesis:<\/strong>\u00a0 03\/03\/2004<\/li>\n<\/ul>\n<p>&nbsp;<\/p>\n<h3>Direcci\u00f3n y tribunal<\/h3>\n<ul>\n<li><strong>Director de la tesis<\/strong>\n<ul>\n<li>moreno Cerrillo Mart\u00edn<\/li>\n<\/ul>\n<\/li>\n<li><strong>Tribunal<\/strong>\n<ul>\n<li>Presidente del tribunal: manuel Lorenzo delgado <\/li>\n<li>mario Martin bris (vocal)<\/li>\n<li>f\u00e9lix Gonz\u00e1lez jim\u00e9nez (vocal)<\/li>\n<li>Mar\u00eda Luisa Sevillano Garc\u00eda (vocal)<\/li>\n<\/ul>\n<\/li>\n<\/ul>\n<p>&nbsp;<\/p>\n","protected":false},"excerpt":{"rendered":"<p>Tesis doctoral de Jos\u00e9 Fernando Gonzalez Granda El trabajo ha investigado la participaci\u00f3n social en los centros de educaci\u00f3n primaria. [&hellip;]<\/p>\n","protected":false},"author":1,"featured_media":0,"comment_status":"open","ping_status":"open","sticky":false,"template":"","format":"standard","meta":{"site-sidebar-layout":"default","site-content-layout":"","ast-site-content-layout":"","site-content-style":"default","site-sidebar-style":"default","ast-global-header-display":"","ast-banner-title-visibility":"","ast-main-header-display":"","ast-hfb-above-header-display":"","ast-hfb-below-header-display":"","ast-hfb-mobile-header-display":"","site-post-title":"","ast-breadcrumbs-content":"","ast-featured-img":"","footer-sml-layout":"","theme-transparent-header-meta":"","adv-header-id-meta":"","stick-header-meta":"","header-above-stick-meta":"","header-main-stick-meta":"","header-below-stick-meta":"","astra-migrate-meta-layouts":"default","ast-page-background-enabled":"default","ast-page-background-meta":{"desktop":{"background-color":"var(--ast-global-color-4)","background-image":"","background-repeat":"repeat","background-position":"center center","background-size":"auto","background-attachment":"scroll","background-type":"","background-media":"","overlay-type":"","overlay-color":"","overlay-gradient":""},"tablet":{"background-color":"","background-image":"","background-repeat":"repeat","background-position":"center center","background-size":"auto","background-attachment":"scroll","background-type":"","background-media":"","overlay-type":"","overlay-color":"","overlay-gradient":""},"mobile":{"background-color":"","background-image":"","background-repeat":"repeat","background-position":"center center","background-size":"auto","background-attachment":"scroll","background-type":"","background-media":"","overlay-type":"","overlay-color":"","overlay-gradient":""}},"ast-content-background-meta":{"desktop":{"background-color":"var(--ast-global-color-5)","background-image":"","background-repeat":"repeat","background-position":"center center","background-size":"auto","background-attachment":"scroll","background-type":"","background-media":"","overlay-type":"","overlay-color":"","overlay-gradient":""},"tablet":{"background-color":"var(--ast-global-color-5)","background-image":"","background-repeat":"repeat","background-position":"center center","background-size":"auto","background-attachment":"scroll","background-type":"","background-media":"","overlay-type":"","overlay-color":"","overlay-gradient":""},"mobile":{"background-color":"var(--ast-global-color-5)","background-image":"","background-repeat":"repeat","background-position":"center center","background-size":"auto","background-attachment":"scroll","background-type":"","background-media":"","overlay-type":"","overlay-color":"","overlay-gradient":""}},"footnotes":""},"categories":[17070],"tags":[38300,82203,8686,6263,6621,17208],"class_list":["post-28969","post","type-post","status-publish","format-standard","hentry","category-nacional-de-educacion-a-distancia","tag-felix-gonzalez-jimenez","tag-jose-fernando-gonzalez-granda","tag-manuel-lorenzo-delgado","tag-maria-luisa-sevillano-garcia","tag-mario-martin-bris","tag-moreno-cerrillo-martin"],"_links":{"self":[{"href":"https:\/\/www.deberes.net\/tesis\/wp-json\/wp\/v2\/posts\/28969","targetHints":{"allow":["GET"]}}],"collection":[{"href":"https:\/\/www.deberes.net\/tesis\/wp-json\/wp\/v2\/posts"}],"about":[{"href":"https:\/\/www.deberes.net\/tesis\/wp-json\/wp\/v2\/types\/post"}],"author":[{"embeddable":true,"href":"https:\/\/www.deberes.net\/tesis\/wp-json\/wp\/v2\/users\/1"}],"replies":[{"embeddable":true,"href":"https:\/\/www.deberes.net\/tesis\/wp-json\/wp\/v2\/comments?post=28969"}],"version-history":[{"count":0,"href":"https:\/\/www.deberes.net\/tesis\/wp-json\/wp\/v2\/posts\/28969\/revisions"}],"wp:attachment":[{"href":"https:\/\/www.deberes.net\/tesis\/wp-json\/wp\/v2\/media?parent=28969"}],"wp:term":[{"taxonomy":"category","embeddable":true,"href":"https:\/\/www.deberes.net\/tesis\/wp-json\/wp\/v2\/categories?post=28969"},{"taxonomy":"post_tag","embeddable":true,"href":"https:\/\/www.deberes.net\/tesis\/wp-json\/wp\/v2\/tags?post=28969"}],"curies":[{"name":"wp","href":"https:\/\/api.w.org\/{rel}","templated":true}]}}