{"id":28990,"date":"2004-04-03T00:00:00","date_gmt":"2004-04-03T00:00:00","guid":{"rendered":"https:\/\/www.deberes.net\/tesis\/sin-categoria\/retorica-e-realidade-dos-direitos-da-criana%c2%a7a-e-adolescente-no-brasil-un-analise-sociojuridica-da-lei-federal-8069-de-13-de-julho-de-1990\/"},"modified":"2004-04-03T00:00:00","modified_gmt":"2004-04-03T00:00:00","slug":"retorica-e-realidade-dos-direitos-da-criana%c2%a7a-e-adolescente-no-brasil-un-analise-sociojuridica-da-lei-federal-8069-de-13-de-julho-de-1990","status":"publish","type":"post","link":"https:\/\/www.deberes.net\/tesis\/derecho-penal\/retorica-e-realidade-dos-direitos-da-criana%c2%a7a-e-adolescente-no-brasil-un-analise-sociojuridica-da-lei-federal-8069-de-13-de-julho-de-1990\/","title":{"rendered":"Retorica e realidade dos direitos da crian\u00c1\u00a7a e adolescente no brasil; un analise sociojuridica da lei federal 8069 de 13 de julho de 1990"},"content":{"rendered":"<h2>Tesis doctoral de <strong> Sinara Porto Fajardo <\/strong><\/h2>\n<p>La tesis es el resultado de una investigaci\u00f3n sociojur\u00eddica sobre aspectos hist\u00f3ricos, normativos , institucionales, pol\u00edticos y sociales del proceso de implementaci\u00f3n de la ley federal n\u00c2\u00ba 8069, de 13 de julio de 1990, con especial atenci\u00f3n a la parte referente a la justicia juvenil.  la investigaci\u00f3n emp\u00edrica se refiere a brasil. Se trata de una investigaci\u00f3n culitativa con sujetos de las instituciones de la justicia juvenil en rio grande del sur.  los resultados apuntan hacia caracter\u00edsticas l\u00edmites y posibilidades de la implementaci\u00f3n de la ley en el contexto brasile\u00f1o.<\/p>\n<p>&nbsp;<\/p>\n<h3>Datos acad\u00e9micos de la tesis doctoral \u00ab<strong>Retorica e realidade dos direitos da crian\u00c1\u00a7a e adolescente no brasil; un analise sociojuridica da lei federal 8069 de 13 de julho de 1990<\/strong>\u00ab<\/h3>\n<ul>\n<li><strong>T\u00edtulo de la tesis:<\/strong>\u00a0 Retorica e realidade dos direitos da crian\u00c1\u00a7a e adolescente no brasil; un analise sociojuridica da lei federal 8069 de 13 de julho de 1990 <\/li>\n<li><strong>Autor:<\/strong>\u00a0 Sinara Porto Fajardo <\/li>\n<li><strong>Universidad:<\/strong>\u00a0 Zaragoza<\/li>\n<li><strong>Fecha de lectura de la tesis:<\/strong>\u00a0 04\/03\/2004<\/li>\n<\/ul>\n<p>&nbsp;<\/p>\n<h3>Direcci\u00f3n y tribunal<\/h3>\n<ul>\n<li><strong>Director de la tesis<\/strong>\n<ul>\n<li>Manuel Calvo Garc\u00eda<\/li>\n<\/ul>\n<\/li>\n<li><strong>Tribunal<\/strong>\n<ul>\n<li>Presidente del tribunal: Juan  Antonio Garcia amado <\/li>\n<li>victor Manuel Moncayo cruz (vocal)<\/li>\n<li>Jos\u00e9 Mart\u00ednez de pis\u00f3n cavero (vocal)<\/li>\n<li>denise fagundes Jardim (vocal)<\/li>\n<\/ul>\n<\/li>\n<\/ul>\n<p>&nbsp;<\/p>\n","protected":false},"excerpt":{"rendered":"<p>Tesis doctoral de Sinara Porto Fajardo La tesis es el resultado de una investigaci\u00f3n sociojur\u00eddica sobre aspectos hist\u00f3ricos, normativos , [&hellip;]<\/p>\n","protected":false},"author":1,"featured_media":0,"comment_status":"open","ping_status":"open","sticky":false,"template":"","format":"standard","meta":{"site-sidebar-layout":"default","site-content-layout":"","ast-site-content-layout":"","site-content-style":"default","site-sidebar-style":"default","ast-global-header-display":"","ast-banner-title-visibility":"","ast-main-header-display":"","ast-hfb-above-header-display":"","ast-hfb-below-header-display":"","ast-hfb-mobile-header-display":"","site-post-title":"","ast-breadcrumbs-content":"","ast-featured-img":"","footer-sml-layout":"","theme-transparent-header-meta":"","adv-header-id-meta":"","stick-header-meta":"","header-above-stick-meta":"","header-main-stick-meta":"","header-below-stick-meta":"","astra-migrate-meta-layouts":"default","ast-page-background-enabled":"default","ast-page-background-meta":{"desktop":{"background-color":"var(--ast-global-color-4)","background-image":"","background-repeat":"repeat","background-position":"center center","background-size":"auto","background-attachment":"scroll","background-type":"","background-media":"","overlay-type":"","overlay-color":"","overlay-gradient":""},"tablet":{"background-color":"","background-image":"","background-repeat":"repeat","background-position":"center center","background-size":"auto","background-attachment":"scroll","background-type":"","background-media":"","overlay-type":"","overlay-color":"","overlay-gradient":""},"mobile":{"background-color":"","background-image":"","background-repeat":"repeat","background-position":"center center","background-size":"auto","background-attachment":"scroll","background-type":"","background-media":"","overlay-type":"","overlay-color":"","overlay-gradient":""}},"ast-content-background-meta":{"desktop":{"background-color":"var(--ast-global-color-5)","background-image":"","background-repeat":"repeat","background-position":"center center","background-size":"auto","background-attachment":"scroll","background-type":"","background-media":"","overlay-type":"","overlay-color":"","overlay-gradient":""},"tablet":{"background-color":"var(--ast-global-color-5)","background-image":"","background-repeat":"repeat","background-position":"center center","background-size":"auto","background-attachment":"scroll","background-type":"","background-media":"","overlay-type":"","overlay-color":"","overlay-gradient":""},"mobile":{"background-color":"var(--ast-global-color-5)","background-image":"","background-repeat":"repeat","background-position":"center center","background-size":"auto","background-attachment":"scroll","background-type":"","background-media":"","overlay-type":"","overlay-color":"","overlay-gradient":""}},"footnotes":""},"categories":[613,13610],"tags":[82257,82256,82254,82253,82252,82255],"class_list":["post-28990","post","type-post","status-publish","format-standard","hentry","category-derecho-penal","category-zaragoza","tag-denise-fagundes-jardim","tag-jose-Martinez-de-pison-cavero","tag-juan-antonio-garcia-amado","tag-manuel-calvo-garcia","tag-sinara-porto-fajardo","tag-victor-manuel-moncayo-cruz"],"_links":{"self":[{"href":"https:\/\/www.deberes.net\/tesis\/wp-json\/wp\/v2\/posts\/28990","targetHints":{"allow":["GET"]}}],"collection":[{"href":"https:\/\/www.deberes.net\/tesis\/wp-json\/wp\/v2\/posts"}],"about":[{"href":"https:\/\/www.deberes.net\/tesis\/wp-json\/wp\/v2\/types\/post"}],"author":[{"embeddable":true,"href":"https:\/\/www.deberes.net\/tesis\/wp-json\/wp\/v2\/users\/1"}],"replies":[{"embeddable":true,"href":"https:\/\/www.deberes.net\/tesis\/wp-json\/wp\/v2\/comments?post=28990"}],"version-history":[{"count":0,"href":"https:\/\/www.deberes.net\/tesis\/wp-json\/wp\/v2\/posts\/28990\/revisions"}],"wp:attachment":[{"href":"https:\/\/www.deberes.net\/tesis\/wp-json\/wp\/v2\/media?parent=28990"}],"wp:term":[{"taxonomy":"category","embeddable":true,"href":"https:\/\/www.deberes.net\/tesis\/wp-json\/wp\/v2\/categories?post=28990"},{"taxonomy":"post_tag","embeddable":true,"href":"https:\/\/www.deberes.net\/tesis\/wp-json\/wp\/v2\/tags?post=28990"}],"curies":[{"name":"wp","href":"https:\/\/api.w.org\/{rel}","templated":true}]}}