{"id":29028,"date":"2004-05-03T00:00:00","date_gmt":"2004-05-03T00:00:00","guid":{"rendered":"https:\/\/www.deberes.net\/tesis\/sin-categoria\/estudio-de-los-habitos-de-salud-en-la-poblacion-de-pamplona\/"},"modified":"2004-05-03T00:00:00","modified_gmt":"2004-05-03T00:00:00","slug":"estudio-de-los-habitos-de-salud-en-la-poblacion-de-pamplona","status":"publish","type":"post","link":"https:\/\/www.deberes.net\/tesis\/pais-vasco-euskal-herriko-unibertsitatea\/estudio-de-los-habitos-de-salud-en-la-poblacion-de-pamplona\/","title":{"rendered":"Estudio de los h\u00e1bitos de salud en la poblaci\u00f3n de pamplona"},"content":{"rendered":"<h2>Tesis doctoral de <strong>  Elizondo Armend\u00e1riz Jos\u00e9 Javier <\/strong><\/h2>\n<p>En el estudio se trata de conocer el patr\u00f3n de consumo, as\u00ed como los h\u00e1bitos y conocimientos alimentarios en la poblaci\u00f3n de pamplona. Tambi\u00e9n se analiza al distribuci\u00f3n de otros h\u00e1bitos de salud como el ejercicio f\u00edsico, consumo de alcohol y tabaco.  se estudian tambi\u00e9n las desigualdades en el patr\u00f3n alimentario y en otros h\u00e1bitos de salud cuando se analizan seg\u00fan las variables socioecon\u00f3micas.  tambi\u00e9n se trata de describir la salud percibida, preValencia de enfermedades y h\u00e1bitos ligados a la salud en dicha poblaci\u00f3n. Se analizan las desigualdades en el nivel entre los diferentes niveles sociodemogr\u00e1ficos.  se comparan las diferencias en el patr\u00f3n alimentario y ejercicio f\u00edsico entre los fumadores y los no fumadores, as\u00ed como las diferencias en los h\u00e1bitos alimentarios seg\u00fan la creencia en el riesgo.  por \u00faltimo se estudia la distribuci\u00f3n de la salud seg\u00fan los estilos de vida.<\/p>\n<p>&nbsp;<\/p>\n<h3>Datos acad\u00e9micos de la tesis doctoral \u00ab<strong>Estudio de los h\u00e1bitos de salud en la poblaci\u00f3n de pamplona<\/strong>\u00ab<\/h3>\n<ul>\n<li><strong>T\u00edtulo de la tesis:<\/strong>\u00a0 Estudio de los h\u00e1bitos de salud en la poblaci\u00f3n de pamplona <\/li>\n<li><strong>Autor:<\/strong>\u00a0  Elizondo Armend\u00e1riz Jos\u00e9 Javier <\/li>\n<li><strong>Universidad:<\/strong>\u00a0 Pa\u00eds vasco\/euskal herriko unibertsitatea<\/li>\n<li><strong>Fecha de lectura de la tesis:<\/strong>\u00a0 05\/03\/2004<\/li>\n<\/ul>\n<p>&nbsp;<\/p>\n<h3>Direcci\u00f3n y tribunal<\/h3>\n<ul>\n<li><strong>Director de la tesis<\/strong>\n<ul>\n<li>Francisco Guillen Grima<\/li>\n<\/ul>\n<\/li>\n<li><strong>Tribunal<\/strong>\n<ul>\n<li>Presidente del tribunal: Manuel Dominguez  carmona <\/li>\n<li>Luis Carlos Abecia inchaurregui (vocal)<\/li>\n<li>Juan  Jes\u00fas Gestal otero (vocal)<\/li>\n<li> Vi\u00f1es rueda Jos\u00e9 Javier (vocal)<\/li>\n<\/ul>\n<\/li>\n<\/ul>\n<p>&nbsp;<\/p>\n","protected":false},"excerpt":{"rendered":"<p>Tesis doctoral de Elizondo Armend\u00e1riz Jos\u00e9 Javier En el estudio se trata de conocer el patr\u00f3n de consumo, as\u00ed como [&hellip;]<\/p>\n","protected":false},"author":1,"featured_media":0,"comment_status":"open","ping_status":"open","sticky":false,"template":"","format":"standard","meta":{"site-sidebar-layout":"default","site-content-layout":"","ast-site-content-layout":"","site-content-style":"default","site-sidebar-style":"default","ast-global-header-display":"","ast-banner-title-visibility":"","ast-main-header-display":"","ast-hfb-above-header-display":"","ast-hfb-below-header-display":"","ast-hfb-mobile-header-display":"","site-post-title":"","ast-breadcrumbs-content":"","ast-featured-img":"","footer-sml-layout":"","theme-transparent-header-meta":"","adv-header-id-meta":"","stick-header-meta":"","header-above-stick-meta":"","header-main-stick-meta":"","header-below-stick-meta":"","astra-migrate-meta-layouts":"default","ast-page-background-enabled":"default","ast-page-background-meta":{"desktop":{"background-color":"var(--ast-global-color-4)","background-image":"","background-repeat":"repeat","background-position":"center center","background-size":"auto","background-attachment":"scroll","background-type":"","background-media":"","overlay-type":"","overlay-color":"","overlay-gradient":""},"tablet":{"background-color":"","background-image":"","background-repeat":"repeat","background-position":"center center","background-size":"auto","background-attachment":"scroll","background-type":"","background-media":"","overlay-type":"","overlay-color":"","overlay-gradient":""},"mobile":{"background-color":"","background-image":"","background-repeat":"repeat","background-position":"center center","background-size":"auto","background-attachment":"scroll","background-type":"","background-media":"","overlay-type":"","overlay-color":"","overlay-gradient":""}},"ast-content-background-meta":{"desktop":{"background-color":"var(--ast-global-color-5)","background-image":"","background-repeat":"repeat","background-position":"center center","background-size":"auto","background-attachment":"scroll","background-type":"","background-media":"","overlay-type":"","overlay-color":"","overlay-gradient":""},"tablet":{"background-color":"var(--ast-global-color-5)","background-image":"","background-repeat":"repeat","background-position":"center center","background-size":"auto","background-attachment":"scroll","background-type":"","background-media":"","overlay-type":"","overlay-color":"","overlay-gradient":""},"mobile":{"background-color":"var(--ast-global-color-5)","background-image":"","background-repeat":"repeat","background-position":"center center","background-size":"auto","background-attachment":"scroll","background-type":"","background-media":"","overlay-type":"","overlay-color":"","overlay-gradient":""}},"footnotes":""},"categories":[12909],"tags":[82331,8237,2686,41246,602,57592],"class_list":["post-29028","post","type-post","status-publish","format-standard","hentry","category-pais-vasco-euskal-herriko-unibertsitatea","tag-elizondo-armendariz-jose-javier","tag-francisco-guillen-grima","tag-juan-jesus-gestal-otero","tag-luis-carlos-abecia-inchaurregui","tag-manuel-dominguez-carmona","tag-vines-rueda-jose-javier"],"_links":{"self":[{"href":"https:\/\/www.deberes.net\/tesis\/wp-json\/wp\/v2\/posts\/29028","targetHints":{"allow":["GET"]}}],"collection":[{"href":"https:\/\/www.deberes.net\/tesis\/wp-json\/wp\/v2\/posts"}],"about":[{"href":"https:\/\/www.deberes.net\/tesis\/wp-json\/wp\/v2\/types\/post"}],"author":[{"embeddable":true,"href":"https:\/\/www.deberes.net\/tesis\/wp-json\/wp\/v2\/users\/1"}],"replies":[{"embeddable":true,"href":"https:\/\/www.deberes.net\/tesis\/wp-json\/wp\/v2\/comments?post=29028"}],"version-history":[{"count":0,"href":"https:\/\/www.deberes.net\/tesis\/wp-json\/wp\/v2\/posts\/29028\/revisions"}],"wp:attachment":[{"href":"https:\/\/www.deberes.net\/tesis\/wp-json\/wp\/v2\/media?parent=29028"}],"wp:term":[{"taxonomy":"category","embeddable":true,"href":"https:\/\/www.deberes.net\/tesis\/wp-json\/wp\/v2\/categories?post=29028"},{"taxonomy":"post_tag","embeddable":true,"href":"https:\/\/www.deberes.net\/tesis\/wp-json\/wp\/v2\/tags?post=29028"}],"curies":[{"name":"wp","href":"https:\/\/api.w.org\/{rel}","templated":true}]}}