{"id":29103,"date":"2004-10-03T00:00:00","date_gmt":"2004-10-03T00:00:00","guid":{"rendered":"https:\/\/www.deberes.net\/tesis\/sin-categoria\/fundamentos-para-una-teoria-idealista-de-la-creacion-poetica\/"},"modified":"2004-10-03T00:00:00","modified_gmt":"2004-10-03T00:00:00","slug":"fundamentos-para-una-teoria-idealista-de-la-creacion-poetica","status":"publish","type":"post","link":"https:\/\/www.deberes.net\/tesis\/sin-categoria\/fundamentos-para-una-teoria-idealista-de-la-creacion-poetica\/","title":{"rendered":"Fundamentos para una teor\u00eda idealista de la creaci\u00f3n po\u00e9tica"},"content":{"rendered":"<h2>Tesis doctoral de <strong> Angel Ruperez Cibrian <\/strong><\/h2>\n<p>Con el t\u00edtulo fundamentos para una teor\u00eda idealista de la creaci\u00f3n po\u00e9tica, se ha pretendido encontrar una base explicativa de la creaci\u00f3n po\u00e9tica por medio de un concepto nuclear que se ha llamado experiencia interior. buena parte del trabajo se ha destinado a llenar de contenidos este concepto indispensable para entender la generaci\u00f3n de la obras. El espacio mediador que supone la tradici\u00f3n encauza las aportaciones generadoras de la experiencia. pero, adem\u00e1s, no hay obra art\u00edstica sin concebir tras ellas y despu\u00e9s de ella el \u00e1mbito del tiempo, lo cual ha dado lugar a un amplio apartado en el que se ha explorado el dominio de la temporalidad que rodea la concepci\u00f3n y recepci\u00f3n de las obras. Pero, adem\u00e1s, tampoco hay obra art\u00edstica sin lenguaje: otro apartado de la tesis se ha destinado a definir las peculiaridades del lenguaje art\u00edstico y algunas de sus potencialidades m\u00e1s misteriosas (\u00c2\u00bfpor qu\u00e9 el lenguaje llegar a ser lo que es en las obras art\u00edsticas, fuente incesante de significados mult\u00edvocos e inatrapables?). Por \u00faltimo, tambi\u00e9n se ha examinado, como \u00faltima consecuencia del planteamiento inicial, la universalidad de las artes y el herranamiento entre todas ellas: \u00c2\u00bfpuede arg\u00ed\u00bcirse que no hay barreras esenciales entre todas las artes puesto que todas ellas responde al mismo fundamento generativo?<\/p>\n<p>&nbsp;<\/p>\n<h3>Datos acad\u00e9micos de la tesis doctoral \u00ab<strong>Fundamentos para una teor\u00eda idealista de la creaci\u00f3n po\u00e9tica<\/strong>\u00ab<\/h3>\n<ul>\n<li><strong>T\u00edtulo de la tesis:<\/strong>\u00a0 Fundamentos para una teor\u00eda idealista de la creaci\u00f3n po\u00e9tica <\/li>\n<li><strong>Autor:<\/strong>\u00a0 Angel Ruperez Cibrian <\/li>\n<li><strong>Universidad:<\/strong>\u00a0 Aut\u00f3noma de Madrid<\/li>\n<li><strong>Fecha de lectura de la tesis:<\/strong>\u00a0 10\/03\/2004<\/li>\n<\/ul>\n<p>&nbsp;<\/p>\n<h3>Direcci\u00f3n y tribunal<\/h3>\n<ul>\n<li><strong>Director de la tesis<\/strong>\n<ul>\n<li>Antonio  Pedro Garcia Berrio  Hernandez<\/li>\n<\/ul>\n<\/li>\n<li><strong>Tribunal<\/strong>\n<ul>\n<li>Presidente del tribunal: tomas Albaladejo mayordomo <\/li>\n<li>Mar\u00eda teresa Hern\u00e1ndez fern\u00e1ndez (vocal)<\/li>\n<li>Jaime Siles (vocal)<\/li>\n<li>Juan Villar degano (vocal)<\/li>\n<\/ul>\n<\/li>\n<\/ul>\n<p>&nbsp;<\/p>\n","protected":false},"excerpt":{"rendered":"<p>Tesis doctoral de Angel Ruperez Cibrian Con el t\u00edtulo fundamentos para una teor\u00eda idealista de la creaci\u00f3n po\u00e9tica, se ha [&hellip;]<\/p>\n","protected":false},"author":1,"featured_media":0,"comment_status":"open","ping_status":"open","sticky":false,"template":"","format":"standard","meta":{"site-sidebar-layout":"default","site-content-layout":"","ast-site-content-layout":"","site-content-style":"default","site-sidebar-style":"default","ast-global-header-display":"","ast-banner-title-visibility":"","ast-main-header-display":"","ast-hfb-above-header-display":"","ast-hfb-below-header-display":"","ast-hfb-mobile-header-display":"","site-post-title":"","ast-breadcrumbs-content":"","ast-featured-img":"","footer-sml-layout":"","theme-transparent-header-meta":"","adv-header-id-meta":"","stick-header-meta":"","header-above-stick-meta":"","header-main-stick-meta":"","header-below-stick-meta":"","astra-migrate-meta-layouts":"default","ast-page-background-enabled":"default","ast-page-background-meta":{"desktop":{"background-color":"var(--ast-global-color-4)","background-image":"","background-repeat":"repeat","background-position":"center center","background-size":"auto","background-attachment":"scroll","background-type":"","background-media":"","overlay-type":"","overlay-color":"","overlay-gradient":""},"tablet":{"background-color":"","background-image":"","background-repeat":"repeat","background-position":"center center","background-size":"auto","background-attachment":"scroll","background-type":"","background-media":"","overlay-type":"","overlay-color":"","overlay-gradient":""},"mobile":{"background-color":"","background-image":"","background-repeat":"repeat","background-position":"center center","background-size":"auto","background-attachment":"scroll","background-type":"","background-media":"","overlay-type":"","overlay-color":"","overlay-gradient":""}},"ast-content-background-meta":{"desktop":{"background-color":"var(--ast-global-color-5)","background-image":"","background-repeat":"repeat","background-position":"center center","background-size":"auto","background-attachment":"scroll","background-type":"","background-media":"","overlay-type":"","overlay-color":"","overlay-gradient":""},"tablet":{"background-color":"var(--ast-global-color-5)","background-image":"","background-repeat":"repeat","background-position":"center center","background-size":"auto","background-attachment":"scroll","background-type":"","background-media":"","overlay-type":"","overlay-color":"","overlay-gradient":""},"mobile":{"background-color":"var(--ast-global-color-5)","background-image":"","background-repeat":"repeat","background-position":"center center","background-size":"auto","background-attachment":"scroll","background-type":"","background-media":"","overlay-type":"","overlay-color":"","overlay-gradient":""}},"footnotes":""},"categories":[1],"tags":[82490,14762,82491,45958,19385,4759],"class_list":["post-29103","post","type-post","status-publish","format-standard","hentry","category-sin-categoria","tag-angel-ruperez-cibrian","tag-antonio-pedro-garcia-berrio-hernandez","tag-jaime-siles","tag-juan-villar-degano","tag-maria-teresa-hernandez-fernandez","tag-tomas-albaladejo-mayordomo"],"_links":{"self":[{"href":"https:\/\/www.deberes.net\/tesis\/wp-json\/wp\/v2\/posts\/29103","targetHints":{"allow":["GET"]}}],"collection":[{"href":"https:\/\/www.deberes.net\/tesis\/wp-json\/wp\/v2\/posts"}],"about":[{"href":"https:\/\/www.deberes.net\/tesis\/wp-json\/wp\/v2\/types\/post"}],"author":[{"embeddable":true,"href":"https:\/\/www.deberes.net\/tesis\/wp-json\/wp\/v2\/users\/1"}],"replies":[{"embeddable":true,"href":"https:\/\/www.deberes.net\/tesis\/wp-json\/wp\/v2\/comments?post=29103"}],"version-history":[{"count":0,"href":"https:\/\/www.deberes.net\/tesis\/wp-json\/wp\/v2\/posts\/29103\/revisions"}],"wp:attachment":[{"href":"https:\/\/www.deberes.net\/tesis\/wp-json\/wp\/v2\/media?parent=29103"}],"wp:term":[{"taxonomy":"category","embeddable":true,"href":"https:\/\/www.deberes.net\/tesis\/wp-json\/wp\/v2\/categories?post=29103"},{"taxonomy":"post_tag","embeddable":true,"href":"https:\/\/www.deberes.net\/tesis\/wp-json\/wp\/v2\/tags?post=29103"}],"curies":[{"name":"wp","href":"https:\/\/api.w.org\/{rel}","templated":true}]}}