{"id":29133,"date":"2004-12-03T00:00:00","date_gmt":"2004-12-03T00:00:00","guid":{"rendered":"https:\/\/www.deberes.net\/tesis\/sin-categoria\/qa%c2%bcestions-legislatives-problemes-institucionals-i-conflictes-pola%c2%adtics-a-la-catalunya-mitjan-segle-xvi\/"},"modified":"2004-12-03T00:00:00","modified_gmt":"2004-12-03T00:00:00","slug":"qa%c2%bcestions-legislatives-problemes-institucionals-i-conflictes-pola%c2%adtics-a-la-catalunya-mitjan-segle-xvi","status":"publish","type":"post","link":"https:\/\/www.deberes.net\/tesis\/barcelona\/qa%c2%bcestions-legislatives-problemes-institucionals-i-conflictes-pola%c2%adtics-a-la-catalunya-mitjan-segle-xvi\/","title":{"rendered":"Q\u00c1\u00bcestions legislatives, problemes institucionals i conflictes pol\u00edtics a la catalunya mitjan segle xvi"},"content":{"rendered":"<h2>Tesis doctoral de <strong> Jordi Buyreu Juan <\/strong><\/h2>\n<p>Esta investigaci\u00f3n se acerca a la realidad pol\u00edtica e institucional de la catalunya de mediados del siglo xvi. Despu\u00e9s de un cap\u00edtulo introductorio sobre la estructura de gobierno del imperio de carlos v, se aborda la problem\u00e1tica que suscitaron las abdicaciones de bruselas en la corona de arag\u00f3n.  Tambi\u00e9n se analizan las asambleas legislativas del per\u00edodo (1542, 1547, 1552 y 1563-64) y las m\u00faltiples tensiones que hubo entre los brazos y la persona que presid\u00eda las cortes (carlos v o felipe ii).  posteriormente se estudia el bandolerismo, ya que fue uno de los principales problemas de la sociedad catalana en la \u00e9poca moderna y se intenta profundizar porqu\u00e9 perdur\u00f3 en el tiempo este fen\u00f3meno si la monarqu\u00eda y las instituciones catalanas quer\u00edan erradicarlo.  para finalizar, la tesis trata sobre todas las cuestiones relacionadas con la situaci\u00f3n geogr\u00e1fica de catalunya y que incidieron directa o indirectamente sobre sus habitantes:  * el alojamiento de tropas en la frontera con francia.  * la construcci\u00f3n de foritificaciones en la frontera y en el litoral mediterr\u00e1neo.  * la prohibici\u00f3n del comercio en conyunturas b\u00e9licas entre la monarqu\u00eda hisp\u00e1nica y la monarqu\u00eda francesa.<\/p>\n<p>&nbsp;<\/p>\n<h3>Datos acad\u00e9micos de la tesis doctoral \u00ab<strong>Q\u00c1\u00bcestions legislatives, problemes institucionals i conflictes pol\u00edtics a la catalunya mitjan segle xvi<\/strong>\u00ab<\/h3>\n<ul>\n<li><strong>T\u00edtulo de la tesis:<\/strong>\u00a0 Q\u00c1\u00bcestions legislatives, problemes institucionals i conflictes pol\u00edtics a la catalunya mitjan segle xvi <\/li>\n<li><strong>Autor:<\/strong>\u00a0 Jordi Buyreu Juan <\/li>\n<li><strong>Universidad:<\/strong>\u00a0 Barcelona<\/li>\n<li><strong>Fecha de lectura de la tesis:<\/strong>\u00a0 12\/03\/2004<\/li>\n<\/ul>\n<p>&nbsp;<\/p>\n<h3>Direcci\u00f3n y tribunal<\/h3>\n<ul>\n<li><strong>Director de la tesis<\/strong>\n<ul>\n<li>Ernest Belenguer Cebria<\/li>\n<\/ul>\n<\/li>\n<li><strong>Tribunal<\/strong>\n<ul>\n<li>Presidente del tribunal: giuseppe Galasso <\/li>\n<li>valent\u00ed Gula vil? (vocal)<\/li>\n<li>antoni Simon tarres (vocal)<\/li>\n<li>teresa Canet aparisi (vocal)<\/li>\n<\/ul>\n<\/li>\n<\/ul>\n<p>&nbsp;<\/p>\n","protected":false},"excerpt":{"rendered":"<p>Tesis doctoral de Jordi Buyreu Juan Esta investigaci\u00f3n se acerca a la realidad pol\u00edtica e institucional de la catalunya de [&hellip;]<\/p>\n","protected":false},"author":1,"featured_media":0,"comment_status":"open","ping_status":"open","sticky":false,"template":"","format":"standard","meta":{"site-sidebar-layout":"default","site-content-layout":"","ast-site-content-layout":"","site-content-style":"default","site-sidebar-style":"default","ast-global-header-display":"","ast-banner-title-visibility":"","ast-main-header-display":"","ast-hfb-above-header-display":"","ast-hfb-below-header-display":"","ast-hfb-mobile-header-display":"","site-post-title":"","ast-breadcrumbs-content":"","ast-featured-img":"","footer-sml-layout":"","theme-transparent-header-meta":"","adv-header-id-meta":"","stick-header-meta":"","header-above-stick-meta":"","header-main-stick-meta":"","header-below-stick-meta":"","astra-migrate-meta-layouts":"default","ast-page-background-enabled":"default","ast-page-background-meta":{"desktop":{"background-color":"var(--ast-global-color-4)","background-image":"","background-repeat":"repeat","background-position":"center center","background-size":"auto","background-attachment":"scroll","background-type":"","background-media":"","overlay-type":"","overlay-color":"","overlay-gradient":""},"tablet":{"background-color":"","background-image":"","background-repeat":"repeat","background-position":"center center","background-size":"auto","background-attachment":"scroll","background-type":"","background-media":"","overlay-type":"","overlay-color":"","overlay-gradient":""},"mobile":{"background-color":"","background-image":"","background-repeat":"repeat","background-position":"center center","background-size":"auto","background-attachment":"scroll","background-type":"","background-media":"","overlay-type":"","overlay-color":"","overlay-gradient":""}},"ast-content-background-meta":{"desktop":{"background-color":"var(--ast-global-color-5)","background-image":"","background-repeat":"repeat","background-position":"center center","background-size":"auto","background-attachment":"scroll","background-type":"","background-media":"","overlay-type":"","overlay-color":"","overlay-gradient":""},"tablet":{"background-color":"var(--ast-global-color-5)","background-image":"","background-repeat":"repeat","background-position":"center center","background-size":"auto","background-attachment":"scroll","background-type":"","background-media":"","overlay-type":"","overlay-color":"","overlay-gradient":""},"mobile":{"background-color":"var(--ast-global-color-5)","background-image":"","background-repeat":"repeat","background-position":"center center","background-size":"auto","background-attachment":"scroll","background-type":"","background-media":"","overlay-type":"","overlay-color":"","overlay-gradient":""}},"footnotes":""},"categories":[951,989],"tags":[13828,27634,82558,82557,82560,82559],"class_list":["post-29133","post","type-post","status-publish","format-standard","hentry","category-barcelona","category-historia-moderna","tag-antoni-simon-tarres","tag-ernest-belenguer-cebria","tag-giuseppe-galasso","tag-jordi-buyreu-juan","tag-teresa-canet-aparisi","tag-valenti-gula-vil"],"_links":{"self":[{"href":"https:\/\/www.deberes.net\/tesis\/wp-json\/wp\/v2\/posts\/29133","targetHints":{"allow":["GET"]}}],"collection":[{"href":"https:\/\/www.deberes.net\/tesis\/wp-json\/wp\/v2\/posts"}],"about":[{"href":"https:\/\/www.deberes.net\/tesis\/wp-json\/wp\/v2\/types\/post"}],"author":[{"embeddable":true,"href":"https:\/\/www.deberes.net\/tesis\/wp-json\/wp\/v2\/users\/1"}],"replies":[{"embeddable":true,"href":"https:\/\/www.deberes.net\/tesis\/wp-json\/wp\/v2\/comments?post=29133"}],"version-history":[{"count":0,"href":"https:\/\/www.deberes.net\/tesis\/wp-json\/wp\/v2\/posts\/29133\/revisions"}],"wp:attachment":[{"href":"https:\/\/www.deberes.net\/tesis\/wp-json\/wp\/v2\/media?parent=29133"}],"wp:term":[{"taxonomy":"category","embeddable":true,"href":"https:\/\/www.deberes.net\/tesis\/wp-json\/wp\/v2\/categories?post=29133"},{"taxonomy":"post_tag","embeddable":true,"href":"https:\/\/www.deberes.net\/tesis\/wp-json\/wp\/v2\/tags?post=29133"}],"curies":[{"name":"wp","href":"https:\/\/api.w.org\/{rel}","templated":true}]}}