{"id":29136,"date":"2004-12-03T00:00:00","date_gmt":"2004-12-03T00:00:00","guid":{"rendered":"https:\/\/www.deberes.net\/tesis\/sin-categoria\/desarrollo-de-un-algoritmo-para-la-realizacion-de-una-escala-nacional-de-tiempo-atomico\/"},"modified":"2004-12-03T00:00:00","modified_gmt":"2004-12-03T00:00:00","slug":"desarrollo-de-un-algoritmo-para-la-realizacion-de-una-escala-nacional-de-tiempo-atomico","status":"publish","type":"post","link":"https:\/\/www.deberes.net\/tesis\/cadiz\/desarrollo-de-un-algoritmo-para-la-realizacion-de-una-escala-nacional-de-tiempo-atomico\/","title":{"rendered":"Desarrollo de un algoritmo para la realizaci\u00f3n de una escala nacional de tiempo at\u00f3mico"},"content":{"rendered":"<h2>Tesis doctoral de <strong> Francisco Javier Galindo Mendoza <\/strong><\/h2>\n<p>Son muchas las aplicaciones de la medida del tiempo y de la frecuencia en las que se reclama un sistema de datado exacto y universal: ello requiere la definici\u00f3n de un sistema de referencia universal que d\u00e9 significado \u00fanico a cada medida, permitiendo la comparaci\u00f3n de medidas efectuadas en lugares e instantes diferentes. Su componente temporal se denomina \u00abescala de tiempo\u00bb.  con la nueva definici\u00f3n del segundo, adoptada durante la xiii\u00aa conferencia general de pesas y medidas, la unidad de tiempo si puede materializarse en tiempo real a partir de relojes at\u00f3micos de precisi\u00f3n, y su acumulaci\u00f3n sin interrupci\u00f3n da lugar a una escala de tiempo tan precisa como nunca antes estuvo definida.  cuando se desea disponer de una referencia temporal al m\u00e1ximo nivel de exactitud, fiabilidad y estabilidad, es importante diponer de m\u00e1s de un patr\u00f3n de calidades parecidas. La adecuada combinaci\u00f3n del conjunto da paso a la definic\u00edon de un \u00absegundo medio\u00bb, con las mejores caracter\u00edsticas estad\u00edsticas, empleado como base de tiempo de una escala en la que la continuidad queda garantizada, incluso en caso de fallo de alguno de los patrones integrantes.  conforme a las m\u00e1s recientes recomendaciones efectuadas, referentes al acuerdo entre la referencia temporal internacionalmente adoptada (utc) y sus respectivas realizaciones en cada pa\u00eds como base de la definici\u00f3n de su hora legal, la diferencia entre ambas escalas deber\u00eda mantenerse inferior a 100 nanosegundos, en valor absoluto (xii\u00aa asamblea del comit\u00e9 consultivo para la definici\u00f3n del segundo, 1993). Con las actuales prestaciones de los patrones at\u00f3micos a disposici\u00f3n, no resulta suficiente el empleo de un solo patron en la generaci\u00f3n de una escala nacional de tiempo at\u00f3mico, por lo que se hace necesaria la elaboraci\u00f3n de uan escala de tiempo at\u00f3mico a partir de un determinado algoritmo de c\u00e1lculo capaz de proporcionar una marcha media con mejores prestaciones en cuanto<\/p>\n<p>&nbsp;<\/p>\n<h3>Datos acad\u00e9micos de la tesis doctoral \u00ab<strong>Desarrollo de un algoritmo para la realizaci\u00f3n de una escala nacional de tiempo at\u00f3mico<\/strong>\u00ab<\/h3>\n<ul>\n<li><strong>T\u00edtulo de la tesis:<\/strong>\u00a0 Desarrollo de un algoritmo para la realizaci\u00f3n de una escala nacional de tiempo at\u00f3mico <\/li>\n<li><strong>Autor:<\/strong>\u00a0 Francisco Javier Galindo Mendoza <\/li>\n<li><strong>Universidad:<\/strong>\u00a0 C\u00e1diz<\/li>\n<li><strong>Fecha de lectura de la tesis:<\/strong>\u00a0 12\/03\/2004<\/li>\n<\/ul>\n<p>&nbsp;<\/p>\n<h3>Direcci\u00f3n y tribunal<\/h3>\n<ul>\n<li><strong>Director de la tesis<\/strong>\n<ul>\n<li>Patrizia Tavella<\/li>\n<\/ul>\n<\/li>\n<li><strong>Tribunal<\/strong>\n<ul>\n<li>Presidente del tribunal: bego\u00f1a Tejedor alvarez <\/li>\n<li>roca Rafael Bol\u00f3ix Carlos (vocal)<\/li>\n<li>felicitas Arias elisa (vocal)<\/li>\n<li>Juan  Jos\u00e9 Ruiz p\u00e9rez (vocal)<\/li>\n<\/ul>\n<\/li>\n<\/ul>\n<p>&nbsp;<\/p>\n","protected":false},"excerpt":{"rendered":"<p>Tesis doctoral de Francisco Javier Galindo Mendoza Son muchas las aplicaciones de la medida del tiempo y de la frecuencia [&hellip;]<\/p>\n","protected":false},"author":1,"featured_media":0,"comment_status":"open","ping_status":"open","sticky":false,"template":"","format":"standard","meta":{"site-sidebar-layout":"default","site-content-layout":"","ast-site-content-layout":"","site-content-style":"default","site-sidebar-style":"default","ast-global-header-display":"","ast-banner-title-visibility":"","ast-main-header-display":"","ast-hfb-above-header-display":"","ast-hfb-below-header-display":"","ast-hfb-mobile-header-display":"","site-post-title":"","ast-breadcrumbs-content":"","ast-featured-img":"","footer-sml-layout":"","theme-transparent-header-meta":"","adv-header-id-meta":"","stick-header-meta":"","header-above-stick-meta":"","header-main-stick-meta":"","header-below-stick-meta":"","astra-migrate-meta-layouts":"default","ast-page-background-enabled":"default","ast-page-background-meta":{"desktop":{"background-color":"var(--ast-global-color-4)","background-image":"","background-repeat":"repeat","background-position":"center center","background-size":"auto","background-attachment":"scroll","background-type":"","background-media":"","overlay-type":"","overlay-color":"","overlay-gradient":""},"tablet":{"background-color":"","background-image":"","background-repeat":"repeat","background-position":"center center","background-size":"auto","background-attachment":"scroll","background-type":"","background-media":"","overlay-type":"","overlay-color":"","overlay-gradient":""},"mobile":{"background-color":"","background-image":"","background-repeat":"repeat","background-position":"center center","background-size":"auto","background-attachment":"scroll","background-type":"","background-media":"","overlay-type":"","overlay-color":"","overlay-gradient":""}},"ast-content-background-meta":{"desktop":{"background-color":"var(--ast-global-color-5)","background-image":"","background-repeat":"repeat","background-position":"center center","background-size":"auto","background-attachment":"scroll","background-type":"","background-media":"","overlay-type":"","overlay-color":"","overlay-gradient":""},"tablet":{"background-color":"var(--ast-global-color-5)","background-image":"","background-repeat":"repeat","background-position":"center center","background-size":"auto","background-attachment":"scroll","background-type":"","background-media":"","overlay-type":"","overlay-color":"","overlay-gradient":""},"mobile":{"background-color":"var(--ast-global-color-5)","background-image":"","background-repeat":"repeat","background-position":"center center","background-size":"auto","background-attachment":"scroll","background-type":"","background-media":"","overlay-type":"","overlay-color":"","overlay-gradient":""}},"footnotes":""},"categories":[1506],"tags":[26274,82569,82566,82570,82567,82568],"class_list":["post-29136","post","type-post","status-publish","format-standard","hentry","category-cadiz","tag-begona-tejedor-alvarez","tag-felicitas-arias-elisa","tag-francisco-javier-galindo-mendoza","tag-juan-jose-ruiz-perez","tag-patrizia-tavella","tag-roca-rafael-boloix-carlos"],"_links":{"self":[{"href":"https:\/\/www.deberes.net\/tesis\/wp-json\/wp\/v2\/posts\/29136","targetHints":{"allow":["GET"]}}],"collection":[{"href":"https:\/\/www.deberes.net\/tesis\/wp-json\/wp\/v2\/posts"}],"about":[{"href":"https:\/\/www.deberes.net\/tesis\/wp-json\/wp\/v2\/types\/post"}],"author":[{"embeddable":true,"href":"https:\/\/www.deberes.net\/tesis\/wp-json\/wp\/v2\/users\/1"}],"replies":[{"embeddable":true,"href":"https:\/\/www.deberes.net\/tesis\/wp-json\/wp\/v2\/comments?post=29136"}],"version-history":[{"count":0,"href":"https:\/\/www.deberes.net\/tesis\/wp-json\/wp\/v2\/posts\/29136\/revisions"}],"wp:attachment":[{"href":"https:\/\/www.deberes.net\/tesis\/wp-json\/wp\/v2\/media?parent=29136"}],"wp:term":[{"taxonomy":"category","embeddable":true,"href":"https:\/\/www.deberes.net\/tesis\/wp-json\/wp\/v2\/categories?post=29136"},{"taxonomy":"post_tag","embeddable":true,"href":"https:\/\/www.deberes.net\/tesis\/wp-json\/wp\/v2\/tags?post=29136"}],"curies":[{"name":"wp","href":"https:\/\/api.w.org\/{rel}","templated":true}]}}