{"id":29178,"date":"2004-12-03T00:00:00","date_gmt":"2004-12-03T00:00:00","guid":{"rendered":"https:\/\/www.deberes.net\/tesis\/sin-categoria\/el-defensor-del-pueblo-andaluz\/"},"modified":"2004-12-03T00:00:00","modified_gmt":"2004-12-03T00:00:00","slug":"el-defensor-del-pueblo-andaluz","status":"publish","type":"post","link":"https:\/\/www.deberes.net\/tesis\/jaen\/el-defensor-del-pueblo-andaluz\/","title":{"rendered":"El defensor del pueblo andaluz"},"content":{"rendered":"<h2>Tesis doctoral de <strong> Alberto Anguita Susi <\/strong><\/h2>\n<p>En la tesis presentada se analiza el r\u00e9gimen jur\u00eddico de la figura del defensor del pueblo andaluz desde una perspectiva te\u00f3rica y propia del derecho constitucional pero sin perder de vista el funcionamiento pr\u00e1ctico de la misma. Este doble enfoque permite responder a los siguientes interrogantes: \u00c2\u00bfqu\u00e9 eficacia tiene la actuaci\u00f3n de la instituci\u00f3n? \u00c2\u00bfc\u00f3mo funciona en la pr\u00e1ctica? \u00c2\u00bfqu\u00e9 grado de traducci\u00f3n tienen sus propuestas? En definitiva, se trata de concretar cu\u00e1l es el funcionamiento efectivo de este importante mecanismo de control externo de la administraci\u00f3n, elegido para ello por el parlamento.<\/p>\n<p>&nbsp;<\/p>\n<h3>Datos acad\u00e9micos de la tesis doctoral \u00ab<strong>El defensor del pueblo andaluz<\/strong>\u00ab<\/h3>\n<ul>\n<li><strong>T\u00edtulo de la tesis:<\/strong>\u00a0 El defensor del pueblo andaluz <\/li>\n<li><strong>Autor:<\/strong>\u00a0 Alberto Anguita Susi <\/li>\n<li><strong>Universidad:<\/strong>\u00a0 Ja\u00e9n<\/li>\n<li><strong>Fecha de lectura de la tesis:<\/strong>\u00a0 12\/03\/2004<\/li>\n<\/ul>\n<p>&nbsp;<\/p>\n<h3>Direcci\u00f3n y tribunal<\/h3>\n<ul>\n<li><strong>Director de la tesis<\/strong>\n<ul>\n<li> Ruiz Rico Ruiz Gerardo<\/li>\n<\/ul>\n<\/li>\n<li><strong>Tribunal<\/strong>\n<ul>\n<li>Presidente del tribunal: Antonio Porras nadales <\/li>\n<li>Alberto Perez calvo (vocal)<\/li>\n<li>Manuel Terol becerra (vocal)<\/li>\n<li> Lopez ulla Juan  Manuel (vocal)<\/li>\n<\/ul>\n<\/li>\n<\/ul>\n<p>&nbsp;<\/p>\n","protected":false},"excerpt":{"rendered":"<p>Tesis doctoral de Alberto Anguita Susi En la tesis presentada se analiza el r\u00e9gimen jur\u00eddico de la figura del defensor [&hellip;]<\/p>\n","protected":false},"author":1,"featured_media":0,"comment_status":"open","ping_status":"open","sticky":false,"template":"","format":"standard","meta":{"site-sidebar-layout":"default","site-content-layout":"","ast-site-content-layout":"","site-content-style":"default","site-sidebar-style":"default","ast-global-header-display":"","ast-banner-title-visibility":"","ast-main-header-display":"","ast-hfb-above-header-display":"","ast-hfb-below-header-display":"","ast-hfb-mobile-header-display":"","site-post-title":"","ast-breadcrumbs-content":"","ast-featured-img":"","footer-sml-layout":"","theme-transparent-header-meta":"","adv-header-id-meta":"","stick-header-meta":"","header-above-stick-meta":"","header-main-stick-meta":"","header-below-stick-meta":"","astra-migrate-meta-layouts":"default","ast-page-background-enabled":"default","ast-page-background-meta":{"desktop":{"background-color":"var(--ast-global-color-4)","background-image":"","background-repeat":"repeat","background-position":"center center","background-size":"auto","background-attachment":"scroll","background-type":"","background-media":"","overlay-type":"","overlay-color":"","overlay-gradient":""},"tablet":{"background-color":"","background-image":"","background-repeat":"repeat","background-position":"center center","background-size":"auto","background-attachment":"scroll","background-type":"","background-media":"","overlay-type":"","overlay-color":"","overlay-gradient":""},"mobile":{"background-color":"","background-image":"","background-repeat":"repeat","background-position":"center center","background-size":"auto","background-attachment":"scroll","background-type":"","background-media":"","overlay-type":"","overlay-color":"","overlay-gradient":""}},"ast-content-background-meta":{"desktop":{"background-color":"var(--ast-global-color-5)","background-image":"","background-repeat":"repeat","background-position":"center center","background-size":"auto","background-attachment":"scroll","background-type":"","background-media":"","overlay-type":"","overlay-color":"","overlay-gradient":""},"tablet":{"background-color":"var(--ast-global-color-5)","background-image":"","background-repeat":"repeat","background-position":"center center","background-size":"auto","background-attachment":"scroll","background-type":"","background-media":"","overlay-type":"","overlay-color":"","overlay-gradient":""},"mobile":{"background-color":"var(--ast-global-color-5)","background-image":"","background-repeat":"repeat","background-position":"center center","background-size":"auto","background-attachment":"scroll","background-type":"","background-media":"","overlay-type":"","overlay-color":"","overlay-gradient":""}},"footnotes":""},"categories":[18923],"tags":[82662,22882,3965,51372,56828,70471],"class_list":["post-29178","post","type-post","status-publish","format-standard","hentry","category-jaen","tag-alberto-anguita-susi","tag-alberto-perez-calvo","tag-antonio-porras-nadales","tag-lopez-ulla-juan-manuel","tag-manuel-terol-becerra","tag-ruiz-rico-ruiz-gerardo"],"_links":{"self":[{"href":"https:\/\/www.deberes.net\/tesis\/wp-json\/wp\/v2\/posts\/29178","targetHints":{"allow":["GET"]}}],"collection":[{"href":"https:\/\/www.deberes.net\/tesis\/wp-json\/wp\/v2\/posts"}],"about":[{"href":"https:\/\/www.deberes.net\/tesis\/wp-json\/wp\/v2\/types\/post"}],"author":[{"embeddable":true,"href":"https:\/\/www.deberes.net\/tesis\/wp-json\/wp\/v2\/users\/1"}],"replies":[{"embeddable":true,"href":"https:\/\/www.deberes.net\/tesis\/wp-json\/wp\/v2\/comments?post=29178"}],"version-history":[{"count":0,"href":"https:\/\/www.deberes.net\/tesis\/wp-json\/wp\/v2\/posts\/29178\/revisions"}],"wp:attachment":[{"href":"https:\/\/www.deberes.net\/tesis\/wp-json\/wp\/v2\/media?parent=29178"}],"wp:term":[{"taxonomy":"category","embeddable":true,"href":"https:\/\/www.deberes.net\/tesis\/wp-json\/wp\/v2\/categories?post=29178"},{"taxonomy":"post_tag","embeddable":true,"href":"https:\/\/www.deberes.net\/tesis\/wp-json\/wp\/v2\/tags?post=29178"}],"curies":[{"name":"wp","href":"https:\/\/api.w.org\/{rel}","templated":true}]}}