{"id":29234,"date":"2018-03-09T09:22:17","date_gmt":"2018-03-09T09:22:17","guid":{"rendered":"https:\/\/www.deberes.net\/tesis\/sin-categoria\/la-muerte-en-la-poesia-de-jaime-sabines\/"},"modified":"2018-03-09T09:22:17","modified_gmt":"2018-03-09T09:22:17","slug":"la-muerte-en-la-poesia-de-jaime-sabines","status":"publish","type":"post","link":"https:\/\/www.deberes.net\/tesis\/la-laguna\/la-muerte-en-la-poesia-de-jaime-sabines\/","title":{"rendered":"La muerte en la poesia de jaime sabines"},"content":{"rendered":"<h2>Tesis doctoral de <strong> Monica Plasencia Saavedra <\/strong><\/h2>\n<p>En este trabajo damos a conocer la obra po\u00e9tica de jaime sabines (tuxtla guti\u00e9rrez, 1926-ciudad de m\u00e9xico, 1999), teniendo en cuenta que, a\u00fan trat\u00e1ndose de una de las voces m\u00e1s sobresalientes del panorama literario mexicano, todav\u00eda hoy sus textos son pr\u00e1cticamente desconocidos en espa\u00f1a. Adem\u00e1s de hacer un balance bibliogr\u00e1fico, hemerogr\u00e1fico y cr\u00edtico del corpus l\u00edrico de este autor, hemos estudiado en profundidad uno de los temas que ocupa la mayor parte de sus poemas: la muerte. Distintos cap\u00edtulos nos llevan a trav\u00e9s de los versos de sabines para llegar, finalmente, a su poes\u00eda necrogr\u00e1fica. En estos cap\u00edtulos tratamos, por ejemplo, los perfiles po\u00e9ticos del amor y del tiempo, as\u00ed como la visi\u00f3n metaf\u00edsico-religiosa que posee el chiapaneco ante la vida y ante el fen\u00f3meno natural de la muerte, pues ambos  aparecen \u00edntimamente ligados en su obra. Asimismo, incluimos en el ap\u00e9ndice la trascripci\u00f3n de tres conversaciones mantenidas con sabines entre 1997 y 1998 y algunos poemas rescatados que s\u00f3lo fueron publicados en revistas y peri\u00f3dicos, y que permanec\u00edan dispersos en las distintas bibliotecas de m\u00e9xico.<\/p>\n<p>&nbsp;<\/p>\n<h3>Datos acad\u00e9micos de la tesis doctoral \u00ab<strong>La muerte en la poesia de jaime sabines<\/strong>\u00ab<\/h3>\n<ul>\n<li><strong>T\u00edtulo de la tesis:<\/strong>\u00a0 La muerte en la poesia de jaime sabines <\/li>\n<li><strong>Autor:<\/strong>\u00a0 Monica Plasencia Saavedra <\/li>\n<li><strong>Universidad:<\/strong>\u00a0 La laguna<\/li>\n<li><strong>Fecha de lectura de la tesis:<\/strong>\u00a0 17\/03\/2004<\/li>\n<\/ul>\n<p>&nbsp;<\/p>\n<h3>Direcci\u00f3n y tribunal<\/h3>\n<ul>\n<li><strong>Director de la tesis<\/strong>\n<ul>\n<li> Cruz Leal Petra Iraides<\/li>\n<\/ul>\n<\/li>\n<li><strong>Tribunal<\/strong>\n<ul>\n<li>Presidente del tribunal: osvaldo Rodriguez perez <\/li>\n<li>Rafael Fernandez hernandez (vocal)<\/li>\n<li>Juan a Sanchez gey venegas (vocal)<\/li>\n<li>angeles Mateo aleman (vocal)<\/li>\n<\/ul>\n<\/li>\n<\/ul>\n<p>&nbsp;<\/p>\n","protected":false},"excerpt":{"rendered":"<p>Tesis doctoral de Monica Plasencia Saavedra En este trabajo damos a conocer la obra po\u00e9tica de jaime sabines (tuxtla guti\u00e9rrez, [&hellip;]<\/p>\n","protected":false},"author":1,"featured_media":0,"comment_status":"open","ping_status":"open","sticky":false,"template":"","format":"standard","meta":{"site-sidebar-layout":"default","site-content-layout":"","ast-site-content-layout":"","site-content-style":"default","site-sidebar-style":"default","ast-global-header-display":"","ast-banner-title-visibility":"","ast-main-header-display":"","ast-hfb-above-header-display":"","ast-hfb-below-header-display":"","ast-hfb-mobile-header-display":"","site-post-title":"","ast-breadcrumbs-content":"","ast-featured-img":"","footer-sml-layout":"","theme-transparent-header-meta":"","adv-header-id-meta":"","stick-header-meta":"","header-above-stick-meta":"","header-main-stick-meta":"","header-below-stick-meta":"","astra-migrate-meta-layouts":"default","ast-page-background-enabled":"default","ast-page-background-meta":{"desktop":{"background-color":"var(--ast-global-color-4)","background-image":"","background-repeat":"repeat","background-position":"center center","background-size":"auto","background-attachment":"scroll","background-type":"","background-media":"","overlay-type":"","overlay-color":"","overlay-gradient":""},"tablet":{"background-color":"","background-image":"","background-repeat":"repeat","background-position":"center center","background-size":"auto","background-attachment":"scroll","background-type":"","background-media":"","overlay-type":"","overlay-color":"","overlay-gradient":""},"mobile":{"background-color":"","background-image":"","background-repeat":"repeat","background-position":"center center","background-size":"auto","background-attachment":"scroll","background-type":"","background-media":"","overlay-type":"","overlay-color":"","overlay-gradient":""}},"ast-content-background-meta":{"desktop":{"background-color":"var(--ast-global-color-5)","background-image":"","background-repeat":"repeat","background-position":"center center","background-size":"auto","background-attachment":"scroll","background-type":"","background-media":"","overlay-type":"","overlay-color":"","overlay-gradient":""},"tablet":{"background-color":"var(--ast-global-color-5)","background-image":"","background-repeat":"repeat","background-position":"center center","background-size":"auto","background-attachment":"scroll","background-type":"","background-media":"","overlay-type":"","overlay-color":"","overlay-gradient":""},"mobile":{"background-color":"var(--ast-global-color-5)","background-image":"","background-repeat":"repeat","background-position":"center center","background-size":"auto","background-attachment":"scroll","background-type":"","background-media":"","overlay-type":"","overlay-color":"","overlay-gradient":""}},"footnotes":""},"categories":[9915],"tags":[82788,82787,44192,82786,6809,52840],"class_list":["post-29234","post","type-post","status-publish","format-standard","hentry","category-la-laguna","tag-angeles-mateo-aleman","tag-cruz-leal-petra-iraides","tag-juan-a-sanchez-gey-venegas","tag-monica-plasencia-saavedra","tag-osvaldo-rodriguez-perez","tag-rafael-fernandez-hernandez"],"_links":{"self":[{"href":"https:\/\/www.deberes.net\/tesis\/wp-json\/wp\/v2\/posts\/29234","targetHints":{"allow":["GET"]}}],"collection":[{"href":"https:\/\/www.deberes.net\/tesis\/wp-json\/wp\/v2\/posts"}],"about":[{"href":"https:\/\/www.deberes.net\/tesis\/wp-json\/wp\/v2\/types\/post"}],"author":[{"embeddable":true,"href":"https:\/\/www.deberes.net\/tesis\/wp-json\/wp\/v2\/users\/1"}],"replies":[{"embeddable":true,"href":"https:\/\/www.deberes.net\/tesis\/wp-json\/wp\/v2\/comments?post=29234"}],"version-history":[{"count":0,"href":"https:\/\/www.deberes.net\/tesis\/wp-json\/wp\/v2\/posts\/29234\/revisions"}],"wp:attachment":[{"href":"https:\/\/www.deberes.net\/tesis\/wp-json\/wp\/v2\/media?parent=29234"}],"wp:term":[{"taxonomy":"category","embeddable":true,"href":"https:\/\/www.deberes.net\/tesis\/wp-json\/wp\/v2\/categories?post=29234"},{"taxonomy":"post_tag","embeddable":true,"href":"https:\/\/www.deberes.net\/tesis\/wp-json\/wp\/v2\/tags?post=29234"}],"curies":[{"name":"wp","href":"https:\/\/api.w.org\/{rel}","templated":true}]}}