{"id":29236,"date":"2018-03-09T09:22:17","date_gmt":"2018-03-09T09:22:17","guid":{"rendered":"https:\/\/www.deberes.net\/tesis\/sin-categoria\/estudios-estructurales-de-protea%c2%adnas-mediante-espectroscopia-de-infrarrojo-uni-y-bidimensional\/"},"modified":"2018-03-09T09:22:17","modified_gmt":"2018-03-09T09:22:17","slug":"estudios-estructurales-de-protea%c2%adnas-mediante-espectroscopia-de-infrarrojo-uni-y-bidimensional","status":"publish","type":"post","link":"https:\/\/www.deberes.net\/tesis\/pais-vasco-euskal-herriko-unibertsitatea\/estudios-estructurales-de-protea%c2%adnas-mediante-espectroscopia-de-infrarrojo-uni-y-bidimensional\/","title":{"rendered":"Estudios estructurales de prote\u00ednas mediante espectroscopia de infrarrojo uni- y bidimensional"},"content":{"rendered":"<h2>Tesis doctoral de <strong> Ibon Iloro Manzano <\/strong><\/h2>\n<p>Se ha utilizado la espectroscopia de infrarrojo para el an\u00e1lisis estructural de varios tipos de prote\u00ednas (tanto de membrana como solubles).  se ha querido enfatizar el desarrollo de la espectroscopia de infrarrojo bidimensional de correlaci\u00f3n (2d-ir)mediante el estudio de muestras reales, como la anexina (tanto  de pollo como humana), las prote\u00ednas implicadas en la conjugaci\u00f3n del pl\u00e1smido r388 trwc y trwb (esta \u00faltima en dos variantes: trwb y trwbdn70), la lectina de lenteja y la metionina adenosil transferasa (mat).  en un intento por obtener una mayor informaci\u00f3n de los mapas bidimensionales, tambi\u00e9n se han realizado simulaciones matem\u00e1ticas con el fin de obtener patrones bidimensionales del comportamiento de bandas que sufren variaci\u00f3n en intensidad, posici\u00f3n y anchura de bandas.<\/p>\n<p>&nbsp;<\/p>\n<h3>Datos acad\u00e9micos de la tesis doctoral \u00ab<strong>Estudios estructurales de prote\u00ednas mediante espectroscopia de infrarrojo uni- y bidimensional<\/strong>\u00ab<\/h3>\n<ul>\n<li><strong>T\u00edtulo de la tesis:<\/strong>\u00a0 Estudios estructurales de prote\u00ednas mediante espectroscopia de infrarrojo uni- y bidimensional <\/li>\n<li><strong>Autor:<\/strong>\u00a0 Ibon Iloro Manzano <\/li>\n<li><strong>Universidad:<\/strong>\u00a0 Pa\u00eds vasco\/euskal herriko unibertsitatea<\/li>\n<li><strong>Fecha de lectura de la tesis:<\/strong>\u00a0 17\/03\/2004<\/li>\n<\/ul>\n<p>&nbsp;<\/p>\n<h3>Direcci\u00f3n y tribunal<\/h3>\n<ul>\n<li><strong>Director de la tesis<\/strong>\n<ul>\n<li> Rodr\u00edguez Arrondo Jos\u00e9 Luis<\/li>\n<\/ul>\n<\/li>\n<li><strong>Tribunal<\/strong>\n<ul>\n<li>Presidente del tribunal: felix Mar\u00eda Go\u00f1i urcelay <\/li>\n<li>esteve Padr\u00f3s morell (vocal)<\/li>\n<li> G\u00f3mez fern\u00e1ndez Juan  carmelo (vocal)<\/li>\n<li> Garcia ramos Jos\u00e9 vicente (vocal)<\/li>\n<\/ul>\n<\/li>\n<\/ul>\n<p>&nbsp;<\/p>\n","protected":false},"excerpt":{"rendered":"<p>Tesis doctoral de Ibon Iloro Manzano Se ha utilizado la espectroscopia de infrarrojo para el an\u00e1lisis estructural de varios tipos [&hellip;]<\/p>\n","protected":false},"author":1,"featured_media":0,"comment_status":"open","ping_status":"open","sticky":false,"template":"","format":"standard","meta":{"site-sidebar-layout":"default","site-content-layout":"","ast-site-content-layout":"","site-content-style":"default","site-sidebar-style":"default","ast-global-header-display":"","ast-banner-title-visibility":"","ast-main-header-display":"","ast-hfb-above-header-display":"","ast-hfb-below-header-display":"","ast-hfb-mobile-header-display":"","site-post-title":"","ast-breadcrumbs-content":"","ast-featured-img":"","footer-sml-layout":"","theme-transparent-header-meta":"","adv-header-id-meta":"","stick-header-meta":"","header-above-stick-meta":"","header-main-stick-meta":"","header-below-stick-meta":"","astra-migrate-meta-layouts":"default","ast-page-background-enabled":"default","ast-page-background-meta":{"desktop":{"background-color":"var(--ast-global-color-4)","background-image":"","background-repeat":"repeat","background-position":"center center","background-size":"auto","background-attachment":"scroll","background-type":"","background-media":"","overlay-type":"","overlay-color":"","overlay-gradient":""},"tablet":{"background-color":"","background-image":"","background-repeat":"repeat","background-position":"center center","background-size":"auto","background-attachment":"scroll","background-type":"","background-media":"","overlay-type":"","overlay-color":"","overlay-gradient":""},"mobile":{"background-color":"","background-image":"","background-repeat":"repeat","background-position":"center center","background-size":"auto","background-attachment":"scroll","background-type":"","background-media":"","overlay-type":"","overlay-color":"","overlay-gradient":""}},"ast-content-background-meta":{"desktop":{"background-color":"var(--ast-global-color-5)","background-image":"","background-repeat":"repeat","background-position":"center center","background-size":"auto","background-attachment":"scroll","background-type":"","background-media":"","overlay-type":"","overlay-color":"","overlay-gradient":""},"tablet":{"background-color":"var(--ast-global-color-5)","background-image":"","background-repeat":"repeat","background-position":"center center","background-size":"auto","background-attachment":"scroll","background-type":"","background-media":"","overlay-type":"","overlay-color":"","overlay-gradient":""},"mobile":{"background-color":"var(--ast-global-color-5)","background-image":"","background-repeat":"repeat","background-position":"center center","background-size":"auto","background-attachment":"scroll","background-type":"","background-media":"","overlay-type":"","overlay-color":"","overlay-gradient":""}},"footnotes":""},"categories":[12909],"tags":[2843,12081,5567,8563,82792,8564],"class_list":["post-29236","post","type-post","status-publish","format-standard","hentry","category-pais-vasco-euskal-herriko-unibertsitatea","tag-esteve-padros-morell","tag-felix-maria-goni-urcelay","tag-garcia-ramos-jose-vicente","tag-gomez-fernandez-juan-carmelo","tag-ibon-iloro-manzano","tag-rodriguez-arrondo-jose-luis"],"_links":{"self":[{"href":"https:\/\/www.deberes.net\/tesis\/wp-json\/wp\/v2\/posts\/29236","targetHints":{"allow":["GET"]}}],"collection":[{"href":"https:\/\/www.deberes.net\/tesis\/wp-json\/wp\/v2\/posts"}],"about":[{"href":"https:\/\/www.deberes.net\/tesis\/wp-json\/wp\/v2\/types\/post"}],"author":[{"embeddable":true,"href":"https:\/\/www.deberes.net\/tesis\/wp-json\/wp\/v2\/users\/1"}],"replies":[{"embeddable":true,"href":"https:\/\/www.deberes.net\/tesis\/wp-json\/wp\/v2\/comments?post=29236"}],"version-history":[{"count":0,"href":"https:\/\/www.deberes.net\/tesis\/wp-json\/wp\/v2\/posts\/29236\/revisions"}],"wp:attachment":[{"href":"https:\/\/www.deberes.net\/tesis\/wp-json\/wp\/v2\/media?parent=29236"}],"wp:term":[{"taxonomy":"category","embeddable":true,"href":"https:\/\/www.deberes.net\/tesis\/wp-json\/wp\/v2\/categories?post=29236"},{"taxonomy":"post_tag","embeddable":true,"href":"https:\/\/www.deberes.net\/tesis\/wp-json\/wp\/v2\/tags?post=29236"}],"curies":[{"name":"wp","href":"https:\/\/api.w.org\/{rel}","templated":true}]}}