{"id":29292,"date":"2018-03-09T09:22:21","date_gmt":"2018-03-09T09:22:21","guid":{"rendered":"https:\/\/www.deberes.net\/tesis\/sin-categoria\/organizacion-del-espacio-y-concepciones-educativas-de-los-maestros-en-educacion-infantil\/"},"modified":"2018-03-09T09:22:21","modified_gmt":"2018-03-09T09:22:21","slug":"organizacion-del-espacio-y-concepciones-educativas-de-los-maestros-en-educacion-infantil","status":"publish","type":"post","link":"https:\/\/www.deberes.net\/tesis\/oviedo\/organizacion-del-espacio-y-concepciones-educativas-de-los-maestros-en-educacion-infantil\/","title":{"rendered":"Organizaci\u00f3n del espacio y concepciones educativas de los maestros en educaci\u00f3n infantil"},"content":{"rendered":"<h2>Tesis doctoral de <strong>  Ezquerra Mu\u00f1oz M. Pilar <\/strong><\/h2>\n<p>En la investigaci\u00f3n realizada sometemos a estudio la tem\u00e1tica del espacio desde la perspectiva de la organizaci\u00f3n. Nos detenemos en una etapa concreta, la de educaci\u00f3n infantil, que acoge a los ni\u00f1os de edades comprendidas entre los tres y los seis a\u00f1os.  realizamos el estudio desde el enfoque del pensamiento del profesor, analizando sus teor\u00edas y creencias, los marcos de referencia desde los que trabajan los docentes y en los que se sustentan para tomar decisiones en la organzaci\u00f3n del espacio.  tras realizar una revisi\u00f3n de las investigaciones llevadas a cabo en la etapa de educaci\u00f3n infantil en lo referente tanto al espacio como a los estudios ubicados en el enfoque del pensamiento del profesor, abordamos la parte emp\u00edrica. \u00e9Sta se enmarca en el enfoque cualitativo, utilizando el estudio de casos como alternativa metodol\u00f3gica.  de los resultados de la investigaci\u00f3n podemos sint\u00e9ticamente destacar que los docentes comparten, en cuanto a la organizaci\u00f3n de los espacios algunas concepciones, tanto en lo relativo a la concepci\u00f3n te\u00f3rica que sostienen como a sus creencias de cara a la pr\u00e1ctica. A la vez que mantienen concepciones esencialmente personales, que les llevan a tomar decisiones con un car\u00e1cter peculiar e irrepetible.  tambi\u00e9n manifiestan cierta inconsistencia entre sus concepciones y sus pr\u00e1cticas en relaci\u00f3n con la organizaci\u00f3n espacial.<\/p>\n<p>&nbsp;<\/p>\n<h3>Datos acad\u00e9micos de la tesis doctoral \u00ab<strong>Organizaci\u00f3n del espacio y concepciones educativas de los maestros en educaci\u00f3n infantil<\/strong>\u00ab<\/h3>\n<ul>\n<li><strong>T\u00edtulo de la tesis:<\/strong>\u00a0 Organizaci\u00f3n del espacio y concepciones educativas de los maestros en educaci\u00f3n infantil <\/li>\n<li><strong>Autor:<\/strong>\u00a0  Ezquerra Mu\u00f1oz M. Pilar <\/li>\n<li><strong>Universidad:<\/strong>\u00a0 Oviedo<\/li>\n<li><strong>Fecha de lectura de la tesis:<\/strong>\u00a0 22\/03\/2004<\/li>\n<\/ul>\n<p>&nbsp;<\/p>\n<h3>Direcci\u00f3n y tribunal<\/h3>\n<ul>\n<li><strong>Director de la tesis<\/strong>\n<ul>\n<li>Jos\u00e9 Luis San Fabian Maroto<\/li>\n<\/ul>\n<\/li>\n<li><strong>Tribunal<\/strong>\n<ul>\n<li>Presidente del tribunal: Miguel angel Santos guerra <\/li>\n<li>carmen Ruiz arias (vocal)<\/li>\n<li>carmen Sanchidri\u00e1n blanco (vocal)<\/li>\n<li>rosa Ameijeiras saiz (vocal)<\/li>\n<\/ul>\n<\/li>\n<\/ul>\n<p>&nbsp;<\/p>\n","protected":false},"excerpt":{"rendered":"<p>Tesis doctoral de Ezquerra Mu\u00f1oz M. Pilar En la investigaci\u00f3n realizada sometemos a estudio la tem\u00e1tica del espacio desde la [&hellip;]<\/p>\n","protected":false},"author":1,"featured_media":0,"comment_status":"open","ping_status":"open","sticky":false,"template":"","format":"standard","meta":{"site-sidebar-layout":"default","site-content-layout":"","ast-site-content-layout":"","site-content-style":"default","site-sidebar-style":"default","ast-global-header-display":"","ast-banner-title-visibility":"","ast-main-header-display":"","ast-hfb-above-header-display":"","ast-hfb-below-header-display":"","ast-hfb-mobile-header-display":"","site-post-title":"","ast-breadcrumbs-content":"","ast-featured-img":"","footer-sml-layout":"","theme-transparent-header-meta":"","adv-header-id-meta":"","stick-header-meta":"","header-above-stick-meta":"","header-main-stick-meta":"","header-below-stick-meta":"","astra-migrate-meta-layouts":"default","ast-page-background-enabled":"default","ast-page-background-meta":{"desktop":{"background-color":"var(--ast-global-color-4)","background-image":"","background-repeat":"repeat","background-position":"center center","background-size":"auto","background-attachment":"scroll","background-type":"","background-media":"","overlay-type":"","overlay-color":"","overlay-gradient":""},"tablet":{"background-color":"","background-image":"","background-repeat":"repeat","background-position":"center center","background-size":"auto","background-attachment":"scroll","background-type":"","background-media":"","overlay-type":"","overlay-color":"","overlay-gradient":""},"mobile":{"background-color":"","background-image":"","background-repeat":"repeat","background-position":"center center","background-size":"auto","background-attachment":"scroll","background-type":"","background-media":"","overlay-type":"","overlay-color":"","overlay-gradient":""}},"ast-content-background-meta":{"desktop":{"background-color":"var(--ast-global-color-5)","background-image":"","background-repeat":"repeat","background-position":"center center","background-size":"auto","background-attachment":"scroll","background-type":"","background-media":"","overlay-type":"","overlay-color":"","overlay-gradient":""},"tablet":{"background-color":"var(--ast-global-color-5)","background-image":"","background-repeat":"repeat","background-position":"center center","background-size":"auto","background-attachment":"scroll","background-type":"","background-media":"","overlay-type":"","overlay-color":"","overlay-gradient":""},"mobile":{"background-color":"var(--ast-global-color-5)","background-image":"","background-repeat":"repeat","background-position":"center center","background-size":"auto","background-attachment":"scroll","background-type":"","background-media":"","overlay-type":"","overlay-color":"","overlay-gradient":""}},"footnotes":""},"categories":[8846],"tags":[45685,38079,82921,8009,8007,82922],"class_list":["post-29292","post","type-post","status-publish","format-standard","hentry","category-oviedo","tag-carmen-ruiz-arias","tag-carmen-sanchidrian-blanco","tag-ezquerra-munoz-m-pilar","tag-jose-luis-san-fabian-maroto","tag-miguel-angel-santos-guerra","tag-rosa-ameijeiras-saiz"],"_links":{"self":[{"href":"https:\/\/www.deberes.net\/tesis\/wp-json\/wp\/v2\/posts\/29292","targetHints":{"allow":["GET"]}}],"collection":[{"href":"https:\/\/www.deberes.net\/tesis\/wp-json\/wp\/v2\/posts"}],"about":[{"href":"https:\/\/www.deberes.net\/tesis\/wp-json\/wp\/v2\/types\/post"}],"author":[{"embeddable":true,"href":"https:\/\/www.deberes.net\/tesis\/wp-json\/wp\/v2\/users\/1"}],"replies":[{"embeddable":true,"href":"https:\/\/www.deberes.net\/tesis\/wp-json\/wp\/v2\/comments?post=29292"}],"version-history":[{"count":0,"href":"https:\/\/www.deberes.net\/tesis\/wp-json\/wp\/v2\/posts\/29292\/revisions"}],"wp:attachment":[{"href":"https:\/\/www.deberes.net\/tesis\/wp-json\/wp\/v2\/media?parent=29292"}],"wp:term":[{"taxonomy":"category","embeddable":true,"href":"https:\/\/www.deberes.net\/tesis\/wp-json\/wp\/v2\/categories?post=29292"},{"taxonomy":"post_tag","embeddable":true,"href":"https:\/\/www.deberes.net\/tesis\/wp-json\/wp\/v2\/tags?post=29292"}],"curies":[{"name":"wp","href":"https:\/\/api.w.org\/{rel}","templated":true}]}}