{"id":29299,"date":"2018-03-09T09:22:21","date_gmt":"2018-03-09T09:22:21","guid":{"rendered":"https:\/\/www.deberes.net\/tesis\/sin-categoria\/construccion-de-lineamientos-post-normales-para-la-gestion-metropolitana-de-los-asentamientos-humanos-del-valle-de-mexico\/"},"modified":"2018-03-09T09:22:21","modified_gmt":"2018-03-09T09:22:21","slug":"construccion-de-lineamientos-post-normales-para-la-gestion-metropolitana-de-los-asentamientos-humanos-del-valle-de-mexico","status":"publish","type":"post","link":"https:\/\/www.deberes.net\/tesis\/politecnica-de-catalunya\/construccion-de-lineamientos-post-normales-para-la-gestion-metropolitana-de-los-asentamientos-humanos-del-valle-de-mexico\/","title":{"rendered":"Construcci\u00f3n de lineamientos post-normales para la gesti\u00f3n metropolitana de los asentamientos humanos del valle de m\u00e9xico"},"content":{"rendered":"<h2>Tesis doctoral de <strong> Jes\u00fas Rodriguez Rodriguez <\/strong><\/h2>\n<p>El trabajo de investigaci\u00f3n analiza las repercusiones de la coordinaci\u00f3n metropolitana territorial en el valle de m\u00e9xico con la intenci\u00f3n de innovar su gesti\u00f3n  partiendo de la realidad que opera en la actualidad.  b\u00e1sicamente se busca comprobar que la planeaci\u00f3n metropolitana en el valle de m\u00e9xico se encuentra en una fase que posibilita la implantaci\u00f3n de un nuevo esquema de gesti\u00f3n metropolitana. Se estima que en la medida que se introduzcan en la discusi\u00f3n pol\u00edtica conceptos como: incertidumbre, decisiones encontradas, riesgo en la toma de decisi\u00f3n, gobernabilidad, etc. Se incrementa la posibilidad de elaborar esquemas innovadores de gesti\u00f3n. se fundamenta que la conformaci\u00f3n de esquemas de participaci\u00f3n social pueden llevar a la conformaci\u00f3n de \u00abconsejos metropolitanos aut\u00f3nomos\u00bb, a la conformaci\u00f3n de un \u00abente t\u00e9cnico de alta calidad\u00bb y a la constituci\u00f3n de una \u00abconsultor\u00eda profesional permanente\u00bb mejorar\u00e1n la confianza entre los agentes sociales (gobierno, iniciativa privada y sociedad civil) para construir un mejor esquema de gesti\u00f3n para el valle de m\u00e9xico.  el primer cap\u00edtulo ubica al lector en el \u00e1rea de estudio. Describe las caracter\u00edsticas que tiene la coordinaci\u00f3n metropolitana antes y despu\u00e9s de la reforma constitucional del 22 de agosto de 1996. En este se explica la problem\u00e1tica metropolitana, los logros m\u00e1s relevantes de cada instancia de coordinaci\u00f3n y el d\u00e9ficit de gesti\u00f3n.  el segundo cap\u00edtulo, ubica al lector dentro del marco metodol\u00f3gico (constructivista) y te\u00f3rico (ciencia post-normal).  en el cap\u00edtulo tercero se puntualiza el an\u00e1lisis de la ciencia post-normal y de sus conceptos asociados en el fen\u00f3meno metropolitano. El resultado es la construcci\u00f3n de los conceptos de incertidumbre y riego metropolitano post-normal.  en el cuarto cap\u00edtulo se desarrollan varias aplicaciones del esquema post-normal en la interpretaci\u00f3n de los diversos trabajos institucionales para com<\/p>\n<p>&nbsp;<\/p>\n<h3>Datos acad\u00e9micos de la tesis doctoral \u00ab<strong>Construcci\u00f3n de lineamientos post-normales para la gesti\u00f3n metropolitana de los asentamientos humanos del valle de m\u00e9xico<\/strong>\u00ab<\/h3>\n<ul>\n<li><strong>T\u00edtulo de la tesis:<\/strong>\u00a0 Construcci\u00f3n de lineamientos post-normales para la gesti\u00f3n metropolitana de los asentamientos humanos del valle de m\u00e9xico <\/li>\n<li><strong>Autor:<\/strong>\u00a0 Jes\u00fas Rodriguez Rodriguez <\/li>\n<li><strong>Universidad:<\/strong>\u00a0 Polit\u00e9cnica de catalunya<\/li>\n<li><strong>Fecha de lectura de la tesis:<\/strong>\u00a0 22\/03\/2004<\/li>\n<\/ul>\n<p>&nbsp;<\/p>\n<h3>Direcci\u00f3n y tribunal<\/h3>\n<ul>\n<li><strong>Director de la tesis<\/strong>\n<ul>\n<li>Josep Roca Cladera<\/li>\n<\/ul>\n<\/li>\n<li><strong>Tribunal<\/strong>\n<ul>\n<li>Presidente del tribunal: joan Martinez alier <\/li>\n<li>alfonso xavier Iracheta  cenecorta (vocal)<\/li>\n<li>jaume Avellaneda diaz grande (vocal)<\/li>\n<li>o. Funtowitor silvio (vocal)<\/li>\n<\/ul>\n<\/li>\n<\/ul>\n<p>&nbsp;<\/p>\n","protected":false},"excerpt":{"rendered":"<p>Tesis doctoral de Jes\u00fas Rodriguez Rodriguez El trabajo de investigaci\u00f3n analiza las repercusiones de la coordinaci\u00f3n metropolitana territorial en el [&hellip;]<\/p>\n","protected":false},"author":1,"featured_media":0,"comment_status":"open","ping_status":"open","sticky":false,"template":"","format":"standard","meta":{"site-sidebar-layout":"default","site-content-layout":"","ast-site-content-layout":"","site-content-style":"default","site-sidebar-style":"default","ast-global-header-display":"","ast-banner-title-visibility":"","ast-main-header-display":"","ast-hfb-above-header-display":"","ast-hfb-below-header-display":"","ast-hfb-mobile-header-display":"","site-post-title":"","ast-breadcrumbs-content":"","ast-featured-img":"","footer-sml-layout":"","theme-transparent-header-meta":"","adv-header-id-meta":"","stick-header-meta":"","header-above-stick-meta":"","header-main-stick-meta":"","header-below-stick-meta":"","astra-migrate-meta-layouts":"default","ast-page-background-enabled":"default","ast-page-background-meta":{"desktop":{"background-color":"var(--ast-global-color-4)","background-image":"","background-repeat":"repeat","background-position":"center center","background-size":"auto","background-attachment":"scroll","background-type":"","background-media":"","overlay-type":"","overlay-color":"","overlay-gradient":""},"tablet":{"background-color":"","background-image":"","background-repeat":"repeat","background-position":"center center","background-size":"auto","background-attachment":"scroll","background-type":"","background-media":"","overlay-type":"","overlay-color":"","overlay-gradient":""},"mobile":{"background-color":"","background-image":"","background-repeat":"repeat","background-position":"center center","background-size":"auto","background-attachment":"scroll","background-type":"","background-media":"","overlay-type":"","overlay-color":"","overlay-gradient":""}},"ast-content-background-meta":{"desktop":{"background-color":"var(--ast-global-color-5)","background-image":"","background-repeat":"repeat","background-position":"center center","background-size":"auto","background-attachment":"scroll","background-type":"","background-media":"","overlay-type":"","overlay-color":"","overlay-gradient":""},"tablet":{"background-color":"var(--ast-global-color-5)","background-image":"","background-repeat":"repeat","background-position":"center center","background-size":"auto","background-attachment":"scroll","background-type":"","background-media":"","overlay-type":"","overlay-color":"","overlay-gradient":""},"mobile":{"background-color":"var(--ast-global-color-5)","background-image":"","background-repeat":"repeat","background-position":"center center","background-size":"auto","background-attachment":"scroll","background-type":"","background-media":"","overlay-type":"","overlay-color":"","overlay-gradient":""}},"footnotes":""},"categories":[15596],"tags":[82936,26542,82935,9997,43613,82937],"class_list":["post-29299","post","type-post","status-publish","format-standard","hentry","category-politecnica-de-catalunya","tag-alfonso-xavier-iracheta-cenecorta","tag-jaume-avellaneda-diaz-grande","tag-jesus-rodriguez-rodriguez","tag-joan-Martinez-alier","tag-josep-roca-cladera","tag-o-funtowitor-silvio"],"_links":{"self":[{"href":"https:\/\/www.deberes.net\/tesis\/wp-json\/wp\/v2\/posts\/29299","targetHints":{"allow":["GET"]}}],"collection":[{"href":"https:\/\/www.deberes.net\/tesis\/wp-json\/wp\/v2\/posts"}],"about":[{"href":"https:\/\/www.deberes.net\/tesis\/wp-json\/wp\/v2\/types\/post"}],"author":[{"embeddable":true,"href":"https:\/\/www.deberes.net\/tesis\/wp-json\/wp\/v2\/users\/1"}],"replies":[{"embeddable":true,"href":"https:\/\/www.deberes.net\/tesis\/wp-json\/wp\/v2\/comments?post=29299"}],"version-history":[{"count":0,"href":"https:\/\/www.deberes.net\/tesis\/wp-json\/wp\/v2\/posts\/29299\/revisions"}],"wp:attachment":[{"href":"https:\/\/www.deberes.net\/tesis\/wp-json\/wp\/v2\/media?parent=29299"}],"wp:term":[{"taxonomy":"category","embeddable":true,"href":"https:\/\/www.deberes.net\/tesis\/wp-json\/wp\/v2\/categories?post=29299"},{"taxonomy":"post_tag","embeddable":true,"href":"https:\/\/www.deberes.net\/tesis\/wp-json\/wp\/v2\/tags?post=29299"}],"curies":[{"name":"wp","href":"https:\/\/api.w.org\/{rel}","templated":true}]}}