{"id":29342,"date":"2018-03-09T09:22:26","date_gmt":"2018-03-09T09:22:26","guid":{"rendered":"https:\/\/www.deberes.net\/tesis\/sin-categoria\/relaciones-entre-parametros-antropometricos-ingesta-de-nutrientes-hormonas-y-la%c2%adpidos-plasmaticos-en-ninos-obesos\/"},"modified":"2018-03-09T09:22:26","modified_gmt":"2018-03-09T09:22:26","slug":"relaciones-entre-parametros-antropometricos-ingesta-de-nutrientes-hormonas-y-la%c2%adpidos-plasmaticos-en-ninos-obesos","status":"publish","type":"post","link":"https:\/\/www.deberes.net\/tesis\/cordoba\/relaciones-entre-parametros-antropometricos-ingesta-de-nutrientes-hormonas-y-la%c2%adpidos-plasmaticos-en-ninos-obesos\/","title":{"rendered":"Relaciones entre par\u00e1metros antropom\u00e9tricos, ingesta de nutrientes, hormonas y l\u00edpidos plasm\u00e1ticos en ni\u00f1os obesos"},"content":{"rendered":"<h2>Tesis doctoral de <strong> M. Mercedes Gil Campos <\/strong><\/h2>\n<p>&nbsp;<\/p>\n<h3>Datos acad\u00e9micos de la tesis doctoral \u00ab<strong>Relaciones entre par\u00e1metros antropom\u00e9tricos, ingesta de nutrientes, hormonas y l\u00edpidos plasm\u00e1ticos en ni\u00f1os obesos<\/strong>\u00ab<\/h3>\n<ul>\n<li><strong>T\u00edtulo de la tesis:<\/strong>\u00a0 Relaciones entre par\u00e1metros antropom\u00e9tricos, ingesta de nutrientes, hormonas y l\u00edpidos plasm\u00e1ticos en ni\u00f1os obesos <\/li>\n<li><strong>Autor:<\/strong>\u00a0 M. Mercedes Gil Campos <\/li>\n<li><strong>Universidad:<\/strong>\u00a0 C\u00f3rdoba<\/li>\n<li><strong>Fecha de lectura de la tesis:<\/strong>\u00a0 24\/03\/2004<\/li>\n<\/ul>\n<p>&nbsp;<\/p>\n<h3>Direcci\u00f3n y tribunal<\/h3>\n<ul>\n<li><strong>Director de la tesis<\/strong>\n<ul>\n<li>Ram\u00f3n Ca\u00f1ete Estrada<\/li>\n<\/ul>\n<\/li>\n<li><strong>Tribunal<\/strong>\n<ul>\n<li>Presidente del tribunal: manuel Hern\u00e1ndez rodr\u00edguez <\/li>\n<li>Rafael Tojo sierra (vocal)<\/li>\n<li> S\u00e1nchez de medina ferm\u00edn (vocal)<\/li>\n<li>Jes\u00fas Argente oliver (vocal)<\/li>\n<\/ul>\n<\/li>\n<\/ul>\n<p>&nbsp;<\/p>\n","protected":false},"excerpt":{"rendered":"<p>Tesis doctoral de M. Mercedes Gil Campos &nbsp; Datos acad\u00e9micos de la tesis doctoral \u00abRelaciones entre par\u00e1metros antropom\u00e9tricos, ingesta de [&hellip;]<\/p>\n","protected":false},"author":1,"featured_media":0,"comment_status":"open","ping_status":"open","sticky":false,"template":"","format":"standard","meta":{"site-sidebar-layout":"default","site-content-layout":"","ast-site-content-layout":"","site-content-style":"default","site-sidebar-style":"default","ast-global-header-display":"","ast-banner-title-visibility":"","ast-main-header-display":"","ast-hfb-above-header-display":"","ast-hfb-below-header-display":"","ast-hfb-mobile-header-display":"","site-post-title":"","ast-breadcrumbs-content":"","ast-featured-img":"","footer-sml-layout":"","theme-transparent-header-meta":"","adv-header-id-meta":"","stick-header-meta":"","header-above-stick-meta":"","header-main-stick-meta":"","header-below-stick-meta":"","astra-migrate-meta-layouts":"default","ast-page-background-enabled":"default","ast-page-background-meta":{"desktop":{"background-color":"var(--ast-global-color-4)","background-image":"","background-repeat":"repeat","background-position":"center center","background-size":"auto","background-attachment":"scroll","background-type":"","background-media":"","overlay-type":"","overlay-color":"","overlay-gradient":""},"tablet":{"background-color":"","background-image":"","background-repeat":"repeat","background-position":"center center","background-size":"auto","background-attachment":"scroll","background-type":"","background-media":"","overlay-type":"","overlay-color":"","overlay-gradient":""},"mobile":{"background-color":"","background-image":"","background-repeat":"repeat","background-position":"center center","background-size":"auto","background-attachment":"scroll","background-type":"","background-media":"","overlay-type":"","overlay-color":"","overlay-gradient":""}},"ast-content-background-meta":{"desktop":{"background-color":"var(--ast-global-color-5)","background-image":"","background-repeat":"repeat","background-position":"center center","background-size":"auto","background-attachment":"scroll","background-type":"","background-media":"","overlay-type":"","overlay-color":"","overlay-gradient":""},"tablet":{"background-color":"var(--ast-global-color-5)","background-image":"","background-repeat":"repeat","background-position":"center center","background-size":"auto","background-attachment":"scroll","background-type":"","background-media":"","overlay-type":"","overlay-color":"","overlay-gradient":""},"mobile":{"background-color":"var(--ast-global-color-5)","background-image":"","background-repeat":"repeat","background-position":"center center","background-size":"auto","background-attachment":"scroll","background-type":"","background-media":"","overlay-type":"","overlay-color":"","overlay-gradient":""}},"footnotes":""},"categories":[973],"tags":[14687,83034,14501,2517,2403,3509],"class_list":["post-29342","post","type-post","status-publish","format-standard","hentry","category-cordoba","tag-jesus-argente-oliver","tag-m-mercedes-gil-campos","tag-manuel-hernandez-rodriguez","tag-rafael-tojo-sierra","tag-ramon-canete-estrada","tag-sanchez-de-medina-fermin"],"_links":{"self":[{"href":"https:\/\/www.deberes.net\/tesis\/wp-json\/wp\/v2\/posts\/29342","targetHints":{"allow":["GET"]}}],"collection":[{"href":"https:\/\/www.deberes.net\/tesis\/wp-json\/wp\/v2\/posts"}],"about":[{"href":"https:\/\/www.deberes.net\/tesis\/wp-json\/wp\/v2\/types\/post"}],"author":[{"embeddable":true,"href":"https:\/\/www.deberes.net\/tesis\/wp-json\/wp\/v2\/users\/1"}],"replies":[{"embeddable":true,"href":"https:\/\/www.deberes.net\/tesis\/wp-json\/wp\/v2\/comments?post=29342"}],"version-history":[{"count":0,"href":"https:\/\/www.deberes.net\/tesis\/wp-json\/wp\/v2\/posts\/29342\/revisions"}],"wp:attachment":[{"href":"https:\/\/www.deberes.net\/tesis\/wp-json\/wp\/v2\/media?parent=29342"}],"wp:term":[{"taxonomy":"category","embeddable":true,"href":"https:\/\/www.deberes.net\/tesis\/wp-json\/wp\/v2\/categories?post=29342"},{"taxonomy":"post_tag","embeddable":true,"href":"https:\/\/www.deberes.net\/tesis\/wp-json\/wp\/v2\/tags?post=29342"}],"curies":[{"name":"wp","href":"https:\/\/api.w.org\/{rel}","templated":true}]}}