{"id":29353,"date":"2018-03-09T09:22:26","date_gmt":"2018-03-09T09:22:26","guid":{"rendered":"https:\/\/www.deberes.net\/tesis\/sin-categoria\/aen-que-sentido-hoy-la-filosofa%c2%ada-piensa-el-sentido-la-apertura-de-un-nuevo-espacio-de-pensamiento-en-jean-luc-nancy\/"},"modified":"2018-03-09T09:22:26","modified_gmt":"2018-03-09T09:22:26","slug":"aen-que-sentido-hoy-la-filosofa%c2%ada-piensa-el-sentido-la-apertura-de-un-nuevo-espacio-de-pensamiento-en-jean-luc-nancy","status":"publish","type":"post","link":"https:\/\/www.deberes.net\/tesis\/nacional-de-educacion-a-distancia\/aen-que-sentido-hoy-la-filosofa%c2%ada-piensa-el-sentido-la-apertura-de-un-nuevo-espacio-de-pensamiento-en-jean-luc-nancy\/","title":{"rendered":"\u00c2\u00bfen que sentido hoy la filosof\u00edapiensa el sentido? la apertura de un nuevo espacio de pensamiento en jean-luc nancy."},"content":{"rendered":"<h2>Tesis doctoral de <strong> Pablo Perera Velamazan <\/strong><\/h2>\n<p>Se trata de un an\u00e1lisis minucioso del actual estado de la filosof\u00eda a trav\u00e9s de la obra del fil\u00f3sofo franc\u00e9s jean-luc nancy. M\u00e1s all\u00e1 de las derivas hermen\u00e9uticas hoy reinantes, el pensamiento de este fil\u00f3sofo nos permite recuperar la tradici\u00f3n francesa postestructuralistas (foucault, deleuze, lyotard, derrida) para nuestro presente, releyendo desde sus par\u00e1metros toda la tradici\u00f3n idealista de la filosof\u00eda continental (de kant a heidegger, pasando por schelling y hegel), y permiti\u00e9ndonos plantear en qu\u00e9 sentido la filosof\u00eda hoy, en nuestro presente, en su estado postmetaf\u00edsico, puede seguir pensando el sentido.<\/p>\n<p>&nbsp;<\/p>\n<h3>Datos acad\u00e9micos de la tesis doctoral \u00ab<strong>\u00c2\u00bfen que sentido hoy la filosof\u00edapiensa el sentido? la apertura de un nuevo espacio de pensamiento en jean-luc nancy.<\/strong>\u00ab<\/h3>\n<ul>\n<li><strong>T\u00edtulo de la tesis:<\/strong>\u00a0 \u00c2\u00bfen que sentido hoy la filosof\u00edapiensa el sentido? la apertura de un nuevo espacio de pensamiento en jean-luc nancy. <\/li>\n<li><strong>Autor:<\/strong>\u00a0 Pablo Perera Velamazan <\/li>\n<li><strong>Universidad:<\/strong>\u00a0 Nacional de educaci\u00f3n a distancia<\/li>\n<li><strong>Fecha de lectura de la tesis:<\/strong>\u00a0 24\/03\/2004<\/li>\n<\/ul>\n<p>&nbsp;<\/p>\n<h3>Direcci\u00f3n y tribunal<\/h3>\n<ul>\n<li><strong>Director de la tesis<\/strong>\n<ul>\n<li>Jos\u00e9 Luis Pardo Tor\u00edo<\/li>\n<\/ul>\n<\/li>\n<li><strong>Tribunal<\/strong>\n<ul>\n<li>Presidente del tribunal: quintin Racionero carmona <\/li>\n<li>angel Gabilondo pujol (vocal)<\/li>\n<li>ramon Rodr\u00edguez garcia (vocal)<\/li>\n<li>  (vocal)<\/li>\n<\/ul>\n<\/li>\n<\/ul>\n<p>&nbsp;<\/p>\n","protected":false},"excerpt":{"rendered":"<p>Tesis doctoral de Pablo Perera Velamazan Se trata de un an\u00e1lisis minucioso del actual estado de la filosof\u00eda a trav\u00e9s [&hellip;]<\/p>\n","protected":false},"author":1,"featured_media":0,"comment_status":"open","ping_status":"open","sticky":false,"template":"","format":"standard","meta":{"site-sidebar-layout":"default","site-content-layout":"","ast-site-content-layout":"","site-content-style":"default","site-sidebar-style":"default","ast-global-header-display":"","ast-banner-title-visibility":"","ast-main-header-display":"","ast-hfb-above-header-display":"","ast-hfb-below-header-display":"","ast-hfb-mobile-header-display":"","site-post-title":"","ast-breadcrumbs-content":"","ast-featured-img":"","footer-sml-layout":"","theme-transparent-header-meta":"","adv-header-id-meta":"","stick-header-meta":"","header-above-stick-meta":"","header-main-stick-meta":"","header-below-stick-meta":"","astra-migrate-meta-layouts":"default","ast-page-background-enabled":"default","ast-page-background-meta":{"desktop":{"background-color":"var(--ast-global-color-4)","background-image":"","background-repeat":"repeat","background-position":"center center","background-size":"auto","background-attachment":"scroll","background-type":"","background-media":"","overlay-type":"","overlay-color":"","overlay-gradient":""},"tablet":{"background-color":"","background-image":"","background-repeat":"repeat","background-position":"center center","background-size":"auto","background-attachment":"scroll","background-type":"","background-media":"","overlay-type":"","overlay-color":"","overlay-gradient":""},"mobile":{"background-color":"","background-image":"","background-repeat":"repeat","background-position":"center center","background-size":"auto","background-attachment":"scroll","background-type":"","background-media":"","overlay-type":"","overlay-color":"","overlay-gradient":""}},"ast-content-background-meta":{"desktop":{"background-color":"var(--ast-global-color-5)","background-image":"","background-repeat":"repeat","background-position":"center center","background-size":"auto","background-attachment":"scroll","background-type":"","background-media":"","overlay-type":"","overlay-color":"","overlay-gradient":""},"tablet":{"background-color":"var(--ast-global-color-5)","background-image":"","background-repeat":"repeat","background-position":"center center","background-size":"auto","background-attachment":"scroll","background-type":"","background-media":"","overlay-type":"","overlay-color":"","overlay-gradient":""},"mobile":{"background-color":"var(--ast-global-color-5)","background-image":"","background-repeat":"repeat","background-position":"center center","background-size":"auto","background-attachment":"scroll","background-type":"","background-media":"","overlay-type":"","overlay-color":"","overlay-gradient":""}},"footnotes":""},"categories":[17070],"tags":[14284,31505,83056,51149,6319],"class_list":["post-29353","post","type-post","status-publish","format-standard","hentry","category-nacional-de-educacion-a-distancia","tag-angel-gabilondo-pujol","tag-jose-luis-pardo-torio","tag-pablo-perera-velamazan","tag-quintin-racionero-carmona","tag-ramon-rodriguez-garcia"],"_links":{"self":[{"href":"https:\/\/www.deberes.net\/tesis\/wp-json\/wp\/v2\/posts\/29353","targetHints":{"allow":["GET"]}}],"collection":[{"href":"https:\/\/www.deberes.net\/tesis\/wp-json\/wp\/v2\/posts"}],"about":[{"href":"https:\/\/www.deberes.net\/tesis\/wp-json\/wp\/v2\/types\/post"}],"author":[{"embeddable":true,"href":"https:\/\/www.deberes.net\/tesis\/wp-json\/wp\/v2\/users\/1"}],"replies":[{"embeddable":true,"href":"https:\/\/www.deberes.net\/tesis\/wp-json\/wp\/v2\/comments?post=29353"}],"version-history":[{"count":0,"href":"https:\/\/www.deberes.net\/tesis\/wp-json\/wp\/v2\/posts\/29353\/revisions"}],"wp:attachment":[{"href":"https:\/\/www.deberes.net\/tesis\/wp-json\/wp\/v2\/media?parent=29353"}],"wp:term":[{"taxonomy":"category","embeddable":true,"href":"https:\/\/www.deberes.net\/tesis\/wp-json\/wp\/v2\/categories?post=29353"},{"taxonomy":"post_tag","embeddable":true,"href":"https:\/\/www.deberes.net\/tesis\/wp-json\/wp\/v2\/tags?post=29353"}],"curies":[{"name":"wp","href":"https:\/\/api.w.org\/{rel}","templated":true}]}}