{"id":29377,"date":"2018-03-09T09:22:28","date_gmt":"2018-03-09T09:22:28","guid":{"rendered":"https:\/\/www.deberes.net\/tesis\/sin-categoria\/el-concepto-de-necesidad-en-la-obra-de-simone-weil\/"},"modified":"2018-03-09T09:22:28","modified_gmt":"2018-03-09T09:22:28","slug":"el-concepto-de-necesidad-en-la-obra-de-simone-weil","status":"publish","type":"post","link":"https:\/\/www.deberes.net\/tesis\/sin-categoria\/el-concepto-de-necesidad-en-la-obra-de-simone-weil\/","title":{"rendered":"El concepto de necesidad en la obra de simone weil"},"content":{"rendered":"<h2>Tesis doctoral de <strong> Adela Mu\u00f1oz Fern\u00e1ndez <\/strong><\/h2>\n<p>Simone weil (paris 1909-ashford 1943) es uno de los personajes m\u00e1s originales del siglo xx. Ella parte de que el ser humano  act\u00faa motivado o bien por la necesidad o bien por la gracia. Una tercera posibilidad no existe. En mi tesis planteo una cuesti\u00f3n e intento darle una respuesta: asi el ser humano act\u00faa casi siempre motivado por la necesidad, \u00c2\u00bfc\u00f3mo es posible la acci\u00f3n por la gracia? En mi opini\u00f3n gracias a un concepto que hace de puente entre los dos tipos de acci\u00f3n : el concepto de \u00abauto-limitaci\u00f3n\u00bb. Solamente el ser humano que sabe limitarse a s\u00ed mismo est\u00e1 en condiciones de dejarse inspirar por la gracia y, como consecuencia de ello, de actuar justamente.  en el primer cap\u00edtulo desarrollo el concepto de \u00abla acci\u00f3n por necesidad\u00bb, consistente en el seguimiento ciego por parte del ser humano de la \u00abley natural\u00bb. Esta ley consiste en lo siguiente: todo ser humano intenta extender su propio poder constantemente y limitar o eliminar el poder ajeno. La acci\u00f3n fruto de la inspiraci\u00f3n de la necesidad tiene, por tanto, como consecuencia la voluntad de poder, la violencia y la propagaci\u00f3n del dolor.  en el segundo cap\u00edtulo analizo el concepto de \u00abauto-limitaci\u00f3n\u00bb como \u00fanica forma de interrupci\u00f3n del seguimiento ciego de esta ley natural y, por ende, como \u00fanica posibilidad de eliminar la necesidad como fuente de inspiraci\u00f3n de nuestras acciones.  en la conclusi\u00f3n me detengo en algunos aspectos pol\u00e9micos, e incluso contradictorios, de la interpretaci\u00f3n de simone weil del concepto de \u00abnecesidad\u00bb.<\/p>\n<p>&nbsp;<\/p>\n<h3>Datos acad\u00e9micos de la tesis doctoral \u00ab<strong>El concepto de necesidad en la obra de simone weil<\/strong>\u00ab<\/h3>\n<ul>\n<li><strong>T\u00edtulo de la tesis:<\/strong>\u00a0 El concepto de necesidad en la obra de simone weil <\/li>\n<li><strong>Autor:<\/strong>\u00a0 Adela Mu\u00f1oz Fern\u00e1ndez <\/li>\n<li><strong>Universidad:<\/strong>\u00a0 Aut\u00f3noma de Madrid<\/li>\n<li><strong>Fecha de lectura de la tesis:<\/strong>\u00a0 25\/03\/2004<\/li>\n<\/ul>\n<p>&nbsp;<\/p>\n<h3>Direcci\u00f3n y tribunal<\/h3>\n<ul>\n<li><strong>Director de la tesis<\/strong>\n<ul>\n<li>Pedro Ribas Ribas<\/li>\n<\/ul>\n<\/li>\n<li><strong>Tribunal<\/strong>\n<ul>\n<li>Presidente del tribunal: angel Gabilondo pujol <\/li>\n<li>Francisco Fern\u00e1ndez buey (vocal)<\/li>\n<li>Javier S\u00e1daba garay (vocal)<\/li>\n<li>raphaela Averkorn (vocal)<\/li>\n<\/ul>\n<\/li>\n<\/ul>\n<p>&nbsp;<\/p>\n","protected":false},"excerpt":{"rendered":"<p>Tesis doctoral de Adela Mu\u00f1oz Fern\u00e1ndez Simone weil (paris 1909-ashford 1943) es uno de los personajes m\u00e1s originales del siglo [&hellip;]<\/p>\n","protected":false},"author":1,"featured_media":0,"comment_status":"open","ping_status":"open","sticky":false,"template":"","format":"standard","meta":{"site-sidebar-layout":"default","site-content-layout":"","ast-site-content-layout":"","site-content-style":"default","site-sidebar-style":"default","ast-global-header-display":"","ast-banner-title-visibility":"","ast-main-header-display":"","ast-hfb-above-header-display":"","ast-hfb-below-header-display":"","ast-hfb-mobile-header-display":"","site-post-title":"","ast-breadcrumbs-content":"","ast-featured-img":"","footer-sml-layout":"","theme-transparent-header-meta":"","adv-header-id-meta":"","stick-header-meta":"","header-above-stick-meta":"","header-main-stick-meta":"","header-below-stick-meta":"","astra-migrate-meta-layouts":"default","ast-page-background-enabled":"default","ast-page-background-meta":{"desktop":{"background-color":"var(--ast-global-color-4)","background-image":"","background-repeat":"repeat","background-position":"center center","background-size":"auto","background-attachment":"scroll","background-type":"","background-media":"","overlay-type":"","overlay-color":"","overlay-gradient":""},"tablet":{"background-color":"","background-image":"","background-repeat":"repeat","background-position":"center center","background-size":"auto","background-attachment":"scroll","background-type":"","background-media":"","overlay-type":"","overlay-color":"","overlay-gradient":""},"mobile":{"background-color":"","background-image":"","background-repeat":"repeat","background-position":"center center","background-size":"auto","background-attachment":"scroll","background-type":"","background-media":"","overlay-type":"","overlay-color":"","overlay-gradient":""}},"ast-content-background-meta":{"desktop":{"background-color":"var(--ast-global-color-5)","background-image":"","background-repeat":"repeat","background-position":"center center","background-size":"auto","background-attachment":"scroll","background-type":"","background-media":"","overlay-type":"","overlay-color":"","overlay-gradient":""},"tablet":{"background-color":"var(--ast-global-color-5)","background-image":"","background-repeat":"repeat","background-position":"center center","background-size":"auto","background-attachment":"scroll","background-type":"","background-media":"","overlay-type":"","overlay-color":"","overlay-gradient":""},"mobile":{"background-color":"var(--ast-global-color-5)","background-image":"","background-repeat":"repeat","background-position":"center center","background-size":"auto","background-attachment":"scroll","background-type":"","background-media":"","overlay-type":"","overlay-color":"","overlay-gradient":""}},"footnotes":""},"categories":[1],"tags":[83103,14284,8539,7217,30235,83104],"class_list":["post-29377","post","type-post","status-publish","format-standard","hentry","category-sin-categoria","tag-adela-munoz-fernandez","tag-angel-gabilondo-pujol","tag-francisco-fernandez-buey","tag-javier-sadaba-garay","tag-pedro-ribas-ribas","tag-raphaela-averkorn"],"_links":{"self":[{"href":"https:\/\/www.deberes.net\/tesis\/wp-json\/wp\/v2\/posts\/29377","targetHints":{"allow":["GET"]}}],"collection":[{"href":"https:\/\/www.deberes.net\/tesis\/wp-json\/wp\/v2\/posts"}],"about":[{"href":"https:\/\/www.deberes.net\/tesis\/wp-json\/wp\/v2\/types\/post"}],"author":[{"embeddable":true,"href":"https:\/\/www.deberes.net\/tesis\/wp-json\/wp\/v2\/users\/1"}],"replies":[{"embeddable":true,"href":"https:\/\/www.deberes.net\/tesis\/wp-json\/wp\/v2\/comments?post=29377"}],"version-history":[{"count":0,"href":"https:\/\/www.deberes.net\/tesis\/wp-json\/wp\/v2\/posts\/29377\/revisions"}],"wp:attachment":[{"href":"https:\/\/www.deberes.net\/tesis\/wp-json\/wp\/v2\/media?parent=29377"}],"wp:term":[{"taxonomy":"category","embeddable":true,"href":"https:\/\/www.deberes.net\/tesis\/wp-json\/wp\/v2\/categories?post=29377"},{"taxonomy":"post_tag","embeddable":true,"href":"https:\/\/www.deberes.net\/tesis\/wp-json\/wp\/v2\/tags?post=29377"}],"curies":[{"name":"wp","href":"https:\/\/api.w.org\/{rel}","templated":true}]}}