{"id":29438,"date":"2018-03-09T09:22:34","date_gmt":"2018-03-09T09:22:34","guid":{"rendered":"https:\/\/www.deberes.net\/tesis\/sin-categoria\/alteraciones-morfologicas-y-funcionales-de-la-cornea-tras-lasik\/"},"modified":"2018-03-09T09:22:34","modified_gmt":"2018-03-09T09:22:34","slug":"alteraciones-morfologicas-y-funcionales-de-la-cornea-tras-lasik","status":"publish","type":"post","link":"https:\/\/www.deberes.net\/tesis\/miguel-hernandez-de-elche\/alteraciones-morfologicas-y-funcionales-de-la-cornea-tras-lasik\/","title":{"rendered":"Alteraciones morfologicas y funcionales de la cornea tras lasik."},"content":{"rendered":"<h2>Tesis doctoral de <strong> Carmen Cardona Ausina <\/strong><\/h2>\n<p>Con el objetivo de evaluar las repercusiones morfol\u00edgicaas y funcionales de la t\u00e9cnica lasik para la correcci\u00f3n de la miop\u00eda o el astigmatismo mi\u00f3pico compuesto,fueron realizados 4 estudios prospectivos cl\u00ednico experimentales.  los par\u00e1metros evaluados en tales estudios fueron:sensibilidad corneal , aspecto de la interfase observada con minoscopia confocal , patrones de inervaci\u00f3n y regeneraci\u00f3n nerviosa y variaciones en la poblaci\u00f3n celular endotelial.  los valores de umbrales estesiometricos registrados fueron significativamente mayores entre la 1\u00aa y 4\u00aa semana tras la cirug\u00eda , retomando valores normales en un plazo de 6 meses.  el espesor del flap medido con an\u00e1lisis de enfoque completo de la c\u00f3rnea con microscopio confocal significativamente inferiro en los primeros d\u00edas tras la cirug\u00eda.El grado de opacidad corneal relacionado con la cicatrizaci\u00f3n era igualmente superior en las primeras semanas de postoperatorio.  fue apareciendo una nueva correlaci\u00f3n anat\u00f3mica-funcional entre la regeneraci\u00f3n nerviosa y la recuperaci\u00f3n de la sensibilidad corneal.Los valores de densidad celular , pleomorfismo y polimegatismo endoteliales no varian de forma significativa tras la cirug\u00eda lasik.De los estudios incluidos en la memoria , se puede concluir que la t\u00e9cnica lasik no genera variaciones morfol\u00f3gicas y funcionales experimentando leves repercusiones negativas sobre la c\u00f3rnea en los pacientes operados.<\/p>\n<p>&nbsp;<\/p>\n<h3>Datos acad\u00e9micos de la tesis doctoral \u00ab<strong>Alteraciones morfologicas y funcionales de la cornea tras lasik.<\/strong>\u00ab<\/h3>\n<ul>\n<li><strong>T\u00edtulo de la tesis:<\/strong>\u00a0 Alteraciones morfologicas y funcionales de la cornea tras lasik. <\/li>\n<li><strong>Autor:<\/strong>\u00a0 Carmen Cardona Ausina <\/li>\n<li><strong>Universidad:<\/strong>\u00a0 Miguel hern\u00e1ndez de elche<\/li>\n<li><strong>Fecha de lectura de la tesis:<\/strong>\u00a0 27\/03\/2004<\/li>\n<\/ul>\n<p>&nbsp;<\/p>\n<h3>Direcci\u00f3n y tribunal<\/h3>\n<ul>\n<li><strong>Director de la tesis<\/strong>\n<ul>\n<li>Jorge  Luciano Ali\u00f3 Sanz<\/li>\n<\/ul>\n<\/li>\n<li><strong>Tribunal<\/strong>\n<ul>\n<li>Presidente del tribunal: alfonso Arias puente <\/li>\n<li>irene Perez vicente (vocal)<\/li>\n<li> Bellot bernabe Juan  l. (vocal)<\/li>\n<li>Jaime Javaloy esta\u00f1a (vocal)<\/li>\n<\/ul>\n<\/li>\n<\/ul>\n<p>&nbsp;<\/p>\n","protected":false},"excerpt":{"rendered":"<p>Tesis doctoral de Carmen Cardona Ausina Con el objetivo de evaluar las repercusiones morfol\u00edgicaas y funcionales de la t\u00e9cnica lasik [&hellip;]<\/p>\n","protected":false},"author":1,"featured_media":0,"comment_status":"open","ping_status":"open","sticky":false,"template":"","format":"standard","meta":{"site-sidebar-layout":"default","site-content-layout":"","ast-site-content-layout":"","site-content-style":"default","site-sidebar-style":"default","ast-global-header-display":"","ast-banner-title-visibility":"","ast-main-header-display":"","ast-hfb-above-header-display":"","ast-hfb-below-header-display":"","ast-hfb-mobile-header-display":"","site-post-title":"","ast-breadcrumbs-content":"","ast-featured-img":"","footer-sml-layout":"","theme-transparent-header-meta":"","adv-header-id-meta":"","stick-header-meta":"","header-above-stick-meta":"","header-main-stick-meta":"","header-below-stick-meta":"","astra-migrate-meta-layouts":"default","ast-page-background-enabled":"default","ast-page-background-meta":{"desktop":{"background-color":"var(--ast-global-color-4)","background-image":"","background-repeat":"repeat","background-position":"center center","background-size":"auto","background-attachment":"scroll","background-type":"","background-media":"","overlay-type":"","overlay-color":"","overlay-gradient":""},"tablet":{"background-color":"","background-image":"","background-repeat":"repeat","background-position":"center center","background-size":"auto","background-attachment":"scroll","background-type":"","background-media":"","overlay-type":"","overlay-color":"","overlay-gradient":""},"mobile":{"background-color":"","background-image":"","background-repeat":"repeat","background-position":"center center","background-size":"auto","background-attachment":"scroll","background-type":"","background-media":"","overlay-type":"","overlay-color":"","overlay-gradient":""}},"ast-content-background-meta":{"desktop":{"background-color":"var(--ast-global-color-5)","background-image":"","background-repeat":"repeat","background-position":"center center","background-size":"auto","background-attachment":"scroll","background-type":"","background-media":"","overlay-type":"","overlay-color":"","overlay-gradient":""},"tablet":{"background-color":"var(--ast-global-color-5)","background-image":"","background-repeat":"repeat","background-position":"center center","background-size":"auto","background-attachment":"scroll","background-type":"","background-media":"","overlay-type":"","overlay-color":"","overlay-gradient":""},"mobile":{"background-color":"var(--ast-global-color-5)","background-image":"","background-repeat":"repeat","background-position":"center center","background-size":"auto","background-attachment":"scroll","background-type":"","background-media":"","overlay-type":"","overlay-color":"","overlay-gradient":""}},"footnotes":""},"categories":[37169],"tags":[21586,83246,83245,51432,83247,33214],"class_list":["post-29438","post","type-post","status-publish","format-standard","hentry","category-miguel-hernandez-de-elche","tag-alfonso-arias-puente","tag-bellot-bernabe-juan-l","tag-carmen-cardona-ausina","tag-irene-perez-vicente","tag-jaime-javaloy-estana","tag-jorge-luciano-alio-sanz"],"_links":{"self":[{"href":"https:\/\/www.deberes.net\/tesis\/wp-json\/wp\/v2\/posts\/29438","targetHints":{"allow":["GET"]}}],"collection":[{"href":"https:\/\/www.deberes.net\/tesis\/wp-json\/wp\/v2\/posts"}],"about":[{"href":"https:\/\/www.deberes.net\/tesis\/wp-json\/wp\/v2\/types\/post"}],"author":[{"embeddable":true,"href":"https:\/\/www.deberes.net\/tesis\/wp-json\/wp\/v2\/users\/1"}],"replies":[{"embeddable":true,"href":"https:\/\/www.deberes.net\/tesis\/wp-json\/wp\/v2\/comments?post=29438"}],"version-history":[{"count":0,"href":"https:\/\/www.deberes.net\/tesis\/wp-json\/wp\/v2\/posts\/29438\/revisions"}],"wp:attachment":[{"href":"https:\/\/www.deberes.net\/tesis\/wp-json\/wp\/v2\/media?parent=29438"}],"wp:term":[{"taxonomy":"category","embeddable":true,"href":"https:\/\/www.deberes.net\/tesis\/wp-json\/wp\/v2\/categories?post=29438"},{"taxonomy":"post_tag","embeddable":true,"href":"https:\/\/www.deberes.net\/tesis\/wp-json\/wp\/v2\/tags?post=29438"}],"curies":[{"name":"wp","href":"https:\/\/api.w.org\/{rel}","templated":true}]}}