{"id":29480,"date":"2018-03-09T09:22:37","date_gmt":"2018-03-09T09:22:37","guid":{"rendered":"https:\/\/www.deberes.net\/tesis\/sin-categoria\/vuk-karadzic-1787-1864-los-saberes-de-la-nacion-serbia\/"},"modified":"2018-03-09T09:22:37","modified_gmt":"2018-03-09T09:22:37","slug":"vuk-karadzic-1787-1864-los-saberes-de-la-nacion-serbia","status":"publish","type":"post","link":"https:\/\/www.deberes.net\/tesis\/sin-categoria\/vuk-karadzic-1787-1864-los-saberes-de-la-nacion-serbia\/","title":{"rendered":"Vuk karadzic (1787-1864): los saberes de la naci\u00f3n serbia"},"content":{"rendered":"<h2>Tesis doctoral de <strong> Mira Milosevich <\/strong><\/h2>\n<p>El objeto de esta tesis doctoral es la vida y la obra de vuk stefanovic karadzic (1787-1864), el primer nacionalista etnogr\u00e1fico de serbia que investig\u00f3, estudi\u00f3, codific\u00f3  e idealiz\u00f3 la cultura de los campesinos serbios con el objetivo de engendrar una nueva cultura nacional. A trav\u00e9s del an\u00e1lisis de su obra, hemos descrito el proceso hist\u00f3rico de c\u00f3mo se convirti\u00f3 la tradici\u00f3n popular en objeto del saber de la naci\u00f3n. Este proceso hist\u00f3rico refleja la evoluci\u00f3n de la construcci\u00f3n de la conciencia nacional serbia, as\u00ed como la base del nacionalismo moderno serbio.  el an\u00e1lisis de la obra de karadzic en los campos de la filolog\u00eda, el folclore, la geograf\u00eda y la historia parte de las teor\u00edas de ernest gellner sobre el nacionalismo, y, en particular, de su hip\u00f3tesis de que el surgimiento del nacionalismo en los balcanes se debi\u00f3 m\u00e1s a la circunstancia hist\u00f3rica del dominio de los musulmanes sobre una poblaci\u00f3n mayoritariamente cristiana y al conflicto entre ambas comunidades religiosas, del que habr\u00eda surgido la conciencia nacional de los pueblos balc\u00e1nicos, que a los procesos de modernizaci\u00f3n e industrializaci\u00f3n, causas principales de la aparici\u00f3n del nacionalismo en la europa occidental.<\/p>\n<p>&nbsp;<\/p>\n<h3>Datos acad\u00e9micos de la tesis doctoral \u00ab<strong>Vuk karadzic (1787-1864): los saberes de la naci\u00f3n serbia<\/strong>\u00ab<\/h3>\n<ul>\n<li><strong>T\u00edtulo de la tesis:<\/strong>\u00a0 Vuk karadzic (1787-1864): los saberes de la naci\u00f3n serbia <\/li>\n<li><strong>Autor:<\/strong>\u00a0 Mira Milosevich <\/li>\n<li><strong>Universidad:<\/strong>\u00a0 Complutense de Madrid<\/li>\n<li><strong>Fecha de lectura de la tesis:<\/strong>\u00a0 30\/03\/2004<\/li>\n<\/ul>\n<p>&nbsp;<\/p>\n<h3>Direcci\u00f3n y tribunal<\/h3>\n<ul>\n<li><strong>Director de la tesis<\/strong>\n<ul>\n<li>Juan  Pablo Fusi Aizpurua<\/li>\n<\/ul>\n<\/li>\n<li><strong>Tribunal<\/strong>\n<ul>\n<li>Presidente del tribunal: Francisco Rubio llorente <\/li>\n<li>Carlos Mart\u00ednez (vocal)<\/li>\n<li>Carlos Powell solares (vocal)<\/li>\n<li>  (vocal)<\/li>\n<\/ul>\n<\/li>\n<\/ul>\n<p>&nbsp;<\/p>\n","protected":false},"excerpt":{"rendered":"<p>Tesis doctoral de Mira Milosevich El objeto de esta tesis doctoral es la vida y la obra de vuk stefanovic [&hellip;]<\/p>\n","protected":false},"author":1,"featured_media":0,"comment_status":"open","ping_status":"open","sticky":false,"template":"","format":"standard","meta":{"site-sidebar-layout":"default","site-content-layout":"","ast-site-content-layout":"","site-content-style":"default","site-sidebar-style":"default","ast-global-header-display":"","ast-banner-title-visibility":"","ast-main-header-display":"","ast-hfb-above-header-display":"","ast-hfb-below-header-display":"","ast-hfb-mobile-header-display":"","site-post-title":"","ast-breadcrumbs-content":"","ast-featured-img":"","footer-sml-layout":"","theme-transparent-header-meta":"","adv-header-id-meta":"","stick-header-meta":"","header-above-stick-meta":"","header-main-stick-meta":"","header-below-stick-meta":"","astra-migrate-meta-layouts":"default","ast-page-background-enabled":"default","ast-page-background-meta":{"desktop":{"background-color":"var(--ast-global-color-4)","background-image":"","background-repeat":"repeat","background-position":"center center","background-size":"auto","background-attachment":"scroll","background-type":"","background-media":"","overlay-type":"","overlay-color":"","overlay-gradient":""},"tablet":{"background-color":"","background-image":"","background-repeat":"repeat","background-position":"center center","background-size":"auto","background-attachment":"scroll","background-type":"","background-media":"","overlay-type":"","overlay-color":"","overlay-gradient":""},"mobile":{"background-color":"","background-image":"","background-repeat":"repeat","background-position":"center center","background-size":"auto","background-attachment":"scroll","background-type":"","background-media":"","overlay-type":"","overlay-color":"","overlay-gradient":""}},"ast-content-background-meta":{"desktop":{"background-color":"var(--ast-global-color-5)","background-image":"","background-repeat":"repeat","background-position":"center center","background-size":"auto","background-attachment":"scroll","background-type":"","background-media":"","overlay-type":"","overlay-color":"","overlay-gradient":""},"tablet":{"background-color":"var(--ast-global-color-5)","background-image":"","background-repeat":"repeat","background-position":"center center","background-size":"auto","background-attachment":"scroll","background-type":"","background-media":"","overlay-type":"","overlay-color":"","overlay-gradient":""},"mobile":{"background-color":"var(--ast-global-color-5)","background-image":"","background-repeat":"repeat","background-position":"center center","background-size":"auto","background-attachment":"scroll","background-type":"","background-media":"","overlay-type":"","overlay-color":"","overlay-gradient":""}},"footnotes":""},"categories":[1],"tags":[55819,83343,9367,6662,83342],"class_list":["post-29480","post","type-post","status-publish","format-standard","hentry","category-sin-categoria","tag-carlos-Martinez","tag-carlos-powell-solares","tag-francisco-rubio-llorente","tag-juan-pablo-fusi-aizpurua","tag-mira-milosevich"],"_links":{"self":[{"href":"https:\/\/www.deberes.net\/tesis\/wp-json\/wp\/v2\/posts\/29480","targetHints":{"allow":["GET"]}}],"collection":[{"href":"https:\/\/www.deberes.net\/tesis\/wp-json\/wp\/v2\/posts"}],"about":[{"href":"https:\/\/www.deberes.net\/tesis\/wp-json\/wp\/v2\/types\/post"}],"author":[{"embeddable":true,"href":"https:\/\/www.deberes.net\/tesis\/wp-json\/wp\/v2\/users\/1"}],"replies":[{"embeddable":true,"href":"https:\/\/www.deberes.net\/tesis\/wp-json\/wp\/v2\/comments?post=29480"}],"version-history":[{"count":0,"href":"https:\/\/www.deberes.net\/tesis\/wp-json\/wp\/v2\/posts\/29480\/revisions"}],"wp:attachment":[{"href":"https:\/\/www.deberes.net\/tesis\/wp-json\/wp\/v2\/media?parent=29480"}],"wp:term":[{"taxonomy":"category","embeddable":true,"href":"https:\/\/www.deberes.net\/tesis\/wp-json\/wp\/v2\/categories?post=29480"},{"taxonomy":"post_tag","embeddable":true,"href":"https:\/\/www.deberes.net\/tesis\/wp-json\/wp\/v2\/tags?post=29480"}],"curies":[{"name":"wp","href":"https:\/\/api.w.org\/{rel}","templated":true}]}}