{"id":29485,"date":"2018-03-09T09:22:37","date_gmt":"2018-03-09T09:22:37","guid":{"rendered":"https:\/\/www.deberes.net\/tesis\/sin-categoria\/pedagoga%c2%ada-de-los-espacios-bases-teoricas-para-el-analisis-y-reconstruccion-de-la-educatividad-de-los-espacios\/"},"modified":"2018-03-09T09:22:37","modified_gmt":"2018-03-09T09:22:37","slug":"pedagoga%c2%ada-de-los-espacios-bases-teoricas-para-el-analisis-y-reconstruccion-de-la-educatividad-de-los-espacios","status":"publish","type":"post","link":"https:\/\/www.deberes.net\/tesis\/salamanca\/pedagoga%c2%ada-de-los-espacios-bases-teoricas-para-el-analisis-y-reconstruccion-de-la-educatividad-de-los-espacios\/","title":{"rendered":"Pedagogia de los espacios. bases te\u00f3ricas para el an\u00e1lisis y reconstrucci\u00f3n de la educatividad de los espacios"},"content":{"rendered":"<h2>Tesis doctoral de <strong> Jos\u00e9 Manuel Mu\u00f1oz Rodriguez <\/strong><\/h2>\n<p>Nos encontramos ante una investigaci\u00f3n que se ha centrado en el escenario de la formaci\u00f3n, el lugar de la acci\u00f3n, los espacios en los que adquieren sentido de los procesos educativos. Estamos convencidos de que la reflexi\u00f3n en torno el modo en que nos educamos y lo que sucede al educarnos no debe estar repleta sola y exclusivamente de estrategias y contenidos en relaci\u00f3n a las acciones de formaci\u00f3n, sino que, previamente, necesita meditar y dar forma al engranaje territorial que posibilita las formas concretas de educaci\u00f3n y sirve de veh\u00edculo a las demandas formativas provenientes de la sociedad.  la base de esta investigaci\u00f3n estriba en la no posibilidad de formaci\u00f3n al margen de los espacios en que queda comprendida. Hemos analizado y reconstruido la educatividad de la que pueden llegar a gozar los espacios con el fin de que no s\u00f3lo sean esos contenedores que dan cobijo y cabida a las acciones educativas sino m\u00e1s bien aquellas instancias capaces de formar parte, como elemento integrante y de primer orden de los procesos formativos. M\u00e1s a\u00fan cuando se reconoce que la influencia del espacio no ha sido puesta de relieve en el lugar que le corresponde, sino que m\u00e1s bien ha sido considerada de manera marginal, muy parcial y en ocasiones de forma distorsionada, minusvalorando su importancia y careciendo, por tanto, de una sistem\u00e1tica comprensi\u00f3n del papel que el espacio juega en los procesos educativos.  as\u00ed, pues el objetivo de la investigaci\u00f3n ha estado centrado en presentar un entramado te\u00f3rico, desde una triple perspectiva anal\u00edtica, -global, dial\u00e9ctica y parametral-, que ha expuesto la relevancia e importancia que tiene el espacio en los procesos educativos, mostrando unos fundamentos, bases te\u00f3ricas, sobre los que cimentar los procesos y acciones formativas, y desarrollando, en \u00faltimo t\u00e9rmino, formas concretas de otorgar inteligibilidad a muchos de los desajustes y problemas con que nos topamos en le mundo educa<\/p>\n<p>&nbsp;<\/p>\n<h3>Datos acad\u00e9micos de la tesis doctoral \u00ab<strong>Pedagogia de los espacios. bases te\u00f3ricas para el an\u00e1lisis y reconstrucci\u00f3n de la educatividad de los espacios<\/strong>\u00ab<\/h3>\n<ul>\n<li><strong>T\u00edtulo de la tesis:<\/strong>\u00a0 Pedagogia de los espacios. bases te\u00f3ricas para el an\u00e1lisis y reconstrucci\u00f3n de la educatividad de los espacios <\/li>\n<li><strong>Autor:<\/strong>\u00a0 Jos\u00e9 Manuel Mu\u00f1oz Rodriguez <\/li>\n<li><strong>Universidad:<\/strong>\u00a0 Salamanca<\/li>\n<li><strong>Fecha de lectura de la tesis:<\/strong>\u00a0 30\/03\/2004<\/li>\n<\/ul>\n<p>&nbsp;<\/p>\n<h3>Direcci\u00f3n y tribunal<\/h3>\n<ul>\n<li><strong>Director de la tesis<\/strong>\n<ul>\n<li>Angel Garcia Del Dujo<\/li>\n<\/ul>\n<\/li>\n<li><strong>Tribunal<\/strong>\n<ul>\n<li>Presidente del tribunal: joaquin Garcia carrasco <\/li>\n<li>teresa Roma\u00f1\u00e1 blay (vocal)<\/li>\n<li>Luis N\u00fa\u00f1ez cubero (vocal)<\/li>\n<li>clara Romero p\u00e9rez (vocal)<\/li>\n<\/ul>\n<\/li>\n<\/ul>\n<p>&nbsp;<\/p>\n","protected":false},"excerpt":{"rendered":"<p>Tesis doctoral de Jos\u00e9 Manuel Mu\u00f1oz Rodriguez Nos encontramos ante una investigaci\u00f3n que se ha centrado en el escenario de [&hellip;]<\/p>\n","protected":false},"author":1,"featured_media":0,"comment_status":"open","ping_status":"open","sticky":false,"template":"","format":"standard","meta":{"site-sidebar-layout":"default","site-content-layout":"","ast-site-content-layout":"","site-content-style":"default","site-sidebar-style":"default","ast-global-header-display":"","ast-banner-title-visibility":"","ast-main-header-display":"","ast-hfb-above-header-display":"","ast-hfb-below-header-display":"","ast-hfb-mobile-header-display":"","site-post-title":"","ast-breadcrumbs-content":"","ast-featured-img":"","footer-sml-layout":"","theme-transparent-header-meta":"","adv-header-id-meta":"","stick-header-meta":"","header-above-stick-meta":"","header-main-stick-meta":"","header-below-stick-meta":"","astra-migrate-meta-layouts":"default","ast-page-background-enabled":"default","ast-page-background-meta":{"desktop":{"background-color":"var(--ast-global-color-4)","background-image":"","background-repeat":"repeat","background-position":"center center","background-size":"auto","background-attachment":"scroll","background-type":"","background-media":"","overlay-type":"","overlay-color":"","overlay-gradient":""},"tablet":{"background-color":"","background-image":"","background-repeat":"repeat","background-position":"center center","background-size":"auto","background-attachment":"scroll","background-type":"","background-media":"","overlay-type":"","overlay-color":"","overlay-gradient":""},"mobile":{"background-color":"","background-image":"","background-repeat":"repeat","background-position":"center center","background-size":"auto","background-attachment":"scroll","background-type":"","background-media":"","overlay-type":"","overlay-color":"","overlay-gradient":""}},"ast-content-background-meta":{"desktop":{"background-color":"var(--ast-global-color-5)","background-image":"","background-repeat":"repeat","background-position":"center center","background-size":"auto","background-attachment":"scroll","background-type":"","background-media":"","overlay-type":"","overlay-color":"","overlay-gradient":""},"tablet":{"background-color":"var(--ast-global-color-5)","background-image":"","background-repeat":"repeat","background-position":"center center","background-size":"auto","background-attachment":"scroll","background-type":"","background-media":"","overlay-type":"","overlay-color":"","overlay-gradient":""},"mobile":{"background-color":"var(--ast-global-color-5)","background-image":"","background-repeat":"repeat","background-position":"center center","background-size":"auto","background-attachment":"scroll","background-type":"","background-media":"","overlay-type":"","overlay-color":"","overlay-gradient":""}},"footnotes":""},"categories":[9386],"tags":[25719,53658,9442,64605,11066,56705],"class_list":["post-29485","post","type-post","status-publish","format-standard","hentry","category-salamanca","tag-angel-garcia-del-dujo","tag-clara-romero-perez","tag-joaquin-garcia-carrasco","tag-jose-manuel-munoz-rodriguez","tag-luis-nunez-cubero","tag-teresa-romana-blay"],"_links":{"self":[{"href":"https:\/\/www.deberes.net\/tesis\/wp-json\/wp\/v2\/posts\/29485","targetHints":{"allow":["GET"]}}],"collection":[{"href":"https:\/\/www.deberes.net\/tesis\/wp-json\/wp\/v2\/posts"}],"about":[{"href":"https:\/\/www.deberes.net\/tesis\/wp-json\/wp\/v2\/types\/post"}],"author":[{"embeddable":true,"href":"https:\/\/www.deberes.net\/tesis\/wp-json\/wp\/v2\/users\/1"}],"replies":[{"embeddable":true,"href":"https:\/\/www.deberes.net\/tesis\/wp-json\/wp\/v2\/comments?post=29485"}],"version-history":[{"count":0,"href":"https:\/\/www.deberes.net\/tesis\/wp-json\/wp\/v2\/posts\/29485\/revisions"}],"wp:attachment":[{"href":"https:\/\/www.deberes.net\/tesis\/wp-json\/wp\/v2\/media?parent=29485"}],"wp:term":[{"taxonomy":"category","embeddable":true,"href":"https:\/\/www.deberes.net\/tesis\/wp-json\/wp\/v2\/categories?post=29485"},{"taxonomy":"post_tag","embeddable":true,"href":"https:\/\/www.deberes.net\/tesis\/wp-json\/wp\/v2\/tags?post=29485"}],"curies":[{"name":"wp","href":"https:\/\/api.w.org\/{rel}","templated":true}]}}