{"id":29486,"date":"2018-03-09T09:22:38","date_gmt":"2018-03-09T09:22:38","guid":{"rendered":"https:\/\/www.deberes.net\/tesis\/sin-categoria\/deteccion-transmision-y-caracterizacion-del-fitoplasma-asociado-a-la-enfermedad-del-decaimiento-del-peral\/"},"modified":"2018-03-09T09:22:38","modified_gmt":"2018-03-09T09:22:38","slug":"deteccion-transmision-y-caracterizacion-del-fitoplasma-asociado-a-la-enfermedad-del-decaimiento-del-peral","status":"publish","type":"post","link":"https:\/\/www.deberes.net\/tesis\/sin-categoria\/deteccion-transmision-y-caracterizacion-del-fitoplasma-asociado-a-la-enfermedad-del-decaimiento-del-peral\/","title":{"rendered":"Detecci\u00f3n, transmisi\u00f3n y caracterizaci\u00f3n del fitoplasma asociado a la enfermedad del decaimiento del peral"},"content":{"rendered":"<h2>Tesis doctoral de <strong> Meritxell Garc\u00eda Chapa <\/strong><\/h2>\n<p>Se ha realizado una prospecci\u00f3n en parcelas de cultivo de peral, para evaluar la extensi\u00f3n de la enfermedad del decaimiento del peral (pd) en el nordeste de espa\u00f1a. Un 7% de las parcelas observadas presentaron s\u00edntomas de la enfermedad. La presencia del fitoplasma fue confirmada mediante nested-pcr.  finalmente, la caracterizaci\u00f3n del fitoplasma, indici\u00f3 que la enfermedad estaba causada por un \u00fanico fitoplasma, el fitoplasma de pd.  se ha evaluado la expresi\u00f3n de s\u00edntomas de la enfermedad de pd y la detecci\u00f3n por pcr a lo largo del a\u00f1o, en tres variedades distintas. Cada variedad present\u00f3 unos s\u00edntomas asociados caracter\u00edsticos, hecho que puede ser de utilidad en nuevas prospecciones. En los tres casos, la m\u00e1xima detecci\u00f3n del fitoplasma fue alcanzada en diciembre. Se obtuvo la detecci\u00f3n m\u00e1s fiable en tallo.  los resultados tambi\u00e9n demostraron que fitoplasma puede permanecer en estado funcional en la parte a\u00e9rea del \u00e1rbol durante la fase de hibernaci\u00f3n.  se ha estudiado el papel de cacopsylla pyri (homoptera: psyllidae) en la transmisi\u00f3n del fitoplasma del decaimiento del peral (pd) en el nordeste de espa\u00f1a. Los resultados obtenidos demostraron que c.Pyri es, como en otros pa\u00edses del \u00e1rea mediterr\u00e1nea, vector de la enfermedad en espa\u00f1a. los porcentajes de psilas infectadas fueron similares entre sexos, sin embargo las hembras transmitieron el fitoplasma en mayor porcentaje que los machos.  por \u00faltimo, se ha puesto a punto una t\u00e9cnica para serparar el adn del genoma de los fitoplasmas, del de las plantas que los hospedan. Los resultados muestran que un 90% de los clones recombinantes conten\u00edan adn de fitoplasma. por secuenciaci\u00f3n y comparaci\u00f3n con el banco de datos de nci fue confirmado el origen bacteriano de las secuencias, finalmente mediante el dise\u00f1o de cebadores para algunas de esstas secuencias y posterior an\u00e1lisis por pcr se corrobor\u00f3 que los fragmentos de adn clonados era fitoplasm\u00e1ticos.<\/p>\n<p>&nbsp;<\/p>\n<h3>Datos acad\u00e9micos de la tesis doctoral \u00ab<strong>Detecci\u00f3n, transmisi\u00f3n y caracterizaci\u00f3n del fitoplasma asociado a la enfermedad del decaimiento del peral<\/strong>\u00ab<\/h3>\n<ul>\n<li><strong>T\u00edtulo de la tesis:<\/strong>\u00a0 Detecci\u00f3n, transmisi\u00f3n y caracterizaci\u00f3n del fitoplasma asociado a la enfermedad del decaimiento del peral <\/li>\n<li><strong>Autor:<\/strong>\u00a0 Meritxell Garc\u00eda Chapa <\/li>\n<li><strong>Universidad:<\/strong>\u00a0 Aut\u00f3noma de barcelona<\/li>\n<li><strong>Fecha de lectura de la tesis:<\/strong>\u00a0 30\/03\/2004<\/li>\n<\/ul>\n<p>&nbsp;<\/p>\n<h3>Direcci\u00f3n y tribunal<\/h3>\n<ul>\n<li><strong>Director de la tesis<\/strong>\n<ul>\n<li>M Assumpcio Batlle Durany<\/li>\n<\/ul>\n<\/li>\n<li><strong>Tribunal<\/strong>\n<ul>\n<li>Presidente del tribunal: gerardo Llacer ill <\/li>\n<li>charlotte Poschenrieder wiens (vocal)<\/li>\n<li>vicente Medina piles (vocal)<\/li>\n<li> Busi i forcadell benet (vocal)<\/li>\n<\/ul>\n<\/li>\n<\/ul>\n<p>&nbsp;<\/p>\n","protected":false},"excerpt":{"rendered":"<p>Tesis doctoral de Meritxell Garc\u00eda Chapa Se ha realizado una prospecci\u00f3n en parcelas de cultivo de peral, para evaluar la [&hellip;]<\/p>\n","protected":false},"author":1,"featured_media":0,"comment_status":"open","ping_status":"open","sticky":false,"template":"","format":"standard","meta":{"site-sidebar-layout":"default","site-content-layout":"","ast-site-content-layout":"","site-content-style":"default","site-sidebar-style":"default","ast-global-header-display":"","ast-banner-title-visibility":"","ast-main-header-display":"","ast-hfb-above-header-display":"","ast-hfb-below-header-display":"","ast-hfb-mobile-header-display":"","site-post-title":"","ast-breadcrumbs-content":"","ast-featured-img":"","footer-sml-layout":"","theme-transparent-header-meta":"","adv-header-id-meta":"","stick-header-meta":"","header-above-stick-meta":"","header-main-stick-meta":"","header-below-stick-meta":"","astra-migrate-meta-layouts":"default","ast-page-background-enabled":"default","ast-page-background-meta":{"desktop":{"background-color":"var(--ast-global-color-4)","background-image":"","background-repeat":"repeat","background-position":"center center","background-size":"auto","background-attachment":"scroll","background-type":"","background-media":"","overlay-type":"","overlay-color":"","overlay-gradient":""},"tablet":{"background-color":"","background-image":"","background-repeat":"repeat","background-position":"center center","background-size":"auto","background-attachment":"scroll","background-type":"","background-media":"","overlay-type":"","overlay-color":"","overlay-gradient":""},"mobile":{"background-color":"","background-image":"","background-repeat":"repeat","background-position":"center center","background-size":"auto","background-attachment":"scroll","background-type":"","background-media":"","overlay-type":"","overlay-color":"","overlay-gradient":""}},"ast-content-background-meta":{"desktop":{"background-color":"var(--ast-global-color-5)","background-image":"","background-repeat":"repeat","background-position":"center center","background-size":"auto","background-attachment":"scroll","background-type":"","background-media":"","overlay-type":"","overlay-color":"","overlay-gradient":""},"tablet":{"background-color":"var(--ast-global-color-5)","background-image":"","background-repeat":"repeat","background-position":"center center","background-size":"auto","background-attachment":"scroll","background-type":"","background-media":"","overlay-type":"","overlay-color":"","overlay-gradient":""},"mobile":{"background-color":"var(--ast-global-color-5)","background-image":"","background-repeat":"repeat","background-position":"center center","background-size":"auto","background-attachment":"scroll","background-type":"","background-media":"","overlay-type":"","overlay-color":"","overlay-gradient":""}},"footnotes":""},"categories":[1],"tags":[83353,13897,44953,19987,83352,50700],"class_list":["post-29486","post","type-post","status-publish","format-standard","hentry","category-sin-categoria","tag-busi-i-forcadell-benet","tag-charlotte-poschenrieder-wiens","tag-gerardo-llacer-ill","tag-m-assumpcio-batlle-durany","tag-meritxell-garcia-chapa","tag-vicente-medina-piles"],"_links":{"self":[{"href":"https:\/\/www.deberes.net\/tesis\/wp-json\/wp\/v2\/posts\/29486","targetHints":{"allow":["GET"]}}],"collection":[{"href":"https:\/\/www.deberes.net\/tesis\/wp-json\/wp\/v2\/posts"}],"about":[{"href":"https:\/\/www.deberes.net\/tesis\/wp-json\/wp\/v2\/types\/post"}],"author":[{"embeddable":true,"href":"https:\/\/www.deberes.net\/tesis\/wp-json\/wp\/v2\/users\/1"}],"replies":[{"embeddable":true,"href":"https:\/\/www.deberes.net\/tesis\/wp-json\/wp\/v2\/comments?post=29486"}],"version-history":[{"count":0,"href":"https:\/\/www.deberes.net\/tesis\/wp-json\/wp\/v2\/posts\/29486\/revisions"}],"wp:attachment":[{"href":"https:\/\/www.deberes.net\/tesis\/wp-json\/wp\/v2\/media?parent=29486"}],"wp:term":[{"taxonomy":"category","embeddable":true,"href":"https:\/\/www.deberes.net\/tesis\/wp-json\/wp\/v2\/categories?post=29486"},{"taxonomy":"post_tag","embeddable":true,"href":"https:\/\/www.deberes.net\/tesis\/wp-json\/wp\/v2\/tags?post=29486"}],"curies":[{"name":"wp","href":"https:\/\/api.w.org\/{rel}","templated":true}]}}