{"id":29492,"date":"2018-03-09T09:22:39","date_gmt":"2018-03-09T09:22:39","guid":{"rendered":"https:\/\/www.deberes.net\/tesis\/sin-categoria\/mies-van-der-rohe-recursos-expresivos-y-elementos-arquitectonicos-a-traves-de-los-archivos-depositados-en-el-museo-de-arte-moderno-de-new-york\/"},"modified":"2018-03-09T09:22:39","modified_gmt":"2018-03-09T09:22:39","slug":"mies-van-der-rohe-recursos-expresivos-y-elementos-arquitectonicos-a-traves-de-los-archivos-depositados-en-el-museo-de-arte-moderno-de-new-york","status":"publish","type":"post","link":"https:\/\/www.deberes.net\/tesis\/politecnica-de-valencia\/mies-van-der-rohe-recursos-expresivos-y-elementos-arquitectonicos-a-traves-de-los-archivos-depositados-en-el-museo-de-arte-moderno-de-new-york\/","title":{"rendered":"Mies van der rohe: recursos expresivos y elementos arquitectonicos a traves de los archivos depositados en el museo de arte moderno de new york"},"content":{"rendered":"<h2>Tesis doctoral de <strong> Manuel Martin-gonzalez Armingol <\/strong><\/h2>\n<p>Respodiendo al t\u00edtulo citado, la investigaci\u00f3n se ha centrado en la producci\u00f3n gr\u00e1fica de un destacado arquitecto, cuyos numerosos documentos (proyectos, propuestas, dibujos, bocetos, etc.) Constituyen en s\u00ed mismos un legado de enorme trascendencia para conocer la evoluci\u00f3n de la arquitectura moderna europea y americana.  por otra parte, en la tesis se ha abordado el estudio de las facetas de mies van der rohe seleccionadas con el campo del arte, tanto a trav\u00e9s de las caracter\u00edsticas de su propia colecci\u00f3n, como a trav\u00e9s de sus trabajos para dise\u00f1os de exposiciones y para museos.<\/p>\n<p>&nbsp;<\/p>\n<h3>Datos acad\u00e9micos de la tesis doctoral \u00ab<strong>Mies van der rohe: recursos expresivos y elementos arquitectonicos a traves de los archivos depositados en el museo de arte moderno de new york<\/strong>\u00ab<\/h3>\n<ul>\n<li><strong>T\u00edtulo de la tesis:<\/strong>\u00a0 Mies van der rohe: recursos expresivos y elementos arquitectonicos a traves de los archivos depositados en el museo de arte moderno de new york <\/li>\n<li><strong>Autor:<\/strong>\u00a0 Manuel Martin-gonzalez Armingol <\/li>\n<li><strong>Universidad:<\/strong>\u00a0 Polit\u00e9cnica de Valencia<\/li>\n<li><strong>Fecha de lectura de la tesis:<\/strong>\u00a0 30\/03\/2004<\/li>\n<\/ul>\n<p>&nbsp;<\/p>\n<h3>Direcci\u00f3n y tribunal<\/h3>\n<ul>\n<li><strong>Director de la tesis<\/strong>\n<ul>\n<li>Felipe Soler Sanz<\/li>\n<\/ul>\n<\/li>\n<li><strong>Tribunal<\/strong>\n<ul>\n<li>Presidente del tribunal: angela Garc\u00eda codo\u00f1er <\/li>\n<li> Luxan garcia de diego margarita de (vocal)<\/li>\n<li>rom\u00ed\u00a0 De la calle de la calle (vocal)<\/li>\n<li>Juan Calduch cervera (vocal)<\/li>\n<\/ul>\n<\/li>\n<\/ul>\n<p>&nbsp;<\/p>\n","protected":false},"excerpt":{"rendered":"<p>Tesis doctoral de Manuel Martin-gonzalez Armingol Respodiendo al t\u00edtulo citado, la investigaci\u00f3n se ha centrado en la producci\u00f3n gr\u00e1fica de [&hellip;]<\/p>\n","protected":false},"author":1,"featured_media":0,"comment_status":"open","ping_status":"open","sticky":false,"template":"","format":"standard","meta":{"site-sidebar-layout":"default","site-content-layout":"","ast-site-content-layout":"","site-content-style":"default","site-sidebar-style":"default","ast-global-header-display":"","ast-banner-title-visibility":"","ast-main-header-display":"","ast-hfb-above-header-display":"","ast-hfb-below-header-display":"","ast-hfb-mobile-header-display":"","site-post-title":"","ast-breadcrumbs-content":"","ast-featured-img":"","footer-sml-layout":"","theme-transparent-header-meta":"","adv-header-id-meta":"","stick-header-meta":"","header-above-stick-meta":"","header-main-stick-meta":"","header-below-stick-meta":"","astra-migrate-meta-layouts":"default","ast-page-background-enabled":"default","ast-page-background-meta":{"desktop":{"background-color":"var(--ast-global-color-4)","background-image":"","background-repeat":"repeat","background-position":"center center","background-size":"auto","background-attachment":"scroll","background-type":"","background-media":"","overlay-type":"","overlay-color":"","overlay-gradient":""},"tablet":{"background-color":"","background-image":"","background-repeat":"repeat","background-position":"center center","background-size":"auto","background-attachment":"scroll","background-type":"","background-media":"","overlay-type":"","overlay-color":"","overlay-gradient":""},"mobile":{"background-color":"","background-image":"","background-repeat":"repeat","background-position":"center center","background-size":"auto","background-attachment":"scroll","background-type":"","background-media":"","overlay-type":"","overlay-color":"","overlay-gradient":""}},"ast-content-background-meta":{"desktop":{"background-color":"var(--ast-global-color-5)","background-image":"","background-repeat":"repeat","background-position":"center center","background-size":"auto","background-attachment":"scroll","background-type":"","background-media":"","overlay-type":"","overlay-color":"","overlay-gradient":""},"tablet":{"background-color":"var(--ast-global-color-5)","background-image":"","background-repeat":"repeat","background-position":"center center","background-size":"auto","background-attachment":"scroll","background-type":"","background-media":"","overlay-type":"","overlay-color":"","overlay-gradient":""},"mobile":{"background-color":"var(--ast-global-color-5)","background-image":"","background-repeat":"repeat","background-position":"center center","background-size":"auto","background-attachment":"scroll","background-type":"","background-media":"","overlay-type":"","overlay-color":"","overlay-gradient":""}},"footnotes":""},"categories":[16820],"tags":[59406,31390,75681,58730,83365,16851],"class_list":["post-29492","post","type-post","status-publish","format-standard","hentry","category-politecnica-de-valencia","tag-angela-garcia-codoner","tag-felipe-soler-sanz","tag-juan-calduch-cervera","tag-luxan-garcia-de-diego-margarita-de","tag-manuel-martin-gonzalez-armingol","tag-romi-de-la-calle-de-la-calle"],"_links":{"self":[{"href":"https:\/\/www.deberes.net\/tesis\/wp-json\/wp\/v2\/posts\/29492","targetHints":{"allow":["GET"]}}],"collection":[{"href":"https:\/\/www.deberes.net\/tesis\/wp-json\/wp\/v2\/posts"}],"about":[{"href":"https:\/\/www.deberes.net\/tesis\/wp-json\/wp\/v2\/types\/post"}],"author":[{"embeddable":true,"href":"https:\/\/www.deberes.net\/tesis\/wp-json\/wp\/v2\/users\/1"}],"replies":[{"embeddable":true,"href":"https:\/\/www.deberes.net\/tesis\/wp-json\/wp\/v2\/comments?post=29492"}],"version-history":[{"count":0,"href":"https:\/\/www.deberes.net\/tesis\/wp-json\/wp\/v2\/posts\/29492\/revisions"}],"wp:attachment":[{"href":"https:\/\/www.deberes.net\/tesis\/wp-json\/wp\/v2\/media?parent=29492"}],"wp:term":[{"taxonomy":"category","embeddable":true,"href":"https:\/\/www.deberes.net\/tesis\/wp-json\/wp\/v2\/categories?post=29492"},{"taxonomy":"post_tag","embeddable":true,"href":"https:\/\/www.deberes.net\/tesis\/wp-json\/wp\/v2\/tags?post=29492"}],"curies":[{"name":"wp","href":"https:\/\/api.w.org\/{rel}","templated":true}]}}