{"id":29501,"date":"2018-03-09T09:22:39","date_gmt":"2018-03-09T09:22:39","guid":{"rendered":"https:\/\/www.deberes.net\/tesis\/sin-categoria\/catalunya-el-salvador-10-anys-de-cooperacio-1991-2000\/"},"modified":"2018-03-09T09:22:39","modified_gmt":"2018-03-09T09:22:39","slug":"catalunya-el-salvador-10-anys-de-cooperacio-1991-2000","status":"publish","type":"post","link":"https:\/\/www.deberes.net\/tesis\/barcelona\/catalunya-el-salvador-10-anys-de-cooperacio-1991-2000\/","title":{"rendered":"Catalunya &#8211; el salvador: 10 anys de cooperaci\u00f3 (1991-2000)"},"content":{"rendered":"<h2>Tesis doctoral de <strong> Mart\u00ed Boneta Carrea <\/strong><\/h2>\n<p>Se realiza una investigaci\u00f3n sobre la cooperaci\u00f3n de ongd de catalunya con el salvador a partir de 4 bloques:  1,- conceptual: se analizan los conceptos y su evoluci\u00f3n de pobreza, solidaridad, ongd, cooperaci\u00f3n y desarrollo.  2,- historia de el salvador: a partir de la posesi\u00f3n de la tierra y los movimientos sociales, pol\u00edticos y religiosos que piden cambios durante el siglo xx.  3,- investigaci\u00f3n de 237 proyectos de desarrollo que realizan 18 ongd de catalunya con 87 contrapartes de el salvador durante los a\u00f1os 90. Se analiza el tipo de desarrollo, \u00e1mbito geogr\u00e1fico, sectores y beneficiarios.  4,- entrevistas a profesionales de la cooperaci\u00f3n y a expertos de el salavador y catalunya.<\/p>\n<p>&nbsp;<\/p>\n<h3>Datos acad\u00e9micos de la tesis doctoral \u00ab<strong>Catalunya &#8211; el salvador: 10 anys de cooperaci\u00f3 (1991-2000)<\/strong>\u00ab<\/h3>\n<ul>\n<li><strong>T\u00edtulo de la tesis:<\/strong>\u00a0 Catalunya &#8211; el salvador: 10 anys de cooperaci\u00f3 (1991-2000) <\/li>\n<li><strong>Autor:<\/strong>\u00a0 Mart\u00ed Boneta Carrea <\/li>\n<li><strong>Universidad:<\/strong>\u00a0 Barcelona<\/li>\n<li><strong>Fecha de lectura de la tesis:<\/strong>\u00a0 31\/03\/2004<\/li>\n<\/ul>\n<p>&nbsp;<\/p>\n<h3>Direcci\u00f3n y tribunal<\/h3>\n<ul>\n<li><strong>Director de la tesis<\/strong>\n<ul>\n<li>Pelai Pag\u00e9s Blach<\/li>\n<\/ul>\n<\/li>\n<li><strong>Tribunal<\/strong>\n<ul>\n<li>Presidente del tribunal: Mar\u00eda  Teresa Martinez De Sas <\/li>\n<li>Arcadi Oliveras Olivella (vocal)<\/li>\n<li>Anna M. Badia  Mart\u00ed (vocal)<\/li>\n<li>M. Luz Ortega  Carpio (vocal)<\/li>\n<\/ul>\n<\/li>\n<\/ul>\n<p>&nbsp;<\/p>\n","protected":false},"excerpt":{"rendered":"<p>Tesis doctoral de Mart\u00ed Boneta Carrea Se realiza una investigaci\u00f3n sobre la cooperaci\u00f3n de ongd de catalunya con el salvador [&hellip;]<\/p>\n","protected":false},"author":1,"featured_media":0,"comment_status":"open","ping_status":"open","sticky":false,"template":"","format":"standard","meta":{"site-sidebar-layout":"default","site-content-layout":"","ast-site-content-layout":"","site-content-style":"default","site-sidebar-style":"default","ast-global-header-display":"","ast-banner-title-visibility":"","ast-main-header-display":"","ast-hfb-above-header-display":"","ast-hfb-below-header-display":"","ast-hfb-mobile-header-display":"","site-post-title":"","ast-breadcrumbs-content":"","ast-featured-img":"","footer-sml-layout":"","theme-transparent-header-meta":"","adv-header-id-meta":"","stick-header-meta":"","header-above-stick-meta":"","header-main-stick-meta":"","header-below-stick-meta":"","astra-migrate-meta-layouts":"default","ast-page-background-enabled":"default","ast-page-background-meta":{"desktop":{"background-color":"var(--ast-global-color-4)","background-image":"","background-repeat":"repeat","background-position":"center center","background-size":"auto","background-attachment":"scroll","background-type":"","background-media":"","overlay-type":"","overlay-color":"","overlay-gradient":""},"tablet":{"background-color":"","background-image":"","background-repeat":"repeat","background-position":"center center","background-size":"auto","background-attachment":"scroll","background-type":"","background-media":"","overlay-type":"","overlay-color":"","overlay-gradient":""},"mobile":{"background-color":"","background-image":"","background-repeat":"repeat","background-position":"center center","background-size":"auto","background-attachment":"scroll","background-type":"","background-media":"","overlay-type":"","overlay-color":"","overlay-gradient":""}},"ast-content-background-meta":{"desktop":{"background-color":"var(--ast-global-color-5)","background-image":"","background-repeat":"repeat","background-position":"center center","background-size":"auto","background-attachment":"scroll","background-type":"","background-media":"","overlay-type":"","overlay-color":"","overlay-gradient":""},"tablet":{"background-color":"var(--ast-global-color-5)","background-image":"","background-repeat":"repeat","background-position":"center center","background-size":"auto","background-attachment":"scroll","background-type":"","background-media":"","overlay-type":"","overlay-color":"","overlay-gradient":""},"mobile":{"background-color":"var(--ast-global-color-5)","background-image":"","background-repeat":"repeat","background-position":"center center","background-size":"auto","background-attachment":"scroll","background-type":"","background-media":"","overlay-type":"","overlay-color":"","overlay-gradient":""}},"footnotes":""},"categories":[951,4075,1816],"tags":[83385,83384,83386,36949,83382,83383],"class_list":["post-29501","post","type-post","status-publish","format-standard","hentry","category-barcelona","category-cooperacion-internacional","category-historia-contemporanea","tag-anna-m-badia-marti","tag-arcadi-oliveras-olivella","tag-m-luz-ortega-carpio","tag-maria-teresa-Martinez-de-sas","tag-marti-boneta-carrea","tag-pelai-pages-blach"],"_links":{"self":[{"href":"https:\/\/www.deberes.net\/tesis\/wp-json\/wp\/v2\/posts\/29501","targetHints":{"allow":["GET"]}}],"collection":[{"href":"https:\/\/www.deberes.net\/tesis\/wp-json\/wp\/v2\/posts"}],"about":[{"href":"https:\/\/www.deberes.net\/tesis\/wp-json\/wp\/v2\/types\/post"}],"author":[{"embeddable":true,"href":"https:\/\/www.deberes.net\/tesis\/wp-json\/wp\/v2\/users\/1"}],"replies":[{"embeddable":true,"href":"https:\/\/www.deberes.net\/tesis\/wp-json\/wp\/v2\/comments?post=29501"}],"version-history":[{"count":0,"href":"https:\/\/www.deberes.net\/tesis\/wp-json\/wp\/v2\/posts\/29501\/revisions"}],"wp:attachment":[{"href":"https:\/\/www.deberes.net\/tesis\/wp-json\/wp\/v2\/media?parent=29501"}],"wp:term":[{"taxonomy":"category","embeddable":true,"href":"https:\/\/www.deberes.net\/tesis\/wp-json\/wp\/v2\/categories?post=29501"},{"taxonomy":"post_tag","embeddable":true,"href":"https:\/\/www.deberes.net\/tesis\/wp-json\/wp\/v2\/tags?post=29501"}],"curies":[{"name":"wp","href":"https:\/\/api.w.org\/{rel}","templated":true}]}}