{"id":29521,"date":"2018-03-09T09:22:41","date_gmt":"2018-03-09T09:22:41","guid":{"rendered":"https:\/\/www.deberes.net\/tesis\/sin-categoria\/estudio-del-efecto-de-una-bebida-de-reposicion-con-antioxidantes-polifenolicos-sobre-l-estres-oxidativo-en-deportistas\/"},"modified":"2018-03-09T09:22:41","modified_gmt":"2018-03-09T09:22:41","slug":"estudio-del-efecto-de-una-bebida-de-reposicion-con-antioxidantes-polifenolicos-sobre-l-estres-oxidativo-en-deportistas","status":"publish","type":"post","link":"https:\/\/www.deberes.net\/tesis\/catolica-san-antonio\/estudio-del-efecto-de-una-bebida-de-reposicion-con-antioxidantes-polifenolicos-sobre-l-estres-oxidativo-en-deportistas\/","title":{"rendered":"Estudio del efecto de una bebida de reposici\u00f3n con antioxidantes polifen\u00f3licos sobre l estr\u00e9s oxidativo en deportistas"},"content":{"rendered":"<h2>Tesis doctoral de <strong> Juan a Mar\u00eda Morillas Ruiz <\/strong><\/h2>\n<p>&nbsp;<\/p>\n<h3>Datos acad\u00e9micos de la tesis doctoral \u00ab<strong>Estudio del efecto de una bebida de reposici\u00f3n con antioxidantes polifen\u00f3licos sobre l estr\u00e9s oxidativo en deportistas<\/strong>\u00ab<\/h3>\n<ul>\n<li><strong>T\u00edtulo de la tesis:<\/strong>\u00a0 Estudio del efecto de una bebida de reposici\u00f3n con antioxidantes polifen\u00f3licos sobre l estr\u00e9s oxidativo en deportistas <\/li>\n<li><strong>Autor:<\/strong>\u00a0 Juan a Mar\u00eda Morillas Ruiz <\/li>\n<li><strong>Universidad:<\/strong>\u00a0 Cat\u00f3lica san antonio<\/li>\n<li><strong>Fecha de lectura de la tesis:<\/strong>\u00a0 31\/03\/2004<\/li>\n<\/ul>\n<p>&nbsp;<\/p>\n<h3>Direcci\u00f3n y tribunal<\/h3>\n<ul>\n<li><strong>Director de la tesis<\/strong>\n<ul>\n<li>Pilar Zafrilla Rentero<\/li>\n<\/ul>\n<\/li>\n<li><strong>Tribunal<\/strong>\n<ul>\n<li>Presidente del tribunal: salvador Zamora navarro <\/li>\n<li>Javier Gonz\u00e1lez gallego (vocal)<\/li>\n<li>Antonio Sanchez pozo (vocal)<\/li>\n<li> Tom\u00e1s barber\u00e1n Francisco Antonio (vocal)<\/li>\n<\/ul>\n<\/li>\n<\/ul>\n<p>&nbsp;<\/p>\n","protected":false},"excerpt":{"rendered":"<p>Tesis doctoral de Juan a Mar\u00eda Morillas Ruiz &nbsp; Datos acad\u00e9micos de la tesis doctoral \u00abEstudio del efecto de una [&hellip;]<\/p>\n","protected":false},"author":1,"featured_media":0,"comment_status":"open","ping_status":"open","sticky":false,"template":"","format":"standard","meta":{"site-sidebar-layout":"default","site-content-layout":"","ast-site-content-layout":"","site-content-style":"default","site-sidebar-style":"default","ast-global-header-display":"","ast-banner-title-visibility":"","ast-main-header-display":"","ast-hfb-above-header-display":"","ast-hfb-below-header-display":"","ast-hfb-mobile-header-display":"","site-post-title":"","ast-breadcrumbs-content":"","ast-featured-img":"","footer-sml-layout":"","theme-transparent-header-meta":"","adv-header-id-meta":"","stick-header-meta":"","header-above-stick-meta":"","header-main-stick-meta":"","header-below-stick-meta":"","astra-migrate-meta-layouts":"default","ast-page-background-enabled":"default","ast-page-background-meta":{"desktop":{"background-color":"var(--ast-global-color-4)","background-image":"","background-repeat":"repeat","background-position":"center center","background-size":"auto","background-attachment":"scroll","background-type":"","background-media":"","overlay-type":"","overlay-color":"","overlay-gradient":""},"tablet":{"background-color":"","background-image":"","background-repeat":"repeat","background-position":"center center","background-size":"auto","background-attachment":"scroll","background-type":"","background-media":"","overlay-type":"","overlay-color":"","overlay-gradient":""},"mobile":{"background-color":"","background-image":"","background-repeat":"repeat","background-position":"center center","background-size":"auto","background-attachment":"scroll","background-type":"","background-media":"","overlay-type":"","overlay-color":"","overlay-gradient":""}},"ast-content-background-meta":{"desktop":{"background-color":"var(--ast-global-color-5)","background-image":"","background-repeat":"repeat","background-position":"center center","background-size":"auto","background-attachment":"scroll","background-type":"","background-media":"","overlay-type":"","overlay-color":"","overlay-gradient":""},"tablet":{"background-color":"var(--ast-global-color-5)","background-image":"","background-repeat":"repeat","background-position":"center center","background-size":"auto","background-attachment":"scroll","background-type":"","background-media":"","overlay-type":"","overlay-color":"","overlay-gradient":""},"mobile":{"background-color":"var(--ast-global-color-5)","background-image":"","background-repeat":"repeat","background-position":"center center","background-size":"auto","background-attachment":"scroll","background-type":"","background-media":"","overlay-type":"","overlay-color":"","overlay-gradient":""}},"footnotes":""},"categories":[59772],"tags":[19259,9692,83429,69693,4252,83430],"class_list":["post-29521","post","type-post","status-publish","format-standard","hentry","category-catolica-san-antonio","tag-antonio-sanchez-pozo","tag-javier-gonzalez-gallego","tag-juan-a-maria-morillas-ruiz","tag-pilar-zafrilla-rentero","tag-salvador-zamora-navarro","tag-tomas-barberan-francisco-antonio"],"_links":{"self":[{"href":"https:\/\/www.deberes.net\/tesis\/wp-json\/wp\/v2\/posts\/29521","targetHints":{"allow":["GET"]}}],"collection":[{"href":"https:\/\/www.deberes.net\/tesis\/wp-json\/wp\/v2\/posts"}],"about":[{"href":"https:\/\/www.deberes.net\/tesis\/wp-json\/wp\/v2\/types\/post"}],"author":[{"embeddable":true,"href":"https:\/\/www.deberes.net\/tesis\/wp-json\/wp\/v2\/users\/1"}],"replies":[{"embeddable":true,"href":"https:\/\/www.deberes.net\/tesis\/wp-json\/wp\/v2\/comments?post=29521"}],"version-history":[{"count":0,"href":"https:\/\/www.deberes.net\/tesis\/wp-json\/wp\/v2\/posts\/29521\/revisions"}],"wp:attachment":[{"href":"https:\/\/www.deberes.net\/tesis\/wp-json\/wp\/v2\/media?parent=29521"}],"wp:term":[{"taxonomy":"category","embeddable":true,"href":"https:\/\/www.deberes.net\/tesis\/wp-json\/wp\/v2\/categories?post=29521"},{"taxonomy":"post_tag","embeddable":true,"href":"https:\/\/www.deberes.net\/tesis\/wp-json\/wp\/v2\/tags?post=29521"}],"curies":[{"name":"wp","href":"https:\/\/api.w.org\/{rel}","templated":true}]}}