{"id":29526,"date":"2004-01-04T00:00:00","date_gmt":"2004-01-04T00:00:00","guid":{"rendered":"https:\/\/www.deberes.net\/tesis\/sin-categoria\/juan-jose-domenchina-estudio-y-nuevos-textos\/"},"modified":"2004-01-04T00:00:00","modified_gmt":"2004-01-04T00:00:00","slug":"juan-jose-domenchina-estudio-y-nuevos-textos","status":"publish","type":"post","link":"https:\/\/www.deberes.net\/tesis\/sin-categoria\/juan-jose-domenchina-estudio-y-nuevos-textos\/","title":{"rendered":"Juan jos\u00e9 domenchina. estudio y nuevos textos"},"content":{"rendered":"<h2>Tesis doctoral de <strong>  Paz De Castro Amelia De <\/strong><\/h2>\n<p>Se trata de un estudio de la figura de juan jos\u00e9 domenchina (Madrid, 1898 &#8211; m\u00e9xico, 1959) y una edici\u00f3n de su obra dispersa. El estudio consta de tres cap\u00edtulos:  1,- el arte (an\u00e1lisis de su po\u00e9tica y ret\u00f3rica).  2,- la obra (estudio gen\u00e9rico y cronol\u00f3gico de su producci\u00f3n).  3,- el autor y su tiempo (estudio de las relaciones del autor con sus contempor\u00e1neos y de la recepci\u00f3n de obra).  la edici\u00f3n comprende asimismo tres secciones:  1,- recopilaci\u00f3n de los art\u00edculos de prensa domenchinianos nunca reunidos en volumen.  2,- revisi\u00f3n de su poes\u00eda p\u00f3stuma y fijaci\u00f3n textual de la in\u00e9dita.  3,- revisi\u00f3n de su prosa p\u00f3stuma y transcripci\u00f3n de los in\u00e9ditos en prosa m\u00e1s signitificativos.  a ello se a\u00f1aden cuatro ap\u00e9ndices:  1,- cronolog\u00eda vital y editorial del autor.  2,- cat\u00e1logo y antalog\u00eda de su epistolario.  3,- selecci\u00f3n de documentos personales y pol\u00edticos concernientes al autor.  4,- inventario del fondo domenchiniano de la biblioteca nacional de Madrid.  cierran el libro una bibliograf\u00eda dividida en tres apartados (obras del autor, sobre el autor y de referencia) y los \u00edndices alfab\u00e9ticos de la obra editada, y general.<\/p>\n<p>&nbsp;<\/p>\n<h3>Datos acad\u00e9micos de la tesis doctoral \u00ab<strong>Juan jos\u00e9 domenchina. estudio y nuevos textos<\/strong>\u00ab<\/h3>\n<ul>\n<li><strong>T\u00edtulo de la tesis:<\/strong>\u00a0 Juan jos\u00e9 domenchina. estudio y nuevos textos <\/li>\n<li><strong>Autor:<\/strong>\u00a0  Paz De Castro Amelia De <\/li>\n<li><strong>Universidad:<\/strong>\u00a0 Complutense de Madrid<\/li>\n<li><strong>Fecha de lectura de la tesis:<\/strong>\u00a0 01\/04\/2004<\/li>\n<\/ul>\n<p>&nbsp;<\/p>\n<h3>Direcci\u00f3n y tribunal<\/h3>\n<ul>\n<li><strong>Director de la tesis<\/strong>\n<ul>\n<li>Jos\u00e9 Cipriano Paulino Ayuso<\/li>\n<\/ul>\n<\/li>\n<li><strong>Tribunal<\/strong>\n<ul>\n<li>Presidente del tribunal:  Sainz de medrano Luis <\/li>\n<li> Rodenas de moya domingo (vocal)<\/li>\n<li>jazques Issorel (vocal)<\/li>\n<li>Antonio Carreira verez (vocal)<\/li>\n<\/ul>\n<\/li>\n<\/ul>\n<p>&nbsp;<\/p>\n","protected":false},"excerpt":{"rendered":"<p>Tesis doctoral de Paz De Castro Amelia De Se trata de un estudio de la figura de juan jos\u00e9 domenchina [&hellip;]<\/p>\n","protected":false},"author":1,"featured_media":0,"comment_status":"open","ping_status":"open","sticky":false,"template":"","format":"standard","meta":{"site-sidebar-layout":"default","site-content-layout":"","ast-site-content-layout":"","site-content-style":"default","site-sidebar-style":"default","ast-global-header-display":"","ast-banner-title-visibility":"","ast-main-header-display":"","ast-hfb-above-header-display":"","ast-hfb-below-header-display":"","ast-hfb-mobile-header-display":"","site-post-title":"","ast-breadcrumbs-content":"","ast-featured-img":"","footer-sml-layout":"","theme-transparent-header-meta":"","adv-header-id-meta":"","stick-header-meta":"","header-above-stick-meta":"","header-main-stick-meta":"","header-below-stick-meta":"","astra-migrate-meta-layouts":"default","ast-page-background-enabled":"default","ast-page-background-meta":{"desktop":{"background-color":"var(--ast-global-color-4)","background-image":"","background-repeat":"repeat","background-position":"center center","background-size":"auto","background-attachment":"scroll","background-type":"","background-media":"","overlay-type":"","overlay-color":"","overlay-gradient":""},"tablet":{"background-color":"","background-image":"","background-repeat":"repeat","background-position":"center center","background-size":"auto","background-attachment":"scroll","background-type":"","background-media":"","overlay-type":"","overlay-color":"","overlay-gradient":""},"mobile":{"background-color":"","background-image":"","background-repeat":"repeat","background-position":"center center","background-size":"auto","background-attachment":"scroll","background-type":"","background-media":"","overlay-type":"","overlay-color":"","overlay-gradient":""}},"ast-content-background-meta":{"desktop":{"background-color":"var(--ast-global-color-5)","background-image":"","background-repeat":"repeat","background-position":"center center","background-size":"auto","background-attachment":"scroll","background-type":"","background-media":"","overlay-type":"","overlay-color":"","overlay-gradient":""},"tablet":{"background-color":"var(--ast-global-color-5)","background-image":"","background-repeat":"repeat","background-position":"center center","background-size":"auto","background-attachment":"scroll","background-type":"","background-media":"","overlay-type":"","overlay-color":"","overlay-gradient":""},"mobile":{"background-color":"var(--ast-global-color-5)","background-image":"","background-repeat":"repeat","background-position":"center center","background-size":"auto","background-attachment":"scroll","background-type":"","background-media":"","overlay-type":"","overlay-color":"","overlay-gradient":""}},"footnotes":""},"categories":[1],"tags":[22957,83442,6371,83441,34222,24050],"class_list":["post-29526","post","type-post","status-publish","format-standard","hentry","category-sin-categoria","tag-antonio-carreira-verez","tag-jazques-issorel","tag-jose-cipriano-paulino-ayuso","tag-paz-de-castro-amelia-de","tag-rodenas-de-moya-domingo","tag-sainz-de-medrano-luis"],"_links":{"self":[{"href":"https:\/\/www.deberes.net\/tesis\/wp-json\/wp\/v2\/posts\/29526","targetHints":{"allow":["GET"]}}],"collection":[{"href":"https:\/\/www.deberes.net\/tesis\/wp-json\/wp\/v2\/posts"}],"about":[{"href":"https:\/\/www.deberes.net\/tesis\/wp-json\/wp\/v2\/types\/post"}],"author":[{"embeddable":true,"href":"https:\/\/www.deberes.net\/tesis\/wp-json\/wp\/v2\/users\/1"}],"replies":[{"embeddable":true,"href":"https:\/\/www.deberes.net\/tesis\/wp-json\/wp\/v2\/comments?post=29526"}],"version-history":[{"count":0,"href":"https:\/\/www.deberes.net\/tesis\/wp-json\/wp\/v2\/posts\/29526\/revisions"}],"wp:attachment":[{"href":"https:\/\/www.deberes.net\/tesis\/wp-json\/wp\/v2\/media?parent=29526"}],"wp:term":[{"taxonomy":"category","embeddable":true,"href":"https:\/\/www.deberes.net\/tesis\/wp-json\/wp\/v2\/categories?post=29526"},{"taxonomy":"post_tag","embeddable":true,"href":"https:\/\/www.deberes.net\/tesis\/wp-json\/wp\/v2\/tags?post=29526"}],"curies":[{"name":"wp","href":"https:\/\/api.w.org\/{rel}","templated":true}]}}