{"id":29564,"date":"2004-02-04T00:00:00","date_gmt":"2004-02-04T00:00:00","guid":{"rendered":"https:\/\/www.deberes.net\/tesis\/sin-categoria\/caractera%c2%adsticas-de-la-tuberculosis-de-la-poblacion-inmigrante-en-las-comarcas-de-la-huerta-de-murcia-y-la-vega-baja-del-segura\/"},"modified":"2004-02-04T00:00:00","modified_gmt":"2004-02-04T00:00:00","slug":"caractera%c2%adsticas-de-la-tuberculosis-de-la-poblacion-inmigrante-en-las-comarcas-de-la-huerta-de-murcia-y-la-vega-baja-del-segura","status":"publish","type":"post","link":"https:\/\/www.deberes.net\/tesis\/murcia\/caractera%c2%adsticas-de-la-tuberculosis-de-la-poblacion-inmigrante-en-las-comarcas-de-la-huerta-de-murcia-y-la-vega-baja-del-segura\/","title":{"rendered":"Caracter\u00edsticas de la tuberculosis de la poblaci\u00f3n inmigrante en las comarcas de la huerta de murcia y la vega baja del segura"},"content":{"rendered":"<h2>Tesis doctoral de <strong> Roberto Bernabeu Mora <\/strong><\/h2>\n<p>La inmigraci\u00f3n de espa\u00f1a es un fen\u00f3meno reciente de la \u00faltima d\u00e9cada del siglo xx, que plantea numerosos retos sociales y sanitarios. Uno de los m\u00e1s significativos lo constituye el control de la tuberculosis (tb) asociada a la inmigraci\u00f3n, pues actualmente en los pa\u00edses industrializados las bolsas m\u00e1s importantes de esta enfermedad est\u00e1 originadas por inmigrantes procedentes de pa\u00edses pobres y con elevadas tasas de tb.  los objetivos de la tesis doctoral fueron determinar el impacto de la inmigraci\u00f3n en la epidemiolog\u00eda de la tb en las comarcas del sureste espa\u00f1ol de la huerta de murcia y la vega baja del segura y analizar las diferencias cl\u00ednico-epidemiologicas existentes entre los inmigrantes con tb y los enfermos tuberculosos espa\u00f1oles de estas dos comarcas.  se incluyeron en el estudio a todos los residentes en las comarcas de la huerta de murcia y la vega baja del segura que presentaron cultivo positivo para mycobacterium tuberculosis entre enero de 1994 y abril de 2002. Las variables estudiadas se obtuvieron de la historia cl\u00ednica de los enfermos con tb confirmada microbiol\u00f3gicamente.  a lo largo del per\u00edodo de estudio se diagnosticaron 375 casos de tb con cofirmaci\u00f3n microbiol\u00f3gica (341 en la poblaci\u00f3n aut\u00f3ctona y 34 en inmigrantes) en la comarca de la huerta de murcia y 322 casos (286 en la poblaci\u00f3n aut\u00f3ctona, 22 en inmigrantes y 14 casos entre la poblaci\u00f3n no espa\u00f1ola procedente de pa\u00edses de la union europea) en la de la vega del segura. La proporci\u00f3n de enfermos tuberculosos inmigrantes hasta 1998 en la huerta de murcia y 1999 en la vega baja del segura era peque\u00f1a, entre el 1-3% del total de los casos de tb diagnosticados en estas comarcas. Sin embargo, desde 1999 en la comarca de la huerta de murcia y de 2000 en la vega baja del segura, se ha producido un incremento del porcentaje de enfermos tuberculosos inmigranres hasta el 15-26% del total de los casos diagnosticados. La mayor\u00eda de los in<\/p>\n<p>&nbsp;<\/p>\n<h3>Datos acad\u00e9micos de la tesis doctoral \u00ab<strong>Caracter\u00edsticas de la tuberculosis de la poblaci\u00f3n inmigrante en las comarcas de la huerta de murcia y la vega baja del segura<\/strong>\u00ab<\/h3>\n<ul>\n<li><strong>T\u00edtulo de la tesis:<\/strong>\u00a0 Caracter\u00edsticas de la tuberculosis de la poblaci\u00f3n inmigrante en las comarcas de la huerta de murcia y la vega baja del segura <\/li>\n<li><strong>Autor:<\/strong>\u00a0 Roberto Bernabeu Mora <\/li>\n<li><strong>Universidad:<\/strong>\u00a0 Murcia<\/li>\n<li><strong>Fecha de lectura de la tesis:<\/strong>\u00a0 02\/04\/2004<\/li>\n<\/ul>\n<p>&nbsp;<\/p>\n<h3>Direcci\u00f3n y tribunal<\/h3>\n<ul>\n<li><strong>Director de la tesis<\/strong>\n<ul>\n<li>Fernando S\u00e1nchez Gasc\u00f3n<\/li>\n<\/ul>\n<\/li>\n<li><strong>Tribunal<\/strong>\n<ul>\n<li>Presidente del tribunal: Mar\u00eda no Vald\u00e9s ch\u00e1varri <\/li>\n<li>pedro Cabrera navarro (vocal)<\/li>\n<li>h\u00e9ctor Verea hernando (vocal)<\/li>\n<li>Manuel Segovia hern\u00e1ndez (vocal)<\/li>\n<\/ul>\n<\/li>\n<\/ul>\n<p>&nbsp;<\/p>\n","protected":false},"excerpt":{"rendered":"<p>Tesis doctoral de Roberto Bernabeu Mora La inmigraci\u00f3n de espa\u00f1a es un fen\u00f3meno reciente de la \u00faltima d\u00e9cada del siglo [&hellip;]<\/p>\n","protected":false},"author":1,"featured_media":0,"comment_status":"open","ping_status":"open","sticky":false,"template":"","format":"standard","meta":{"site-sidebar-layout":"default","site-content-layout":"","ast-site-content-layout":"","site-content-style":"default","site-sidebar-style":"default","ast-global-header-display":"","ast-banner-title-visibility":"","ast-main-header-display":"","ast-hfb-above-header-display":"","ast-hfb-below-header-display":"","ast-hfb-mobile-header-display":"","site-post-title":"","ast-breadcrumbs-content":"","ast-featured-img":"","footer-sml-layout":"","theme-transparent-header-meta":"","adv-header-id-meta":"","stick-header-meta":"","header-above-stick-meta":"","header-main-stick-meta":"","header-below-stick-meta":"","astra-migrate-meta-layouts":"default","ast-page-background-enabled":"default","ast-page-background-meta":{"desktop":{"background-color":"var(--ast-global-color-4)","background-image":"","background-repeat":"repeat","background-position":"center center","background-size":"auto","background-attachment":"scroll","background-type":"","background-media":"","overlay-type":"","overlay-color":"","overlay-gradient":""},"tablet":{"background-color":"","background-image":"","background-repeat":"repeat","background-position":"center center","background-size":"auto","background-attachment":"scroll","background-type":"","background-media":"","overlay-type":"","overlay-color":"","overlay-gradient":""},"mobile":{"background-color":"","background-image":"","background-repeat":"repeat","background-position":"center center","background-size":"auto","background-attachment":"scroll","background-type":"","background-media":"","overlay-type":"","overlay-color":"","overlay-gradient":""}},"ast-content-background-meta":{"desktop":{"background-color":"var(--ast-global-color-5)","background-image":"","background-repeat":"repeat","background-position":"center center","background-size":"auto","background-attachment":"scroll","background-type":"","background-media":"","overlay-type":"","overlay-color":"","overlay-gradient":""},"tablet":{"background-color":"var(--ast-global-color-5)","background-image":"","background-repeat":"repeat","background-position":"center center","background-size":"auto","background-attachment":"scroll","background-type":"","background-media":"","overlay-type":"","overlay-color":"","overlay-gradient":""},"mobile":{"background-color":"var(--ast-global-color-5)","background-image":"","background-repeat":"repeat","background-position":"center center","background-size":"auto","background-attachment":"scroll","background-type":"","background-media":"","overlay-type":"","overlay-color":"","overlay-gradient":""}},"footnotes":""},"categories":[8235],"tags":[7468,48931,3373,8243,83534,83533],"class_list":["post-29564","post","type-post","status-publish","format-standard","hentry","category-murcia","tag-fernando-sanchez-gascon","tag-hector-verea-hernando","tag-manuel-segovia-hernandez","tag-maria-no-valdes-chavarri","tag-pedro-cabrera-navarro","tag-roberto-bernabeu-mora"],"_links":{"self":[{"href":"https:\/\/www.deberes.net\/tesis\/wp-json\/wp\/v2\/posts\/29564","targetHints":{"allow":["GET"]}}],"collection":[{"href":"https:\/\/www.deberes.net\/tesis\/wp-json\/wp\/v2\/posts"}],"about":[{"href":"https:\/\/www.deberes.net\/tesis\/wp-json\/wp\/v2\/types\/post"}],"author":[{"embeddable":true,"href":"https:\/\/www.deberes.net\/tesis\/wp-json\/wp\/v2\/users\/1"}],"replies":[{"embeddable":true,"href":"https:\/\/www.deberes.net\/tesis\/wp-json\/wp\/v2\/comments?post=29564"}],"version-history":[{"count":0,"href":"https:\/\/www.deberes.net\/tesis\/wp-json\/wp\/v2\/posts\/29564\/revisions"}],"wp:attachment":[{"href":"https:\/\/www.deberes.net\/tesis\/wp-json\/wp\/v2\/media?parent=29564"}],"wp:term":[{"taxonomy":"category","embeddable":true,"href":"https:\/\/www.deberes.net\/tesis\/wp-json\/wp\/v2\/categories?post=29564"},{"taxonomy":"post_tag","embeddable":true,"href":"https:\/\/www.deberes.net\/tesis\/wp-json\/wp\/v2\/tags?post=29564"}],"curies":[{"name":"wp","href":"https:\/\/api.w.org\/{rel}","templated":true}]}}