{"id":29572,"date":"2004-02-04T00:00:00","date_gmt":"2004-02-04T00:00:00","guid":{"rendered":"https:\/\/www.deberes.net\/tesis\/sin-categoria\/validacion-de-un-modelo-de-certificacion-de-competencias-profesionales-del-gua%c2%ada-de-turismo-estudio-de-casos\/"},"modified":"2004-02-04T00:00:00","modified_gmt":"2004-02-04T00:00:00","slug":"validacion-de-un-modelo-de-certificacion-de-competencias-profesionales-del-gua%c2%ada-de-turismo-estudio-de-casos","status":"publish","type":"post","link":"https:\/\/www.deberes.net\/tesis\/valladolid\/validacion-de-un-modelo-de-certificacion-de-competencias-profesionales-del-gua%c2%ada-de-turismo-estudio-de-casos\/","title":{"rendered":"Validaci\u00f3n de un modelo de certificaci\u00f3n de competencias profesionales del gu\u00edade turismo. estudio de casos."},"content":{"rendered":"<h2>Tesis doctoral de <strong>  Guerrero Mora Betty Yolanda <\/strong><\/h2>\n<p>Venezuela no escapa de los m\u00faltiples cambios que ha experimentado la econom\u00eda en los pa\u00edses latinoamericanos, en los cuales persisten problemas de tipo social, cultural y pol\u00edtico entre otros, que dificultan su desarrollo. ante esta realidad, venezuela mantiene las esperanzas en sus potencialidades, para lograr, el desarrollo integral del pa\u00eds. La variada tipolog\u00eda etnocultural del venezolano, complementada positivamente con los rasgos naturales y socioecon\u00f3micos, as\u00ed como su ubicaci\u00f3n geogr\u00e1fica, constituyen una ventaja para el turismo ante su competencia real -los pa\u00edses del caribe- convirti\u00e9ndose el gu\u00eda de turismo en un recurso humano clave para el desarrollo tur\u00edstico del pa\u00eds, lo cual motiv\u00f3 la determinaci\u00f3n de este estudio, con el convencimiento de llevar a cabo un novedoso proyecto educativo de adultos en la b\u00fasqueda de una metodolog\u00eda de evaluaci\u00f3n que permita valorar los conocimientos y experiencias adquiridas por el gu\u00eda de turismo en venezuela. Se plantea como propuesta el desarrollo de un proceso de evaluaci\u00f3n y certificaci\u00f3n de competencias que permita valorar el desempe\u00f1o de \u00e9stos con el prop\u00f3sito de ofrecerlas una certificaci\u00f3n como reconocimiento social y profesional del aprendizaje experiencial con puntajes acreditables para otros sistemas de estudios en los que pueden participar, la reestauraci\u00f3n de esta metolog\u00eda se ha basado en la adaptaci\u00f3n del modelo eurocertificaci\u00f3n de competencias desarrollado por el dr. Tom\u00e1s d\u00edaz gonz\u00e1lez, modelo aplicado en espa\u00f1a a nivel empresarial, que a su vez es puesto en marcha por la universidad de valladolid. Esta metodolog\u00eda facilita la certificaci\u00f3n a trav\u00e9s de la evaluaci\u00f3n y valoraci\u00f3n de los aprendizajes obtenidos sin desligar. Lo del contexto de su trabajo. Los agentes sociales participantes en la valoraci\u00f3n del modelo, consideran que el proceso previsto en este, favorece el trabajo colaborativo entre la universidad, el sector empleador, y lo<\/p>\n<p>&nbsp;<\/p>\n<h3>Datos acad\u00e9micos de la tesis doctoral \u00ab<strong>Validaci\u00f3n de un modelo de certificaci\u00f3n de competencias profesionales del gu\u00edade turismo. estudio de casos.<\/strong>\u00ab<\/h3>\n<ul>\n<li><strong>T\u00edtulo de la tesis:<\/strong>\u00a0 Validaci\u00f3n de un modelo de certificaci\u00f3n de competencias profesionales del gu\u00edade turismo. estudio de casos. <\/li>\n<li><strong>Autor:<\/strong>\u00a0  Guerrero Mora Betty Yolanda <\/li>\n<li><strong>Universidad:<\/strong>\u00a0 Valladolid<\/li>\n<li><strong>Fecha de lectura de la tesis:<\/strong>\u00a0 02\/04\/2004<\/li>\n<\/ul>\n<p>&nbsp;<\/p>\n<h3>Direcci\u00f3n y tribunal<\/h3>\n<ul>\n<li><strong>Director de la tesis<\/strong>\n<ul>\n<li>Tom\u00e1s D\u00edaz Gonz\u00e1lez<\/li>\n<\/ul>\n<\/li>\n<li><strong>Tribunal<\/strong>\n<ul>\n<li>Presidente del tribunal: Jes\u00fas Nieto d\u00edez <\/li>\n<li>florentino Sanz fernandez (vocal)<\/li>\n<li> Valdivieso pastor Juan  donoso (vocal)<\/li>\n<li>Antonio Bial s\u00e1nchez (vocal)<\/li>\n<\/ul>\n<\/li>\n<\/ul>\n<p>&nbsp;<\/p>\n","protected":false},"excerpt":{"rendered":"<p>Tesis doctoral de Guerrero Mora Betty Yolanda Venezuela no escapa de los m\u00faltiples cambios que ha experimentado la econom\u00eda en [&hellip;]<\/p>\n","protected":false},"author":1,"featured_media":0,"comment_status":"open","ping_status":"open","sticky":false,"template":"","format":"standard","meta":{"site-sidebar-layout":"default","site-content-layout":"","ast-site-content-layout":"","site-content-style":"default","site-sidebar-style":"default","ast-global-header-display":"","ast-banner-title-visibility":"","ast-main-header-display":"","ast-hfb-above-header-display":"","ast-hfb-below-header-display":"","ast-hfb-mobile-header-display":"","site-post-title":"","ast-breadcrumbs-content":"","ast-featured-img":"","footer-sml-layout":"","theme-transparent-header-meta":"","adv-header-id-meta":"","stick-header-meta":"","header-above-stick-meta":"","header-main-stick-meta":"","header-below-stick-meta":"","astra-migrate-meta-layouts":"default","ast-page-background-enabled":"default","ast-page-background-meta":{"desktop":{"background-color":"var(--ast-global-color-4)","background-image":"","background-repeat":"repeat","background-position":"center center","background-size":"auto","background-attachment":"scroll","background-type":"","background-media":"","overlay-type":"","overlay-color":"","overlay-gradient":""},"tablet":{"background-color":"","background-image":"","background-repeat":"repeat","background-position":"center center","background-size":"auto","background-attachment":"scroll","background-type":"","background-media":"","overlay-type":"","overlay-color":"","overlay-gradient":""},"mobile":{"background-color":"","background-image":"","background-repeat":"repeat","background-position":"center center","background-size":"auto","background-attachment":"scroll","background-type":"","background-media":"","overlay-type":"","overlay-color":"","overlay-gradient":""}},"ast-content-background-meta":{"desktop":{"background-color":"var(--ast-global-color-5)","background-image":"","background-repeat":"repeat","background-position":"center center","background-size":"auto","background-attachment":"scroll","background-type":"","background-media":"","overlay-type":"","overlay-color":"","overlay-gradient":""},"tablet":{"background-color":"var(--ast-global-color-5)","background-image":"","background-repeat":"repeat","background-position":"center center","background-size":"auto","background-attachment":"scroll","background-type":"","background-media":"","overlay-type":"","overlay-color":"","overlay-gradient":""},"mobile":{"background-color":"var(--ast-global-color-5)","background-image":"","background-repeat":"repeat","background-position":"center center","background-size":"auto","background-attachment":"scroll","background-type":"","background-media":"","overlay-type":"","overlay-color":"","overlay-gradient":""}},"footnotes":""},"categories":[12451],"tags":[83556,7698,83554,24002,72893,83555],"class_list":["post-29572","post","type-post","status-publish","format-standard","hentry","category-valladolid","tag-antonio-bial-sanchez","tag-florentino-sanz-fernandez","tag-guerrero-mora-betty-yolanda","tag-jesus-nieto-diez","tag-tomas-diaz-gonzalez","tag-valdivieso-pastor-juan-donoso"],"_links":{"self":[{"href":"https:\/\/www.deberes.net\/tesis\/wp-json\/wp\/v2\/posts\/29572","targetHints":{"allow":["GET"]}}],"collection":[{"href":"https:\/\/www.deberes.net\/tesis\/wp-json\/wp\/v2\/posts"}],"about":[{"href":"https:\/\/www.deberes.net\/tesis\/wp-json\/wp\/v2\/types\/post"}],"author":[{"embeddable":true,"href":"https:\/\/www.deberes.net\/tesis\/wp-json\/wp\/v2\/users\/1"}],"replies":[{"embeddable":true,"href":"https:\/\/www.deberes.net\/tesis\/wp-json\/wp\/v2\/comments?post=29572"}],"version-history":[{"count":0,"href":"https:\/\/www.deberes.net\/tesis\/wp-json\/wp\/v2\/posts\/29572\/revisions"}],"wp:attachment":[{"href":"https:\/\/www.deberes.net\/tesis\/wp-json\/wp\/v2\/media?parent=29572"}],"wp:term":[{"taxonomy":"category","embeddable":true,"href":"https:\/\/www.deberes.net\/tesis\/wp-json\/wp\/v2\/categories?post=29572"},{"taxonomy":"post_tag","embeddable":true,"href":"https:\/\/www.deberes.net\/tesis\/wp-json\/wp\/v2\/tags?post=29572"}],"curies":[{"name":"wp","href":"https:\/\/api.w.org\/{rel}","templated":true}]}}