{"id":29646,"date":"2018-03-09T09:22:51","date_gmt":"2018-03-09T09:22:51","guid":{"rendered":"https:\/\/www.deberes.net\/tesis\/sin-categoria\/didactica-del-discurso-iconico-verbal-las-artes-plasticas-como-pretexto-publicitario\/"},"modified":"2018-03-09T09:22:51","modified_gmt":"2018-03-09T09:22:51","slug":"didactica-del-discurso-iconico-verbal-las-artes-plasticas-como-pretexto-publicitario","status":"publish","type":"post","link":"https:\/\/www.deberes.net\/tesis\/cordoba\/didactica-del-discurso-iconico-verbal-las-artes-plasticas-como-pretexto-publicitario\/","title":{"rendered":"Did\u00e1ctica del discurso ic\u00f3nico-verbal: las artes pl\u00e1sticas como pretexto publicitario"},"content":{"rendered":"<h2>Tesis doctoral de <strong>  \u00e1lvarez De Prada Gloria <\/strong><\/h2>\n<p>Mediante nuestro trabajo hemos intentado demostrar la tesis siguiente: la publicidad gr\u00e1fica de la prensa peri\u00f3dica espa\u00f1ola se apodera (de forma oportunista e interesada) de im\u00e1genes y conceptos procedentes de la historia de los estilos art\u00edsticos. O lo que es igual, pero expresado con mayor exactitud, el discurso de la publicidad (dp, en lo sucesivo) se apropia de las voces ajenas del discurso de las artes (da), voces que, por tanto, resultan enajenadas, descontextualizadas, travestidas, transpuestas y, por consiguientes, vaciadas de su contenido primigenio, para convertirse en una parodia de s\u00ed mismas.  hemos estructurado nuestro trabajo seg\u00fan el siguiente orden: en el cap\u00edtulo primero  hemos pretendido establecer los presupuestos te\u00f3ricos y el car\u00e1cter interdisciplinar en los que se sustenta el presente trabajo de investigaci\u00f3n. en este mismo cap\u00edtulo, formulamos la red de hip\u00f3tesis y los objetivos did\u00e1cticos. En el cap\u00edtulo segundo hemos estudiado la casu\u00edstica del discurso publicitario (dp, en lo sucesivo) que utiliza el vocablo arte (y los campos sem\u00e1tnicos afines al de la \u00abartisticidad\u00bb) como argumentatio ling\u00ed\u00bc\u00edstica principal. En el cap\u00edtulo tercero abordamos el uso publicitario de im\u00e1genes escult\u00f3ricas como clincher o argumentatio ic\u00f3nica. En el cap\u00edtulo cuarto hemos descrito e interpretado el lenguaje pict\u00f3rico como pretexto publicitario. el cap\u00edtulo quinto lo dedicamos exclusivamente al dibujo e indagamos sobre las razones de la utilizaci\u00f3n de obras dibuj\u00edsticas en la argumentatio ic\u00f3nica publicitaria. En el cap\u00edtulo sexto indagaremos sobre la presencia de la obra gr\u00e1fica en la publicidad, es decir, de estampas y grabados.  adem\u00e1s, conviene remarcar que (al final de cada uno de los cap\u00edtulos) hemos elaborado una serie de conclusiones parciales, as\u00ed como unos recuentos estad\u00edsticos acerca del subcorpus espec\u00edfico de cada cap\u00edtulo, que, m\u00e1s tarde hemos revisado y sumado para elaborar las con<\/p>\n<p>&nbsp;<\/p>\n<h3>Datos acad\u00e9micos de la tesis doctoral \u00ab<strong>Did\u00e1ctica del discurso ic\u00f3nico-verbal: las artes pl\u00e1sticas como pretexto publicitario<\/strong>\u00ab<\/h3>\n<ul>\n<li><strong>T\u00edtulo de la tesis:<\/strong>\u00a0 Did\u00e1ctica del discurso ic\u00f3nico-verbal: las artes pl\u00e1sticas como pretexto publicitario <\/li>\n<li><strong>Autor:<\/strong>\u00a0  \u00e1lvarez De Prada Gloria <\/li>\n<li><strong>Universidad:<\/strong>\u00a0 C\u00f3rdoba<\/li>\n<li><strong>Fecha de lectura de la tesis:<\/strong>\u00a0 16\/04\/2004<\/li>\n<\/ul>\n<p>&nbsp;<\/p>\n<h3>Direcci\u00f3n y tribunal<\/h3>\n<ul>\n<li><strong>Director de la tesis<\/strong>\n<ul>\n<li>Luis S\u00e1nchez Corral<\/li>\n<\/ul>\n<\/li>\n<li><strong>Tribunal<\/strong>\n<ul>\n<li>Presidente del tribunal: Mar\u00eda  Luisa Calero vaquera <\/li>\n<li>ram\u00f3n Rom\u00e1n alcal\u00e1 (vocal)<\/li>\n<li>joaquin Prats cuevas (vocal)<\/li>\n<li> Socias i batet inmaculada (vocal)<\/li>\n<\/ul>\n<\/li>\n<\/ul>\n<p>&nbsp;<\/p>\n","protected":false},"excerpt":{"rendered":"<p>Tesis doctoral de \u00e1lvarez De Prada Gloria Mediante nuestro trabajo hemos intentado demostrar la tesis siguiente: la publicidad gr\u00e1fica de [&hellip;]<\/p>\n","protected":false},"author":1,"featured_media":0,"comment_status":"open","ping_status":"open","sticky":false,"template":"","format":"standard","meta":{"site-sidebar-layout":"default","site-content-layout":"","ast-site-content-layout":"","site-content-style":"default","site-sidebar-style":"default","ast-global-header-display":"","ast-banner-title-visibility":"","ast-main-header-display":"","ast-hfb-above-header-display":"","ast-hfb-below-header-display":"","ast-hfb-mobile-header-display":"","site-post-title":"","ast-breadcrumbs-content":"","ast-featured-img":"","footer-sml-layout":"","theme-transparent-header-meta":"","adv-header-id-meta":"","stick-header-meta":"","header-above-stick-meta":"","header-main-stick-meta":"","header-below-stick-meta":"","astra-migrate-meta-layouts":"default","ast-page-background-enabled":"default","ast-page-background-meta":{"desktop":{"background-color":"var(--ast-global-color-4)","background-image":"","background-repeat":"repeat","background-position":"center center","background-size":"auto","background-attachment":"scroll","background-type":"","background-media":"","overlay-type":"","overlay-color":"","overlay-gradient":""},"tablet":{"background-color":"","background-image":"","background-repeat":"repeat","background-position":"center center","background-size":"auto","background-attachment":"scroll","background-type":"","background-media":"","overlay-type":"","overlay-color":"","overlay-gradient":""},"mobile":{"background-color":"","background-image":"","background-repeat":"repeat","background-position":"center center","background-size":"auto","background-attachment":"scroll","background-type":"","background-media":"","overlay-type":"","overlay-color":"","overlay-gradient":""}},"ast-content-background-meta":{"desktop":{"background-color":"var(--ast-global-color-5)","background-image":"","background-repeat":"repeat","background-position":"center center","background-size":"auto","background-attachment":"scroll","background-type":"","background-media":"","overlay-type":"","overlay-color":"","overlay-gradient":""},"tablet":{"background-color":"var(--ast-global-color-5)","background-image":"","background-repeat":"repeat","background-position":"center center","background-size":"auto","background-attachment":"scroll","background-type":"","background-media":"","overlay-type":"","overlay-color":"","overlay-gradient":""},"mobile":{"background-color":"var(--ast-global-color-5)","background-image":"","background-repeat":"repeat","background-position":"center center","background-size":"auto","background-attachment":"scroll","background-type":"","background-media":"","overlay-type":"","overlay-color":"","overlay-gradient":""}},"footnotes":""},"categories":[973],"tags":[83728,27942,2236,40532,83729,83730],"class_list":["post-29646","post","type-post","status-publish","format-standard","hentry","category-cordoba","tag-alvarez-de-prada-gloria","tag-joaquin-prats-cuevas","tag-luis-sanchez-corral","tag-maria-luisa-calero-vaquera","tag-ramon-roman-alcala","tag-socias-i-batet-inmaculada"],"_links":{"self":[{"href":"https:\/\/www.deberes.net\/tesis\/wp-json\/wp\/v2\/posts\/29646","targetHints":{"allow":["GET"]}}],"collection":[{"href":"https:\/\/www.deberes.net\/tesis\/wp-json\/wp\/v2\/posts"}],"about":[{"href":"https:\/\/www.deberes.net\/tesis\/wp-json\/wp\/v2\/types\/post"}],"author":[{"embeddable":true,"href":"https:\/\/www.deberes.net\/tesis\/wp-json\/wp\/v2\/users\/1"}],"replies":[{"embeddable":true,"href":"https:\/\/www.deberes.net\/tesis\/wp-json\/wp\/v2\/comments?post=29646"}],"version-history":[{"count":0,"href":"https:\/\/www.deberes.net\/tesis\/wp-json\/wp\/v2\/posts\/29646\/revisions"}],"wp:attachment":[{"href":"https:\/\/www.deberes.net\/tesis\/wp-json\/wp\/v2\/media?parent=29646"}],"wp:term":[{"taxonomy":"category","embeddable":true,"href":"https:\/\/www.deberes.net\/tesis\/wp-json\/wp\/v2\/categories?post=29646"},{"taxonomy":"post_tag","embeddable":true,"href":"https:\/\/www.deberes.net\/tesis\/wp-json\/wp\/v2\/tags?post=29646"}],"curies":[{"name":"wp","href":"https:\/\/api.w.org\/{rel}","templated":true}]}}