{"id":29647,"date":"2018-03-09T09:22:51","date_gmt":"2018-03-09T09:22:51","guid":{"rendered":"https:\/\/www.deberes.net\/tesis\/sin-categoria\/la-recuperacion-de-la-alfareria-tradicional-en-la-provincia-de-lugo-procesos-socioeconomicos-y-culturales\/"},"modified":"2018-03-09T09:22:51","modified_gmt":"2018-03-09T09:22:51","slug":"la-recuperacion-de-la-alfareria-tradicional-en-la-provincia-de-lugo-procesos-socioeconomicos-y-culturales","status":"publish","type":"post","link":"https:\/\/www.deberes.net\/tesis\/santiago-de-compostela\/la-recuperacion-de-la-alfareria-tradicional-en-la-provincia-de-lugo-procesos-socioeconomicos-y-culturales\/","title":{"rendered":"La recuperaci\u00f3n de la alfarer\u00eda tradicional en la provincia de lugo: procesos socioecon\u00f3micos y culturales"},"content":{"rendered":"<h2>Tesis doctoral de <strong> Elena Freire Paz <\/strong><\/h2>\n<p>El presente trabajo es un estudio, desde el punto de vista antropol\u00f3gico, de la recuperaci\u00f3n de la alfarer\u00eda tradicional en la provincia de lugo partiendo de un an\u00e1lisis concreto que entiende la artesan\u00eda del barro como una condici\u00f3n particular perteneciente a un grupo social determinado.  en ese sentido, nuestro intento va dirigido a definir los condicionamientos que dicho grupo impone a la alfarer\u00eda a trav\u00e9s del proceso de recuperaci\u00f3n al que se ha visto sometida esta actividad artesanal en las \u00faltimas d\u00e9cadas del siglo xx y en los primeros a\u00f1os del xxi. Entendemos que la oportunidad del estudio se justifica, en primer lugar, por situarse dentro de un paradigma de investigaci\u00f3n muy productivo en la actualidad, como es el an\u00e1lisis de la interacci\u00f3n entre la globalidad y las culturas tradicionales; pero adem\u00e1s se hac\u00eda necesario un an\u00e1lisis que superase el particularismo que hab\u00eda sido habitual hasta el momento, intentando ubicar la recuperaci\u00f3n de la alfarer\u00eda en unas coordenadas sociales generales y explic\u00e1ndola como un proceso plural y complejo en el que intervienen numerosos agentes y donde se reconocen diversas fases y facetas.  para establecer el corpus de an\u00e1lisis nos hemos centrado en las tres localidades con tradici\u00f3n alfarera que mantienen el oficio en la actualidad que son; mondo\u00f1edo, bonxe y gundiv\u00f3s. A partir del establecimiento del campo de trabajo, el estudio alterna dos perspectivas: por un lado, existe una l\u00ednea de an\u00e1lisis sincr\u00f3nico o descriptivo, que ha consistido en la delimitaci\u00f3n y caracterizaci\u00f3n de dos estadios hist\u00f3ricos diferentes y definidos en lo que se refiere a la realidad de la alfarer\u00eda. En efecto, como ocurre con toda actividad humana, la artesan\u00eda del barro experimenta ciertos cambios derivados del decurso temporal y que son paralelos a otras alteraciones propias de los sistemas humanos que las originan. Por otro lado, complementando esa perspectiva, tendr\u00edamos la diacr<\/p>\n<p>&nbsp;<\/p>\n<h3>Datos acad\u00e9micos de la tesis doctoral \u00ab<strong>La recuperaci\u00f3n de la alfarer\u00eda tradicional en la provincia de lugo: procesos socioecon\u00f3micos y culturales<\/strong>\u00ab<\/h3>\n<ul>\n<li><strong>T\u00edtulo de la tesis:<\/strong>\u00a0 La recuperaci\u00f3n de la alfarer\u00eda tradicional en la provincia de lugo: procesos socioecon\u00f3micos y culturales <\/li>\n<li><strong>Autor:<\/strong>\u00a0 Elena Freire Paz <\/li>\n<li><strong>Universidad:<\/strong>\u00a0 Santiago de compostela<\/li>\n<li><strong>Fecha de lectura de la tesis:<\/strong>\u00a0 16\/04\/2004<\/li>\n<\/ul>\n<p>&nbsp;<\/p>\n<h3>Direcci\u00f3n y tribunal<\/h3>\n<ul>\n<li><strong>Director de la tesis<\/strong>\n<ul>\n<li>Xaquin Serxio Rodr\u00edguez Campos<\/li>\n<\/ul>\n<\/li>\n<li><strong>Tribunal<\/strong>\n<ul>\n<li>Presidente del tribunal: honorio manuel Velasco ma\u00edllo <\/li>\n<li>ignasi Terradas saborit (vocal)<\/li>\n<li>marcial Gondar postsany (vocal)<\/li>\n<li>joan Frigole reixach (vocal)<\/li>\n<\/ul>\n<\/li>\n<\/ul>\n<p>&nbsp;<\/p>\n","protected":false},"excerpt":{"rendered":"<p>Tesis doctoral de Elena Freire Paz El presente trabajo es un estudio, desde el punto de vista antropol\u00f3gico, de la [&hellip;]<\/p>\n","protected":false},"author":1,"featured_media":0,"comment_status":"open","ping_status":"open","sticky":false,"template":"","format":"standard","meta":{"site-sidebar-layout":"default","site-content-layout":"","ast-site-content-layout":"","site-content-style":"default","site-sidebar-style":"default","ast-global-header-display":"","ast-banner-title-visibility":"","ast-main-header-display":"","ast-hfb-above-header-display":"","ast-hfb-below-header-display":"","ast-hfb-mobile-header-display":"","site-post-title":"","ast-breadcrumbs-content":"","ast-featured-img":"","footer-sml-layout":"","theme-transparent-header-meta":"","adv-header-id-meta":"","stick-header-meta":"","header-above-stick-meta":"","header-main-stick-meta":"","header-below-stick-meta":"","astra-migrate-meta-layouts":"default","ast-page-background-enabled":"default","ast-page-background-meta":{"desktop":{"background-color":"var(--ast-global-color-4)","background-image":"","background-repeat":"repeat","background-position":"center center","background-size":"auto","background-attachment":"scroll","background-type":"","background-media":"","overlay-type":"","overlay-color":"","overlay-gradient":""},"tablet":{"background-color":"","background-image":"","background-repeat":"repeat","background-position":"center center","background-size":"auto","background-attachment":"scroll","background-type":"","background-media":"","overlay-type":"","overlay-color":"","overlay-gradient":""},"mobile":{"background-color":"","background-image":"","background-repeat":"repeat","background-position":"center center","background-size":"auto","background-attachment":"scroll","background-type":"","background-media":"","overlay-type":"","overlay-color":"","overlay-gradient":""}},"ast-content-background-meta":{"desktop":{"background-color":"var(--ast-global-color-5)","background-image":"","background-repeat":"repeat","background-position":"center center","background-size":"auto","background-attachment":"scroll","background-type":"","background-media":"","overlay-type":"","overlay-color":"","overlay-gradient":""},"tablet":{"background-color":"var(--ast-global-color-5)","background-image":"","background-repeat":"repeat","background-position":"center center","background-size":"auto","background-attachment":"scroll","background-type":"","background-media":"","overlay-type":"","overlay-color":"","overlay-gradient":""},"mobile":{"background-color":"var(--ast-global-color-5)","background-image":"","background-repeat":"repeat","background-position":"center center","background-size":"auto","background-attachment":"scroll","background-type":"","background-media":"","overlay-type":"","overlay-color":"","overlay-gradient":""}},"footnotes":""},"categories":[977],"tags":[83731,14767,20169,1247,83733,83732],"class_list":["post-29647","post","type-post","status-publish","format-standard","hentry","category-santiago-de-compostela","tag-elena-freire-paz","tag-honorio-manuel-velasco-maillo","tag-ignasi-terradas-saborit","tag-joan-frigole-reixach","tag-marcial-gondar-postsany","tag-xaquin-serxio-rodriguez-campos"],"_links":{"self":[{"href":"https:\/\/www.deberes.net\/tesis\/wp-json\/wp\/v2\/posts\/29647","targetHints":{"allow":["GET"]}}],"collection":[{"href":"https:\/\/www.deberes.net\/tesis\/wp-json\/wp\/v2\/posts"}],"about":[{"href":"https:\/\/www.deberes.net\/tesis\/wp-json\/wp\/v2\/types\/post"}],"author":[{"embeddable":true,"href":"https:\/\/www.deberes.net\/tesis\/wp-json\/wp\/v2\/users\/1"}],"replies":[{"embeddable":true,"href":"https:\/\/www.deberes.net\/tesis\/wp-json\/wp\/v2\/comments?post=29647"}],"version-history":[{"count":0,"href":"https:\/\/www.deberes.net\/tesis\/wp-json\/wp\/v2\/posts\/29647\/revisions"}],"wp:attachment":[{"href":"https:\/\/www.deberes.net\/tesis\/wp-json\/wp\/v2\/media?parent=29647"}],"wp:term":[{"taxonomy":"category","embeddable":true,"href":"https:\/\/www.deberes.net\/tesis\/wp-json\/wp\/v2\/categories?post=29647"},{"taxonomy":"post_tag","embeddable":true,"href":"https:\/\/www.deberes.net\/tesis\/wp-json\/wp\/v2\/tags?post=29647"}],"curies":[{"name":"wp","href":"https:\/\/api.w.org\/{rel}","templated":true}]}}