{"id":29653,"date":"2018-03-09T09:22:52","date_gmt":"2018-03-09T09:22:52","guid":{"rendered":"https:\/\/www.deberes.net\/tesis\/sin-categoria\/evaluacion-del-proceso-de-transfer-en-alumnos-de-ensenanza-secundaria-obligatoria\/"},"modified":"2018-03-09T09:22:52","modified_gmt":"2018-03-09T09:22:52","slug":"evaluacion-del-proceso-de-transfer-en-alumnos-de-ensenanza-secundaria-obligatoria","status":"publish","type":"post","link":"https:\/\/www.deberes.net\/tesis\/sin-categoria\/evaluacion-del-proceso-de-transfer-en-alumnos-de-ensenanza-secundaria-obligatoria\/","title":{"rendered":"Evaluaci\u00f3n del proceso de transfer en alumnos de ense\u00f1anza secundaria obligatoria"},"content":{"rendered":"<h2>Tesis doctoral de <strong> Elvira Carpintero Molina <\/strong><\/h2>\n<p>Este trabajo recoge la importancia del proceso de transfer, esto es, la aplicaci\u00f3n de los conocimientos en una situaci\u00f3n alejada y diferente de la situaci\u00f3n de aprendizaje. La parte primera presenta una exploraci\u00f3n y an\u00e1lisis detallado de dicho proceso, recogiendo la evoluci\u00f3n hist\u00f3rica que ha sufrido su concepci\u00f3n, as\u00ed como las distintas tipolog\u00edas existentes. se incluye un cap\u00edtulo espec\u00edfico sobre razonamiento anal\u00f3gico, considerado una de las formas en las que el transfer puede manifestarse. Finalmente, se exponen una serie de principios fundamentales para favorecer y potenciar la consecuci\u00f3n del transfer en el aula.  la parte segunda presenta el proceso de elaboraci\u00f3n y validaci\u00f3n de dos instrumentos de medida de transfer para alumnos de educaci\u00f3n secundaria obligatoria, la prueba de evaluaci\u00f3n del proceso de transfer (pept) y el cuestionario de actitudes hacia el transfer (cat). Ambas pruebas quedan plenamente validadas y se analizan los resultados diferenciales obtenidos en funci\u00f3n del curso de los alumnos y del grupo de rendimiento al que pertenecen.<\/p>\n<p>&nbsp;<\/p>\n<h3>Datos acad\u00e9micos de la tesis doctoral \u00ab<strong>Evaluaci\u00f3n del proceso de transfer en alumnos de ense\u00f1anza secundaria obligatoria<\/strong>\u00ab<\/h3>\n<ul>\n<li><strong>T\u00edtulo de la tesis:<\/strong>\u00a0 Evaluaci\u00f3n del proceso de transfer en alumnos de ense\u00f1anza secundaria obligatoria <\/li>\n<li><strong>Autor:<\/strong>\u00a0 Elvira Carpintero Molina <\/li>\n<li><strong>Universidad:<\/strong>\u00a0 Complutense de Madrid<\/li>\n<li><strong>Fecha de lectura de la tesis:<\/strong>\u00a0 16\/04\/2004<\/li>\n<\/ul>\n<p>&nbsp;<\/p>\n<h3>Direcci\u00f3n y tribunal<\/h3>\n<ul>\n<li><strong>Director de la tesis<\/strong>\n<ul>\n<li>Jes\u00fas Beltran Llera<\/li>\n<\/ul>\n<\/li>\n<li><strong>Tribunal<\/strong>\n<ul>\n<li>Presidente del tribunal: Francisco Gonzalez calleja <\/li>\n<li>adolfo S\u00e1nchez buron (vocal)<\/li>\n<li>Antonio Bautista garcia vera (vocal)<\/li>\n<li>florencio Vicente castro (vocal)<\/li>\n<\/ul>\n<\/li>\n<\/ul>\n<p>&nbsp;<\/p>\n","protected":false},"excerpt":{"rendered":"<p>Tesis doctoral de Elvira Carpintero Molina Este trabajo recoge la importancia del proceso de transfer, esto es, la aplicaci\u00f3n de [&hellip;]<\/p>\n","protected":false},"author":1,"featured_media":0,"comment_status":"open","ping_status":"open","sticky":false,"template":"","format":"standard","meta":{"site-sidebar-layout":"default","site-content-layout":"","ast-site-content-layout":"","site-content-style":"default","site-sidebar-style":"default","ast-global-header-display":"","ast-banner-title-visibility":"","ast-main-header-display":"","ast-hfb-above-header-display":"","ast-hfb-below-header-display":"","ast-hfb-mobile-header-display":"","site-post-title":"","ast-breadcrumbs-content":"","ast-featured-img":"","footer-sml-layout":"","theme-transparent-header-meta":"","adv-header-id-meta":"","stick-header-meta":"","header-above-stick-meta":"","header-main-stick-meta":"","header-below-stick-meta":"","astra-migrate-meta-layouts":"default","ast-page-background-enabled":"default","ast-page-background-meta":{"desktop":{"background-color":"var(--ast-global-color-4)","background-image":"","background-repeat":"repeat","background-position":"center center","background-size":"auto","background-attachment":"scroll","background-type":"","background-media":"","overlay-type":"","overlay-color":"","overlay-gradient":""},"tablet":{"background-color":"","background-image":"","background-repeat":"repeat","background-position":"center center","background-size":"auto","background-attachment":"scroll","background-type":"","background-media":"","overlay-type":"","overlay-color":"","overlay-gradient":""},"mobile":{"background-color":"","background-image":"","background-repeat":"repeat","background-position":"center center","background-size":"auto","background-attachment":"scroll","background-type":"","background-media":"","overlay-type":"","overlay-color":"","overlay-gradient":""}},"ast-content-background-meta":{"desktop":{"background-color":"var(--ast-global-color-5)","background-image":"","background-repeat":"repeat","background-position":"center center","background-size":"auto","background-attachment":"scroll","background-type":"","background-media":"","overlay-type":"","overlay-color":"","overlay-gradient":""},"tablet":{"background-color":"var(--ast-global-color-5)","background-image":"","background-repeat":"repeat","background-position":"center center","background-size":"auto","background-attachment":"scroll","background-type":"","background-media":"","overlay-type":"","overlay-color":"","overlay-gradient":""},"mobile":{"background-color":"var(--ast-global-color-5)","background-image":"","background-repeat":"repeat","background-position":"center center","background-size":"auto","background-attachment":"scroll","background-type":"","background-media":"","overlay-type":"","overlay-color":"","overlay-gradient":""}},"footnotes":""},"categories":[1],"tags":[81095,5521,83743,7144,21178,5136],"class_list":["post-29653","post","type-post","status-publish","format-standard","hentry","category-sin-categoria","tag-adolfo-sanchez-buron","tag-antonio-bautista-garcia-vera","tag-elvira-carpintero-molina","tag-florencio-vicente-castro","tag-francisco-gonzalez-calleja","tag-jesus-beltran-llera"],"_links":{"self":[{"href":"https:\/\/www.deberes.net\/tesis\/wp-json\/wp\/v2\/posts\/29653","targetHints":{"allow":["GET"]}}],"collection":[{"href":"https:\/\/www.deberes.net\/tesis\/wp-json\/wp\/v2\/posts"}],"about":[{"href":"https:\/\/www.deberes.net\/tesis\/wp-json\/wp\/v2\/types\/post"}],"author":[{"embeddable":true,"href":"https:\/\/www.deberes.net\/tesis\/wp-json\/wp\/v2\/users\/1"}],"replies":[{"embeddable":true,"href":"https:\/\/www.deberes.net\/tesis\/wp-json\/wp\/v2\/comments?post=29653"}],"version-history":[{"count":0,"href":"https:\/\/www.deberes.net\/tesis\/wp-json\/wp\/v2\/posts\/29653\/revisions"}],"wp:attachment":[{"href":"https:\/\/www.deberes.net\/tesis\/wp-json\/wp\/v2\/media?parent=29653"}],"wp:term":[{"taxonomy":"category","embeddable":true,"href":"https:\/\/www.deberes.net\/tesis\/wp-json\/wp\/v2\/categories?post=29653"},{"taxonomy":"post_tag","embeddable":true,"href":"https:\/\/www.deberes.net\/tesis\/wp-json\/wp\/v2\/tags?post=29653"}],"curies":[{"name":"wp","href":"https:\/\/api.w.org\/{rel}","templated":true}]}}