{"id":29694,"date":"2018-03-09T09:22:56","date_gmt":"2018-03-09T09:22:56","guid":{"rendered":"https:\/\/www.deberes.net\/tesis\/sin-categoria\/los-ora%c2%adgenes-del-cine-en-catalunya\/"},"modified":"2018-03-09T09:22:56","modified_gmt":"2018-03-09T09:22:56","slug":"los-ora%c2%adgenes-del-cine-en-catalunya","status":"publish","type":"post","link":"https:\/\/www.deberes.net\/tesis\/pais-vasco-euskal-herriko-unibertsitatea\/los-ora%c2%adgenes-del-cine-en-catalunya\/","title":{"rendered":"Los or\u00edgenes del cine en catalunya"},"content":{"rendered":"<h2>Tesis doctoral de <strong> Juan Letamendi Garate <\/strong><\/h2>\n<p>La investisgaci\u00f3n de la tesis se ha centrado en todo lo concerniente a los inicios del cine catal\u00e1n y est\u00e1 dividida en tres grandes apartados.  un primer bloque estudia la llegada del cine a los diferentes territorios de catalunya, detallando las proyecciones realizadas en 39 poblaciones del principado durante los a\u00f1os 1896, 1897 y parte de 1898.  la segunda parte consiste en un balance del espect\u00e1culo cinematogr\u00e1fico, con el an\u00e1lisis de las v\u00edas de introducci\u00f3n del cinemat\u00f3grafo, de los pioneros que lo llevaron a cabo, de la infraestructura y equipamiento: locales y aparatos proyectores, el estudio de las programaciones, de la reacci\u00f3n del p\u00fablico y de la cr\u00edtica ante el nuevo invento, de los efectos sonoros como acompa\u00f1amiento de las sesiones y de una reflexi\u00f3n sobre las primeras estrellas del cinemat\u00f3grafo.  por \u00faltimo, el tercer apartado ofrece un detallado an\u00e1lisis de los rodajes efectuados en esos d\u00edas, con la dataci\u00f3n de cada cinta, y un estudio muy pormenorizado de los rodajes realizados por fructuoso gelabert, incluida la hasta ahora considerada como la primera cinta de ficci\u00f3n del cine espa\u00f1ol, demostrando que fueron realizados muy posteriormente a lo admitido. Tambi\u00e9n incluye reflexiones sobre la producci\u00f3n, la dependencia tecnolog\u00eda y la distribuci\u00f3n de material cinematogr\u00e1fico.<\/p>\n<p>&nbsp;<\/p>\n<h3>Datos acad\u00e9micos de la tesis doctoral \u00ab<strong>Los or\u00edgenes del cine en catalunya<\/strong>\u00ab<\/h3>\n<ul>\n<li><strong>T\u00edtulo de la tesis:<\/strong>\u00a0 Los or\u00edgenes del cine en catalunya <\/li>\n<li><strong>Autor:<\/strong>\u00a0 Juan Letamendi Garate <\/li>\n<li><strong>Universidad:<\/strong>\u00a0 Pa\u00eds vasco\/euskal herriko unibertsitatea<\/li>\n<li><strong>Fecha de lectura de la tesis:<\/strong>\u00a0 19\/04\/2004<\/li>\n<\/ul>\n<p>&nbsp;<\/p>\n<h3>Direcci\u00f3n y tribunal<\/h3>\n<ul>\n<li><strong>Director de la tesis<\/strong>\n<ul>\n<li>Jean Seguin Vergara<\/li>\n<\/ul>\n<\/li>\n<li><strong>Tribunal<\/strong>\n<ul>\n<li>Presidente del tribunal: roman Gubern garriga-nogu\u00e9s <\/li>\n<li> Mart\u00edn rodr\u00edguez Fernando gabriel (vocal)<\/li>\n<li>santos Zunzunegui d\u00edez (vocal)<\/li>\n<li>Santiago de Pablo contreras (vocal)<\/li>\n<\/ul>\n<\/li>\n<\/ul>\n<p>&nbsp;<\/p>\n","protected":false},"excerpt":{"rendered":"<p>Tesis doctoral de Juan Letamendi Garate La investisgaci\u00f3n de la tesis se ha centrado en todo lo concerniente a los [&hellip;]<\/p>\n","protected":false},"author":1,"featured_media":0,"comment_status":"open","ping_status":"open","sticky":false,"template":"","format":"standard","meta":{"site-sidebar-layout":"default","site-content-layout":"","ast-site-content-layout":"","site-content-style":"default","site-sidebar-style":"default","ast-global-header-display":"","ast-banner-title-visibility":"","ast-main-header-display":"","ast-hfb-above-header-display":"","ast-hfb-below-header-display":"","ast-hfb-mobile-header-display":"","site-post-title":"","ast-breadcrumbs-content":"","ast-featured-img":"","footer-sml-layout":"","theme-transparent-header-meta":"","adv-header-id-meta":"","stick-header-meta":"","header-above-stick-meta":"","header-main-stick-meta":"","header-below-stick-meta":"","astra-migrate-meta-layouts":"default","ast-page-background-enabled":"default","ast-page-background-meta":{"desktop":{"background-color":"var(--ast-global-color-4)","background-image":"","background-repeat":"repeat","background-position":"center center","background-size":"auto","background-attachment":"scroll","background-type":"","background-media":"","overlay-type":"","overlay-color":"","overlay-gradient":""},"tablet":{"background-color":"","background-image":"","background-repeat":"repeat","background-position":"center center","background-size":"auto","background-attachment":"scroll","background-type":"","background-media":"","overlay-type":"","overlay-color":"","overlay-gradient":""},"mobile":{"background-color":"","background-image":"","background-repeat":"repeat","background-position":"center center","background-size":"auto","background-attachment":"scroll","background-type":"","background-media":"","overlay-type":"","overlay-color":"","overlay-gradient":""}},"ast-content-background-meta":{"desktop":{"background-color":"var(--ast-global-color-5)","background-image":"","background-repeat":"repeat","background-position":"center center","background-size":"auto","background-attachment":"scroll","background-type":"","background-media":"","overlay-type":"","overlay-color":"","overlay-gradient":""},"tablet":{"background-color":"var(--ast-global-color-5)","background-image":"","background-repeat":"repeat","background-position":"center center","background-size":"auto","background-attachment":"scroll","background-type":"","background-media":"","overlay-type":"","overlay-color":"","overlay-gradient":""},"mobile":{"background-color":"var(--ast-global-color-5)","background-image":"","background-repeat":"repeat","background-position":"center center","background-size":"auto","background-attachment":"scroll","background-type":"","background-media":"","overlay-type":"","overlay-color":"","overlay-gradient":""}},"footnotes":""},"categories":[12909],"tags":[83842,83841,10447,36703,23283,5038],"class_list":["post-29694","post","type-post","status-publish","format-standard","hentry","category-pais-vasco-euskal-herriko-unibertsitatea","tag-jean-seguin-vergara","tag-juan-letamendi-garate","tag-martin-rodriguez-fernando-gabriel","tag-roman-gubern-garriga-nogues","tag-santiago-de-pablo-contreras","tag-santos-zunzunegui-diez"],"_links":{"self":[{"href":"https:\/\/www.deberes.net\/tesis\/wp-json\/wp\/v2\/posts\/29694","targetHints":{"allow":["GET"]}}],"collection":[{"href":"https:\/\/www.deberes.net\/tesis\/wp-json\/wp\/v2\/posts"}],"about":[{"href":"https:\/\/www.deberes.net\/tesis\/wp-json\/wp\/v2\/types\/post"}],"author":[{"embeddable":true,"href":"https:\/\/www.deberes.net\/tesis\/wp-json\/wp\/v2\/users\/1"}],"replies":[{"embeddable":true,"href":"https:\/\/www.deberes.net\/tesis\/wp-json\/wp\/v2\/comments?post=29694"}],"version-history":[{"count":0,"href":"https:\/\/www.deberes.net\/tesis\/wp-json\/wp\/v2\/posts\/29694\/revisions"}],"wp:attachment":[{"href":"https:\/\/www.deberes.net\/tesis\/wp-json\/wp\/v2\/media?parent=29694"}],"wp:term":[{"taxonomy":"category","embeddable":true,"href":"https:\/\/www.deberes.net\/tesis\/wp-json\/wp\/v2\/categories?post=29694"},{"taxonomy":"post_tag","embeddable":true,"href":"https:\/\/www.deberes.net\/tesis\/wp-json\/wp\/v2\/tags?post=29694"}],"curies":[{"name":"wp","href":"https:\/\/api.w.org\/{rel}","templated":true}]}}