{"id":29724,"date":"2018-03-09T09:22:58","date_gmt":"2018-03-09T09:22:58","guid":{"rendered":"https:\/\/www.deberes.net\/tesis\/sin-categoria\/etnografa%c2%ada-de-una-organizacion-de-productos-multimedia-interactivos-un-estudio-de-caso\/"},"modified":"2018-03-09T09:22:58","modified_gmt":"2018-03-09T09:22:58","slug":"etnografa%c2%ada-de-una-organizacion-de-productos-multimedia-interactivos-un-estudio-de-caso","status":"publish","type":"post","link":"https:\/\/www.deberes.net\/tesis\/barcelona\/etnografa%c2%ada-de-una-organizacion-de-productos-multimedia-interactivos-un-estudio-de-caso\/","title":{"rendered":"Etnograf\u00edade una organizaci\u00f3n de productos multimedia interactivos. un estudio de caso."},"content":{"rendered":"<h2>Tesis doctoral de <strong> Francisco Jos\u00e9 Gaiteiro P\u00e9rez <\/strong><\/h2>\n<p>Las razones que justifican esta tesis son:ayudar a la compresi\u00f3n del trabajo desempe\u00f1ado por el dise\u00f1ador y coordinador del \u00e1rea multimedia en una organizaci\u00f3n; reflexionar y divulgar los conocimientos elaborados sobre la cultura social delos profesionales dedicados a la realizaci\u00f3n multimedia; profundizar en relaci\u00f3n multimedia tanto al lector como a t\u00edtulo personal;aportar conocimientos sobre c\u00f3mo se escriben estas aplicaciones multimedia en una empresa.  el prop\u00f3sito de esta investigaci\u00f3n responde a la siguiente pregunta general:\u00c2\u00bfelabora el coordinador del \u00e1rea multimedia la estructura de la interactividad?Para responder a esta pregunta que ayudar\u00e1 a discemir si este individuo realiza o no un trabajo cognoscitivo o queda reducido a un simple traductor de conceptos dados de otros integrantes de la organizaci\u00f3n con los que trabaja, se plantean otras preguntas m\u00e1s espec\u00edficas que ayudan primero a analizar qu\u00e9 es lo que hace el coordinador del \u00e1rea multimedia.Son las siguientes.\u00c2\u00bfQu\u00e9 actividades desempe\u00f1a el coordinador del \u00e1rea multimedia?\u00c2\u00bfQu\u00e9 tipo de informaci\u00f3n, maneja?\u00c2\u00bfC\u00f3mo se articula el coordinador del \u00e1rea multimedia en la organizaci\u00f3n donde trabaja?\u00c2\u00bfC\u00f3mo se articula con los dem\u00e1s equipos de la organizaci\u00f3n?\u00c2\u00bfCon qui\u00e9n trabaja?\u00c2\u00bfCu\u00e1ndo?\u00c2\u00bfCon qu\u00e9 frecuencia?\u00c2\u00bfQu\u00e9 roles desempe\u00f1a el coordinador del \u00e1rea multimedia?\u00c2\u00bfCu\u00e1l es el proceso seguido en la elaboraci\u00f3n de un producto multimedia interactivo en la organizaci\u00f3n?\u00c2\u00bfEn qu\u00e9 grado elabora el coordinador del \u00e1rea multimedia la estructura de la interactividad?.  estas preguntas son las que la presente investigaci\u00f3n trata de dar respuestas.Para afrontarlas no se ha estudiado a este individuo de forma aisladd sino relacionado con su contexto general, enmarcado en una realidad con un determinado discurso social y cultural, con una realidad compleja, simgular y cambiante.As\u00ed, el contenido de este estudio se inscribe bajo un enfoque naturalis<\/p>\n<p>&nbsp;<\/p>\n<h3>Datos acad\u00e9micos de la tesis doctoral \u00ab<strong>Etnograf\u00edade una organizaci\u00f3n de productos multimedia interactivos. un estudio de caso.<\/strong>\u00ab<\/h3>\n<ul>\n<li><strong>T\u00edtulo de la tesis:<\/strong>\u00a0 Etnograf\u00edade una organizaci\u00f3n de productos multimedia interactivos. un estudio de caso. <\/li>\n<li><strong>Autor:<\/strong>\u00a0 Francisco Jos\u00e9 Gaiteiro P\u00e9rez <\/li>\n<li><strong>Universidad:<\/strong>\u00a0 Barcelona<\/li>\n<li><strong>Fecha de lectura de la tesis:<\/strong>\u00a0 22\/04\/2004<\/li>\n<\/ul>\n<p>&nbsp;<\/p>\n<h3>Direcci\u00f3n y tribunal<\/h3>\n<ul>\n<li><strong>Director de la tesis<\/strong>\n<ul>\n<li>Enric Tormo Ballester<\/li>\n<\/ul>\n<\/li>\n<li><strong>Tribunal<\/strong>\n<ul>\n<li>Presidente del tribunal: Juan  Fernando de la Iglesia gonzalez de pereda <\/li>\n<li>guillem Bou bauza (vocal)<\/li>\n<li>Jes\u00fas Del hoyo arjona (vocal)<\/li>\n<li>pedro Manuel Rodr\u00edguez mondelo (vocal)<\/li>\n<\/ul>\n<\/li>\n<\/ul>\n<p>&nbsp;<\/p>\n","protected":false},"excerpt":{"rendered":"<p>Tesis doctoral de Francisco Jos\u00e9 Gaiteiro P\u00e9rez Las razones que justifican esta tesis son:ayudar a la compresi\u00f3n del trabajo desempe\u00f1ado [&hellip;]<\/p>\n","protected":false},"author":1,"featured_media":0,"comment_status":"open","ping_status":"open","sticky":false,"template":"","format":"standard","meta":{"site-sidebar-layout":"default","site-content-layout":"","ast-site-content-layout":"","site-content-style":"default","site-sidebar-style":"default","ast-global-header-display":"","ast-banner-title-visibility":"","ast-main-header-display":"","ast-hfb-above-header-display":"","ast-hfb-below-header-display":"","ast-hfb-mobile-header-display":"","site-post-title":"","ast-breadcrumbs-content":"","ast-featured-img":"","footer-sml-layout":"","theme-transparent-header-meta":"","adv-header-id-meta":"","stick-header-meta":"","header-above-stick-meta":"","header-main-stick-meta":"","header-below-stick-meta":"","astra-migrate-meta-layouts":"default","ast-page-background-enabled":"default","ast-page-background-meta":{"desktop":{"background-color":"var(--ast-global-color-4)","background-image":"","background-repeat":"repeat","background-position":"center center","background-size":"auto","background-attachment":"scroll","background-type":"","background-media":"","overlay-type":"","overlay-color":"","overlay-gradient":""},"tablet":{"background-color":"","background-image":"","background-repeat":"repeat","background-position":"center center","background-size":"auto","background-attachment":"scroll","background-type":"","background-media":"","overlay-type":"","overlay-color":"","overlay-gradient":""},"mobile":{"background-color":"","background-image":"","background-repeat":"repeat","background-position":"center center","background-size":"auto","background-attachment":"scroll","background-type":"","background-media":"","overlay-type":"","overlay-color":"","overlay-gradient":""}},"ast-content-background-meta":{"desktop":{"background-color":"var(--ast-global-color-5)","background-image":"","background-repeat":"repeat","background-position":"center center","background-size":"auto","background-attachment":"scroll","background-type":"","background-media":"","overlay-type":"","overlay-color":"","overlay-gradient":""},"tablet":{"background-color":"var(--ast-global-color-5)","background-image":"","background-repeat":"repeat","background-position":"center center","background-size":"auto","background-attachment":"scroll","background-type":"","background-media":"","overlay-type":"","overlay-color":"","overlay-gradient":""},"mobile":{"background-color":"var(--ast-global-color-5)","background-image":"","background-repeat":"repeat","background-position":"center center","background-size":"auto","background-attachment":"scroll","background-type":"","background-media":"","overlay-type":"","overlay-color":"","overlay-gradient":""}},"footnotes":""},"categories":[951,4510,13716],"tags":[31261,83918,71283,47601,4367,53523],"class_list":["post-29724","post","type-post","status-publish","format-standard","hentry","category-barcelona","category-estetica-de-las-bellas-artes","category-sociologia-del-arte","tag-enric-tormo-ballester","tag-francisco-jose-gaiteiro-perez","tag-guillem-bou-bauza","tag-jesus-del-hoyo-arjona","tag-juan-fernando-de-la-iglesia-gonzalez-de-pereda","tag-pedro-manuel-rodriguez-mondelo"],"_links":{"self":[{"href":"https:\/\/www.deberes.net\/tesis\/wp-json\/wp\/v2\/posts\/29724","targetHints":{"allow":["GET"]}}],"collection":[{"href":"https:\/\/www.deberes.net\/tesis\/wp-json\/wp\/v2\/posts"}],"about":[{"href":"https:\/\/www.deberes.net\/tesis\/wp-json\/wp\/v2\/types\/post"}],"author":[{"embeddable":true,"href":"https:\/\/www.deberes.net\/tesis\/wp-json\/wp\/v2\/users\/1"}],"replies":[{"embeddable":true,"href":"https:\/\/www.deberes.net\/tesis\/wp-json\/wp\/v2\/comments?post=29724"}],"version-history":[{"count":0,"href":"https:\/\/www.deberes.net\/tesis\/wp-json\/wp\/v2\/posts\/29724\/revisions"}],"wp:attachment":[{"href":"https:\/\/www.deberes.net\/tesis\/wp-json\/wp\/v2\/media?parent=29724"}],"wp:term":[{"taxonomy":"category","embeddable":true,"href":"https:\/\/www.deberes.net\/tesis\/wp-json\/wp\/v2\/categories?post=29724"},{"taxonomy":"post_tag","embeddable":true,"href":"https:\/\/www.deberes.net\/tesis\/wp-json\/wp\/v2\/tags?post=29724"}],"curies":[{"name":"wp","href":"https:\/\/api.w.org\/{rel}","templated":true}]}}