{"id":29738,"date":"2018-03-09T09:23:00","date_gmt":"2018-03-09T09:23:00","guid":{"rendered":"https:\/\/www.deberes.net\/tesis\/sin-categoria\/la-experiencia-imaginaria-de-marruecos-en-la-narrativa-espanola-contemporanea-1980-2001\/"},"modified":"2018-03-09T09:23:00","modified_gmt":"2018-03-09T09:23:00","slug":"la-experiencia-imaginaria-de-marruecos-en-la-narrativa-espanola-contemporanea-1980-2001","status":"publish","type":"post","link":"https:\/\/www.deberes.net\/tesis\/sin-categoria\/la-experiencia-imaginaria-de-marruecos-en-la-narrativa-espanola-contemporanea-1980-2001\/","title":{"rendered":"La experiencia imaginaria de marruecos en la narrativa espa\u00f1ola contempor\u00e1nea (1980-2001)"},"content":{"rendered":"<h2>Tesis doctoral de <strong> Khadija Karzazi <\/strong><\/h2>\n<p>La tesis intenta investigar los aut\u00e9nticos motivos del incremento de las publicaciones narrativas sobre marruecos, durante los \u00faltimos a\u00f1os. En l\u00edneas generales, pretende analizar la visi\u00f3n que los escritores espa\u00f1oles contempor\u00e1neos ofrecen del pa\u00eds vecino en sus novelas. Para ello, se hace un riguroso estudio de los temas que estas obras plantean y luego clasificarlos en bloques diferenciados: la visi\u00f3n del \u00abotro\u00bb, la sociedad, la religi\u00f3n, la mitolog\u00eda y creencias populares, la inmigraci\u00f3n vista desde la otra orilla. A partir de los resultados de este an\u00e1lisis se podr\u00e1 ver, con claridad, c\u00f3mo va evolucionando la imagen de marruecos, y si hubo una madurez en la forma de tratar los temas de su actualidad. Puesto que cada obra recoge las propias vivencias de cada autor no se puede hablar de un modelo uniforme de novela sobre marruecos. Consecuencia de ello, las novelas encierran la estrategia que adopata cada escritor distanciado, la visi\u00f3n del escritor comprometido, la visi\u00f3n del escritor rom\u00e1ntico, la visi\u00f3n del escritor maldito.<\/p>\n<p>&nbsp;<\/p>\n<h3>Datos acad\u00e9micos de la tesis doctoral \u00ab<strong>La experiencia imaginaria de marruecos en la narrativa espa\u00f1ola contempor\u00e1nea (1980-2001)<\/strong>\u00ab<\/h3>\n<ul>\n<li><strong>T\u00edtulo de la tesis:<\/strong>\u00a0 La experiencia imaginaria de marruecos en la narrativa espa\u00f1ola contempor\u00e1nea (1980-2001) <\/li>\n<li><strong>Autor:<\/strong>\u00a0 Khadija Karzazi <\/li>\n<li><strong>Universidad:<\/strong>\u00a0 Universitat de val\u00e9ncia (estudi general)<\/li>\n<li><strong>Fecha de lectura de la tesis:<\/strong>\u00a0 22\/04\/2004<\/li>\n<\/ul>\n<p>&nbsp;<\/p>\n<h3>Direcci\u00f3n y tribunal<\/h3>\n<ul>\n<li><strong>Director de la tesis<\/strong>\n<ul>\n<li>Joan Oleza Sim\u00f3<\/li>\n<\/ul>\n<\/li>\n<li><strong>Tribunal<\/strong>\n<ul>\n<li>Presidente del tribunal: gema Mart\u00edn mu\u00f1oz <\/li>\n<li>Juan Lacomba vazquez (vocal)<\/li>\n<li>limami Abdellatif (vocal)<\/li>\n<li>eloy Martin corrales (vocal)<\/li>\n<\/ul>\n<\/li>\n<\/ul>\n<p>&nbsp;<\/p>\n","protected":false},"excerpt":{"rendered":"<p>Tesis doctoral de Khadija Karzazi La tesis intenta investigar los aut\u00e9nticos motivos del incremento de las publicaciones narrativas sobre marruecos, [&hellip;]<\/p>\n","protected":false},"author":1,"featured_media":0,"comment_status":"open","ping_status":"open","sticky":false,"template":"","format":"standard","meta":{"site-sidebar-layout":"default","site-content-layout":"","ast-site-content-layout":"","site-content-style":"default","site-sidebar-style":"default","ast-global-header-display":"","ast-banner-title-visibility":"","ast-main-header-display":"","ast-hfb-above-header-display":"","ast-hfb-below-header-display":"","ast-hfb-mobile-header-display":"","site-post-title":"","ast-breadcrumbs-content":"","ast-featured-img":"","footer-sml-layout":"","theme-transparent-header-meta":"","adv-header-id-meta":"","stick-header-meta":"","header-above-stick-meta":"","header-main-stick-meta":"","header-below-stick-meta":"","astra-migrate-meta-layouts":"default","ast-page-background-enabled":"default","ast-page-background-meta":{"desktop":{"background-color":"var(--ast-global-color-4)","background-image":"","background-repeat":"repeat","background-position":"center center","background-size":"auto","background-attachment":"scroll","background-type":"","background-media":"","overlay-type":"","overlay-color":"","overlay-gradient":""},"tablet":{"background-color":"","background-image":"","background-repeat":"repeat","background-position":"center center","background-size":"auto","background-attachment":"scroll","background-type":"","background-media":"","overlay-type":"","overlay-color":"","overlay-gradient":""},"mobile":{"background-color":"","background-image":"","background-repeat":"repeat","background-position":"center center","background-size":"auto","background-attachment":"scroll","background-type":"","background-media":"","overlay-type":"","overlay-color":"","overlay-gradient":""}},"ast-content-background-meta":{"desktop":{"background-color":"var(--ast-global-color-5)","background-image":"","background-repeat":"repeat","background-position":"center center","background-size":"auto","background-attachment":"scroll","background-type":"","background-media":"","overlay-type":"","overlay-color":"","overlay-gradient":""},"tablet":{"background-color":"var(--ast-global-color-5)","background-image":"","background-repeat":"repeat","background-position":"center center","background-size":"auto","background-attachment":"scroll","background-type":"","background-media":"","overlay-type":"","overlay-color":"","overlay-gradient":""},"mobile":{"background-color":"var(--ast-global-color-5)","background-image":"","background-repeat":"repeat","background-position":"center center","background-size":"auto","background-attachment":"scroll","background-type":"","background-media":"","overlay-type":"","overlay-color":"","overlay-gradient":""}},"footnotes":""},"categories":[1],"tags":[38029,38746,46013,74483,83946,83947],"class_list":["post-29738","post","type-post","status-publish","format-standard","hentry","category-sin-categoria","tag-eloy-martin-corrales","tag-gema-martin-munoz","tag-joan-oleza-simo","tag-juan-lacomba-vazquez","tag-khadija-karzazi","tag-limami-abdellatif"],"_links":{"self":[{"href":"https:\/\/www.deberes.net\/tesis\/wp-json\/wp\/v2\/posts\/29738","targetHints":{"allow":["GET"]}}],"collection":[{"href":"https:\/\/www.deberes.net\/tesis\/wp-json\/wp\/v2\/posts"}],"about":[{"href":"https:\/\/www.deberes.net\/tesis\/wp-json\/wp\/v2\/types\/post"}],"author":[{"embeddable":true,"href":"https:\/\/www.deberes.net\/tesis\/wp-json\/wp\/v2\/users\/1"}],"replies":[{"embeddable":true,"href":"https:\/\/www.deberes.net\/tesis\/wp-json\/wp\/v2\/comments?post=29738"}],"version-history":[{"count":0,"href":"https:\/\/www.deberes.net\/tesis\/wp-json\/wp\/v2\/posts\/29738\/revisions"}],"wp:attachment":[{"href":"https:\/\/www.deberes.net\/tesis\/wp-json\/wp\/v2\/media?parent=29738"}],"wp:term":[{"taxonomy":"category","embeddable":true,"href":"https:\/\/www.deberes.net\/tesis\/wp-json\/wp\/v2\/categories?post=29738"},{"taxonomy":"post_tag","embeddable":true,"href":"https:\/\/www.deberes.net\/tesis\/wp-json\/wp\/v2\/tags?post=29738"}],"curies":[{"name":"wp","href":"https:\/\/api.w.org\/{rel}","templated":true}]}}