{"id":29762,"date":"2018-03-09T09:23:02","date_gmt":"2018-03-09T09:23:02","guid":{"rendered":"https:\/\/www.deberes.net\/tesis\/sin-categoria\/demografa%c2%ada-modular-de-una-planta-perenne-mediterranea\/"},"modified":"2018-03-09T09:23:02","modified_gmt":"2018-03-09T09:23:02","slug":"demografa%c2%ada-modular-de-una-planta-perenne-mediterranea","status":"publish","type":"post","link":"https:\/\/www.deberes.net\/tesis\/sin-categoria\/demografa%c2%ada-modular-de-una-planta-perenne-mediterranea\/","title":{"rendered":"Demograf\u00edamodular de una planta perenne mediterr\u00e1nea"},"content":{"rendered":"<h2>Tesis doctoral de <strong> Sara Garc\u00eda Fungairi\u00f1o <\/strong><\/h2>\n<p>La demograf\u00eda, como aproximaci\u00f3n al estudio de las poblaciones basada en el an\u00e1lisis de los individuos, ha desarrollado una nueva rama de investigaci\u00f3n con la introducci\u00f3n del concepto de organismo modular. Las plantas, como organismos de construcci\u00f3n modular, crecen mediante la adici\u00f3n de nuevas unidades iterativas o modulos.  en este sentido, la demograf\u00eda modular considera las plantas como sistemas de unidades, o m\u00f3dulos, que se agrupan en categor\u00edas los suficientemente homog\u00e9neas para ser consideradas como una poblaci\u00f3n. El objetivo de este trabajo es profundizar en el conocimiento de los procesos demogr\u00e1ficos que tienen lugar a nivel intra-individual y las consecuencias de dichos procesos en la fitness de un organismo modular. Para ello, se ha abordado el estudio de las estrategias de desarrollo de una planta arbustiva mediterr\u00e1nea, retama sphaerocarpa (l.)Boiss., Mediante el an\u00e1lisis demogr\u00e1fico de sus unidades modulares, e incorporando la variaci\u00f3n espacio-temporal de las caracter\u00edsticas demogr\u00e1ficas de la poblaci\u00f3n de m\u00f3dulos. R.Sphaerocarpa constituye un objeto de estudio apropiado para el an\u00e1lisis de la organizaci\u00f3n modular debido a su estructura simplificada y a la relativa claridad de su organizaci\u00f3n modular.<\/p>\n<p>&nbsp;<\/p>\n<h3>Datos acad\u00e9micos de la tesis doctoral \u00ab<strong>Demograf\u00edamodular de una planta perenne mediterr\u00e1nea<\/strong>\u00ab<\/h3>\n<ul>\n<li><strong>T\u00edtulo de la tesis:<\/strong>\u00a0 Demograf\u00edamodular de una planta perenne mediterr\u00e1nea <\/li>\n<li><strong>Autor:<\/strong>\u00a0 Sara Garc\u00eda Fungairi\u00f1o <\/li>\n<li><strong>Universidad:<\/strong>\u00a0 Complutense de Madrid<\/li>\n<li><strong>Fecha de lectura de la tesis:<\/strong>\u00a0 23\/04\/2004<\/li>\n<\/ul>\n<p>&nbsp;<\/p>\n<h3>Direcci\u00f3n y tribunal<\/h3>\n<ul>\n<li><strong>Director de la tesis<\/strong>\n<ul>\n<li>Francisco Lopez Gomez<\/li>\n<\/ul>\n<\/li>\n<li><strong>Tribunal<\/strong>\n<ul>\n<li>Presidente del tribunal: Francisco javier Acosta salmer\u00f3n <\/li>\n<li>Francisco ignacio Pugnaire de iraola (vocal)<\/li>\n<li>Fernando Valladares ros (vocal)<\/li>\n<li>Fernando Javier Pulido diaz (vocal)<\/li>\n<\/ul>\n<\/li>\n<\/ul>\n<p>&nbsp;<\/p>\n","protected":false},"excerpt":{"rendered":"<p>Tesis doctoral de Sara Garc\u00eda Fungairi\u00f1o La demograf\u00eda, como aproximaci\u00f3n al estudio de las poblaciones basada en el an\u00e1lisis de [&hellip;]<\/p>\n","protected":false},"author":1,"featured_media":0,"comment_status":"open","ping_status":"open","sticky":false,"template":"","format":"standard","meta":{"site-sidebar-layout":"default","site-content-layout":"","ast-site-content-layout":"","site-content-style":"default","site-sidebar-style":"default","ast-global-header-display":"","ast-banner-title-visibility":"","ast-main-header-display":"","ast-hfb-above-header-display":"","ast-hfb-below-header-display":"","ast-hfb-mobile-header-display":"","site-post-title":"","ast-breadcrumbs-content":"","ast-featured-img":"","footer-sml-layout":"","theme-transparent-header-meta":"","adv-header-id-meta":"","stick-header-meta":"","header-above-stick-meta":"","header-main-stick-meta":"","header-below-stick-meta":"","astra-migrate-meta-layouts":"default","ast-page-background-enabled":"default","ast-page-background-meta":{"desktop":{"background-color":"var(--ast-global-color-4)","background-image":"","background-repeat":"repeat","background-position":"center center","background-size":"auto","background-attachment":"scroll","background-type":"","background-media":"","overlay-type":"","overlay-color":"","overlay-gradient":""},"tablet":{"background-color":"","background-image":"","background-repeat":"repeat","background-position":"center center","background-size":"auto","background-attachment":"scroll","background-type":"","background-media":"","overlay-type":"","overlay-color":"","overlay-gradient":""},"mobile":{"background-color":"","background-image":"","background-repeat":"repeat","background-position":"center center","background-size":"auto","background-attachment":"scroll","background-type":"","background-media":"","overlay-type":"","overlay-color":"","overlay-gradient":""}},"ast-content-background-meta":{"desktop":{"background-color":"var(--ast-global-color-5)","background-image":"","background-repeat":"repeat","background-position":"center center","background-size":"auto","background-attachment":"scroll","background-type":"","background-media":"","overlay-type":"","overlay-color":"","overlay-gradient":""},"tablet":{"background-color":"var(--ast-global-color-5)","background-image":"","background-repeat":"repeat","background-position":"center center","background-size":"auto","background-attachment":"scroll","background-type":"","background-media":"","overlay-type":"","overlay-color":"","overlay-gradient":""},"mobile":{"background-color":"var(--ast-global-color-5)","background-image":"","background-repeat":"repeat","background-position":"center center","background-size":"auto","background-attachment":"scroll","background-type":"","background-media":"","overlay-type":"","overlay-color":"","overlay-gradient":""}},"footnotes":""},"categories":[1],"tags":[84001,47336,36648,21906,84000,83999],"class_list":["post-29762","post","type-post","status-publish","format-standard","hentry","category-sin-categoria","tag-fernando-javier-pulido-diaz","tag-fernando-valladares-ros","tag-francisco-ignacio-pugnaire-de-iraola","tag-francisco-javier-acosta-salmeron","tag-francisco-lopez-gomez","tag-sara-garcia-fungairino"],"_links":{"self":[{"href":"https:\/\/www.deberes.net\/tesis\/wp-json\/wp\/v2\/posts\/29762","targetHints":{"allow":["GET"]}}],"collection":[{"href":"https:\/\/www.deberes.net\/tesis\/wp-json\/wp\/v2\/posts"}],"about":[{"href":"https:\/\/www.deberes.net\/tesis\/wp-json\/wp\/v2\/types\/post"}],"author":[{"embeddable":true,"href":"https:\/\/www.deberes.net\/tesis\/wp-json\/wp\/v2\/users\/1"}],"replies":[{"embeddable":true,"href":"https:\/\/www.deberes.net\/tesis\/wp-json\/wp\/v2\/comments?post=29762"}],"version-history":[{"count":0,"href":"https:\/\/www.deberes.net\/tesis\/wp-json\/wp\/v2\/posts\/29762\/revisions"}],"wp:attachment":[{"href":"https:\/\/www.deberes.net\/tesis\/wp-json\/wp\/v2\/media?parent=29762"}],"wp:term":[{"taxonomy":"category","embeddable":true,"href":"https:\/\/www.deberes.net\/tesis\/wp-json\/wp\/v2\/categories?post=29762"},{"taxonomy":"post_tag","embeddable":true,"href":"https:\/\/www.deberes.net\/tesis\/wp-json\/wp\/v2\/tags?post=29762"}],"curies":[{"name":"wp","href":"https:\/\/api.w.org\/{rel}","templated":true}]}}