{"id":29779,"date":"2018-03-09T09:23:03","date_gmt":"2018-03-09T09:23:03","guid":{"rendered":"https:\/\/www.deberes.net\/tesis\/sin-categoria\/libertad-religiosa-y-estado-autonomico\/"},"modified":"2018-03-09T09:23:03","modified_gmt":"2018-03-09T09:23:03","slug":"libertad-religiosa-y-estado-autonomico","status":"publish","type":"post","link":"https:\/\/www.deberes.net\/tesis\/sin-categoria\/libertad-religiosa-y-estado-autonomico\/","title":{"rendered":"Libertad religiosa y estado auton\u00f3mico"},"content":{"rendered":"<h2>Tesis doctoral de <strong> Alex Seglers G\u00f3mez-quintero <\/strong><\/h2>\n<p>La tesis doctoral aborda el desarrollo de los derechos de la libertad religiosa en el estado auton\u00f3mico espa\u00f1ol. Para ello se realiza un detallado an\u00e1lisis competencial de las materias en las que se proyectan los derechos de esta fundamental libertad p\u00fablica. Asimismo, se aportan posibles mecanismos de relaci\u00f3n interadministrativo al objeto de coordinar los acuerdos de cooperaci\u00f3n de 1979 y 1992, suscritos por el estado y las confesiones religiosas.<\/p>\n<p>&nbsp;<\/p>\n<h3>Datos acad\u00e9micos de la tesis doctoral \u00ab<strong>Libertad religiosa y estado auton\u00f3mico<\/strong>\u00ab<\/h3>\n<ul>\n<li><strong>T\u00edtulo de la tesis:<\/strong>\u00a0 Libertad religiosa y estado auton\u00f3mico <\/li>\n<li><strong>Autor:<\/strong>\u00a0 Alex Seglers G\u00f3mez-quintero <\/li>\n<li><strong>Universidad:<\/strong>\u00a0 Aut\u00f3noma de barcelona<\/li>\n<li><strong>Fecha de lectura de la tesis:<\/strong>\u00a0 23\/04\/2004<\/li>\n<\/ul>\n<p>&nbsp;<\/p>\n<h3>Direcci\u00f3n y tribunal<\/h3>\n<ul>\n<li><strong>Director de la tesis<\/strong>\n<ul>\n<li> Perlado Ortiz De Pinedo Pedro Antonio<\/li>\n<\/ul>\n<\/li>\n<li><strong>Tribunal<\/strong>\n<ul>\n<li>Presidente del tribunal: rafael Navarro valls <\/li>\n<li>eduard Bajet i royo (vocal)<\/li>\n<li>gustavo Suarez pertierra (vocal)<\/li>\n<li>Santiago Bueno salinas (vocal)<\/li>\n<\/ul>\n<\/li>\n<\/ul>\n<p>&nbsp;<\/p>\n","protected":false},"excerpt":{"rendered":"<p>Tesis doctoral de Alex Seglers G\u00f3mez-quintero La tesis doctoral aborda el desarrollo de los derechos de la libertad religiosa en [&hellip;]<\/p>\n","protected":false},"author":1,"featured_media":0,"comment_status":"open","ping_status":"open","sticky":false,"template":"","format":"standard","meta":{"site-sidebar-layout":"default","site-content-layout":"","ast-site-content-layout":"","site-content-style":"default","site-sidebar-style":"default","ast-global-header-display":"","ast-banner-title-visibility":"","ast-main-header-display":"","ast-hfb-above-header-display":"","ast-hfb-below-header-display":"","ast-hfb-mobile-header-display":"","site-post-title":"","ast-breadcrumbs-content":"","ast-featured-img":"","footer-sml-layout":"","theme-transparent-header-meta":"","adv-header-id-meta":"","stick-header-meta":"","header-above-stick-meta":"","header-main-stick-meta":"","header-below-stick-meta":"","astra-migrate-meta-layouts":"default","ast-page-background-enabled":"default","ast-page-background-meta":{"desktop":{"background-color":"var(--ast-global-color-4)","background-image":"","background-repeat":"repeat","background-position":"center center","background-size":"auto","background-attachment":"scroll","background-type":"","background-media":"","overlay-type":"","overlay-color":"","overlay-gradient":""},"tablet":{"background-color":"","background-image":"","background-repeat":"repeat","background-position":"center center","background-size":"auto","background-attachment":"scroll","background-type":"","background-media":"","overlay-type":"","overlay-color":"","overlay-gradient":""},"mobile":{"background-color":"","background-image":"","background-repeat":"repeat","background-position":"center center","background-size":"auto","background-attachment":"scroll","background-type":"","background-media":"","overlay-type":"","overlay-color":"","overlay-gradient":""}},"ast-content-background-meta":{"desktop":{"background-color":"var(--ast-global-color-5)","background-image":"","background-repeat":"repeat","background-position":"center center","background-size":"auto","background-attachment":"scroll","background-type":"","background-media":"","overlay-type":"","overlay-color":"","overlay-gradient":""},"tablet":{"background-color":"var(--ast-global-color-5)","background-image":"","background-repeat":"repeat","background-position":"center center","background-size":"auto","background-attachment":"scroll","background-type":"","background-media":"","overlay-type":"","overlay-color":"","overlay-gradient":""},"mobile":{"background-color":"var(--ast-global-color-5)","background-image":"","background-repeat":"repeat","background-position":"center center","background-size":"auto","background-attachment":"scroll","background-type":"","background-media":"","overlay-type":"","overlay-color":"","overlay-gradient":""}},"footnotes":""},"categories":[1],"tags":[84037,20399,59062,84038,18107,84039],"class_list":["post-29779","post","type-post","status-publish","format-standard","hentry","category-sin-categoria","tag-alex-seglers-gomez-quintero","tag-eduard-bajet-i-royo","tag-gustavo-suarez-pertierra","tag-perlado-ortiz-de-pinedo-pedro-antonio","tag-rafael-navarro-valls","tag-santiago-bueno-salinas"],"_links":{"self":[{"href":"https:\/\/www.deberes.net\/tesis\/wp-json\/wp\/v2\/posts\/29779","targetHints":{"allow":["GET"]}}],"collection":[{"href":"https:\/\/www.deberes.net\/tesis\/wp-json\/wp\/v2\/posts"}],"about":[{"href":"https:\/\/www.deberes.net\/tesis\/wp-json\/wp\/v2\/types\/post"}],"author":[{"embeddable":true,"href":"https:\/\/www.deberes.net\/tesis\/wp-json\/wp\/v2\/users\/1"}],"replies":[{"embeddable":true,"href":"https:\/\/www.deberes.net\/tesis\/wp-json\/wp\/v2\/comments?post=29779"}],"version-history":[{"count":0,"href":"https:\/\/www.deberes.net\/tesis\/wp-json\/wp\/v2\/posts\/29779\/revisions"}],"wp:attachment":[{"href":"https:\/\/www.deberes.net\/tesis\/wp-json\/wp\/v2\/media?parent=29779"}],"wp:term":[{"taxonomy":"category","embeddable":true,"href":"https:\/\/www.deberes.net\/tesis\/wp-json\/wp\/v2\/categories?post=29779"},{"taxonomy":"post_tag","embeddable":true,"href":"https:\/\/www.deberes.net\/tesis\/wp-json\/wp\/v2\/tags?post=29779"}],"curies":[{"name":"wp","href":"https:\/\/api.w.org\/{rel}","templated":true}]}}