{"id":29822,"date":"2018-03-09T09:23:08","date_gmt":"2018-03-09T09:23:08","guid":{"rendered":"https:\/\/www.deberes.net\/tesis\/sin-categoria\/axiomatizacion-de-las-medidas-de-inclusion-difusas-de-v-young-construccion-a-partir-de-operadores-de-agregacion-e-implicacion-de-otros-indices\/"},"modified":"2018-03-09T09:23:08","modified_gmt":"2018-03-09T09:23:08","slug":"axiomatizacion-de-las-medidas-de-inclusion-difusas-de-v-young-construccion-a-partir-de-operadores-de-agregacion-e-implicacion-de-otros-indices","status":"publish","type":"post","link":"https:\/\/www.deberes.net\/tesis\/publica-de-navarra\/axiomatizacion-de-las-medidas-de-inclusion-difusas-de-v-young-construccion-a-partir-de-operadores-de-agregacion-e-implicacion-de-otros-indices\/","title":{"rendered":"Axiomatizacion de las medidas de inclusion difusas de v young  construccion a partir de operadores de agregacion e implicacion de otros indices"},"content":{"rendered":"<h2>Tesis doctoral de <strong>  Soria De Diego Fernando <\/strong><\/h2>\n<p>En la memoria se estudian las distintas definiciones de medidas de inclusi\u00f3n difusas, se dan nuevas definiciones de estas medidas y se propone una construcci\u00f3n a partir de operadores de agregaci\u00f3n e implicaci\u00f3n.  en los tres primeros cap\u00edtulos se estudian propiedades especiales de los operadores de implicaci\u00f3n. En el cap\u00edtulo cuatro se analizan propiedades de los operadores de agregaci\u00f3n. Con estas agregaciones e implicaciones, en los tres \u00faltimos cap\u00edtulos se definen nuevas medidas de inclusi\u00f3n (medida de inclusi\u00f3n, inclusi\u00f3n d\u00e9bil e inclusi\u00f3n fuerte)  a partir de estas medidas se construyen otros \u00edndices relacionados, como son: entrop\u00edas, distancias, medidas de similaridad, de proximidad y solapamientos<\/p>\n<p>&nbsp;<\/p>\n<h3>Datos acad\u00e9micos de la tesis doctoral \u00ab<strong>Axiomatizacion de las medidas de inclusion difusas de v young  construccion a partir de operadores de agregacion e implicacion de otros indices<\/strong>\u00ab<\/h3>\n<ul>\n<li><strong>T\u00edtulo de la tesis:<\/strong>\u00a0 Axiomatizacion de las medidas de inclusion difusas de v young  construccion a partir de operadores de agregacion e implicacion de otros indices <\/li>\n<li><strong>Autor:<\/strong>\u00a0  Soria De Diego Fernando <\/li>\n<li><strong>Universidad:<\/strong>\u00a0 P\u00fablica de navarra<\/li>\n<li><strong>Fecha de lectura de la tesis:<\/strong>\u00a0 26\/04\/2004<\/li>\n<\/ul>\n<p>&nbsp;<\/p>\n<h3>Direcci\u00f3n y tribunal<\/h3>\n<ul>\n<li><strong>Director de la tesis<\/strong>\n<ul>\n<li>Humberto Bustince Sola<\/li>\n<\/ul>\n<\/li>\n<li><strong>Tribunal<\/strong>\n<ul>\n<li>Presidente del tribunal: Luis Mart\u00ednez l\u00f3pez <\/li>\n<li>bernadette Bouchon meunier (vocal)<\/li>\n<li>didier Dubois (vocal)<\/li>\n<li>Francisco Herrera triguero (vocal)<\/li>\n<\/ul>\n<\/li>\n<\/ul>\n<p>&nbsp;<\/p>\n","protected":false},"excerpt":{"rendered":"<p>Tesis doctoral de Soria De Diego Fernando En la memoria se estudian las distintas definiciones de medidas de inclusi\u00f3n difusas, [&hellip;]<\/p>\n","protected":false},"author":1,"featured_media":0,"comment_status":"open","ping_status":"open","sticky":false,"template":"","format":"standard","meta":{"site-sidebar-layout":"default","site-content-layout":"","ast-site-content-layout":"","site-content-style":"default","site-sidebar-style":"default","ast-global-header-display":"","ast-banner-title-visibility":"","ast-main-header-display":"","ast-hfb-above-header-display":"","ast-hfb-below-header-display":"","ast-hfb-mobile-header-display":"","site-post-title":"","ast-breadcrumbs-content":"","ast-featured-img":"","footer-sml-layout":"","theme-transparent-header-meta":"","adv-header-id-meta":"","stick-header-meta":"","header-above-stick-meta":"","header-main-stick-meta":"","header-below-stick-meta":"","astra-migrate-meta-layouts":"default","ast-page-background-enabled":"default","ast-page-background-meta":{"desktop":{"background-color":"var(--ast-global-color-4)","background-image":"","background-repeat":"repeat","background-position":"center center","background-size":"auto","background-attachment":"scroll","background-type":"","background-media":"","overlay-type":"","overlay-color":"","overlay-gradient":""},"tablet":{"background-color":"","background-image":"","background-repeat":"repeat","background-position":"center center","background-size":"auto","background-attachment":"scroll","background-type":"","background-media":"","overlay-type":"","overlay-color":"","overlay-gradient":""},"mobile":{"background-color":"","background-image":"","background-repeat":"repeat","background-position":"center center","background-size":"auto","background-attachment":"scroll","background-type":"","background-media":"","overlay-type":"","overlay-color":"","overlay-gradient":""}},"ast-content-background-meta":{"desktop":{"background-color":"var(--ast-global-color-5)","background-image":"","background-repeat":"repeat","background-position":"center center","background-size":"auto","background-attachment":"scroll","background-type":"","background-media":"","overlay-type":"","overlay-color":"","overlay-gradient":""},"tablet":{"background-color":"var(--ast-global-color-5)","background-image":"","background-repeat":"repeat","background-position":"center center","background-size":"auto","background-attachment":"scroll","background-type":"","background-media":"","overlay-type":"","overlay-color":"","overlay-gradient":""},"mobile":{"background-color":"var(--ast-global-color-5)","background-image":"","background-repeat":"repeat","background-position":"center center","background-size":"auto","background-attachment":"scroll","background-type":"","background-media":"","overlay-type":"","overlay-color":"","overlay-gradient":""}},"footnotes":""},"categories":[18529],"tags":[84137,40762,37307,84135,84136,14918],"class_list":["post-29822","post","type-post","status-publish","format-standard","hentry","category-publica-de-navarra","tag-bernadette-bouchon-meunier","tag-didier-dubois","tag-francisco-herrera-triguero","tag-humberto-bustince-sola","tag-luis-Martinez-lopez","tag-soria-de-diego-fernando"],"_links":{"self":[{"href":"https:\/\/www.deberes.net\/tesis\/wp-json\/wp\/v2\/posts\/29822","targetHints":{"allow":["GET"]}}],"collection":[{"href":"https:\/\/www.deberes.net\/tesis\/wp-json\/wp\/v2\/posts"}],"about":[{"href":"https:\/\/www.deberes.net\/tesis\/wp-json\/wp\/v2\/types\/post"}],"author":[{"embeddable":true,"href":"https:\/\/www.deberes.net\/tesis\/wp-json\/wp\/v2\/users\/1"}],"replies":[{"embeddable":true,"href":"https:\/\/www.deberes.net\/tesis\/wp-json\/wp\/v2\/comments?post=29822"}],"version-history":[{"count":0,"href":"https:\/\/www.deberes.net\/tesis\/wp-json\/wp\/v2\/posts\/29822\/revisions"}],"wp:attachment":[{"href":"https:\/\/www.deberes.net\/tesis\/wp-json\/wp\/v2\/media?parent=29822"}],"wp:term":[{"taxonomy":"category","embeddable":true,"href":"https:\/\/www.deberes.net\/tesis\/wp-json\/wp\/v2\/categories?post=29822"},{"taxonomy":"post_tag","embeddable":true,"href":"https:\/\/www.deberes.net\/tesis\/wp-json\/wp\/v2\/tags?post=29822"}],"curies":[{"name":"wp","href":"https:\/\/api.w.org\/{rel}","templated":true}]}}