{"id":29882,"date":"2018-03-09T09:23:13","date_gmt":"2018-03-09T09:23:13","guid":{"rendered":"https:\/\/www.deberes.net\/tesis\/sin-categoria\/poeticas-de-creacion-en-espana1970-1995\/"},"modified":"2018-03-09T09:23:13","modified_gmt":"2018-03-09T09:23:13","slug":"poeticas-de-creacion-en-espana1970-1995","status":"publish","type":"post","link":"https:\/\/www.deberes.net\/tesis\/analisis-literario\/poeticas-de-creacion-en-espana1970-1995\/","title":{"rendered":"Poeticas de creaci\u00f3n en espa\u00f1a,1970-1995"},"content":{"rendered":"<h2>Tesis doctoral de <strong> Genaro Gustavo Vega Mansilla <\/strong><\/h2>\n<p>Estas tesis recopila casi la totalidad de autores y de obras de creaci\u00f3n po\u00e9tica basadas en recursos creativos de car\u00e1cter visual habidas en espa\u00f1a dese 1970-1995.  se trata de un periodo del que no hab\u00eda estudios generales suficientemente significativo.  aporta una importante clarificaci\u00f3n de conceptos y nomenclatura; va recuento general de autores y de obras; presenta la ranor\u00e1mica hist\u00f3rica en profundidad; asi como una sistemaci\u00f3n rigurosa de las diferencias formas de hacer encuadradas en un todo global.<\/p>\n<p>&nbsp;<\/p>\n<h3>Datos acad\u00e9micos de la tesis doctoral \u00ab<strong>Poeticas de creaci\u00f3n en espa\u00f1a,1970-1995<\/strong>\u00ab<\/h3>\n<ul>\n<li><strong>T\u00edtulo de la tesis:<\/strong>\u00a0 Poeticas de creaci\u00f3n en espa\u00f1a,1970-1995 <\/li>\n<li><strong>Autor:<\/strong>\u00a0 Genaro Gustavo Vega Mansilla <\/li>\n<li><strong>Universidad:<\/strong>\u00a0 Barcelona<\/li>\n<li><strong>Fecha de lectura de la tesis:<\/strong>\u00a0 30\/04\/2004<\/li>\n<\/ul>\n<p>&nbsp;<\/p>\n<h3>Direcci\u00f3n y tribunal<\/h3>\n<ul>\n<li><strong>Director de la tesis<\/strong>\n<ul>\n<li>Joaquin Marco Revilla<\/li>\n<\/ul>\n<\/li>\n<li><strong>Tribunal<\/strong>\n<ul>\n<li>Presidente del tribunal: Jos\u00e9 Mar\u00eda Balcells dom\u00e9nech <\/li>\n<li>palmira Gonz\u00e1lez l\u00f3pez (vocal)<\/li>\n<li>esteban Tranche fernandez (vocal)<\/li>\n<li>Jes\u00fas Ferrer sol\u00ed\u00a0 (vocal)<\/li>\n<\/ul>\n<\/li>\n<\/ul>\n<p>&nbsp;<\/p>\n","protected":false},"excerpt":{"rendered":"<p>Tesis doctoral de Genaro Gustavo Vega Mansilla Estas tesis recopila casi la totalidad de autores y de obras de creaci\u00f3n [&hellip;]<\/p>\n","protected":false},"author":1,"featured_media":0,"comment_status":"open","ping_status":"open","sticky":false,"template":"","format":"standard","meta":{"site-sidebar-layout":"default","site-content-layout":"","ast-site-content-layout":"","site-content-style":"default","site-sidebar-style":"default","ast-global-header-display":"","ast-banner-title-visibility":"","ast-main-header-display":"","ast-hfb-above-header-display":"","ast-hfb-below-header-display":"","ast-hfb-mobile-header-display":"","site-post-title":"","ast-breadcrumbs-content":"","ast-featured-img":"","footer-sml-layout":"","theme-transparent-header-meta":"","adv-header-id-meta":"","stick-header-meta":"","header-above-stick-meta":"","header-main-stick-meta":"","header-below-stick-meta":"","astra-migrate-meta-layouts":"default","ast-page-background-enabled":"default","ast-page-background-meta":{"desktop":{"background-color":"var(--ast-global-color-4)","background-image":"","background-repeat":"repeat","background-position":"center center","background-size":"auto","background-attachment":"scroll","background-type":"","background-media":"","overlay-type":"","overlay-color":"","overlay-gradient":""},"tablet":{"background-color":"","background-image":"","background-repeat":"repeat","background-position":"center center","background-size":"auto","background-attachment":"scroll","background-type":"","background-media":"","overlay-type":"","overlay-color":"","overlay-gradient":""},"mobile":{"background-color":"","background-image":"","background-repeat":"repeat","background-position":"center center","background-size":"auto","background-attachment":"scroll","background-type":"","background-media":"","overlay-type":"","overlay-color":"","overlay-gradient":""}},"ast-content-background-meta":{"desktop":{"background-color":"var(--ast-global-color-5)","background-image":"","background-repeat":"repeat","background-position":"center center","background-size":"auto","background-attachment":"scroll","background-type":"","background-media":"","overlay-type":"","overlay-color":"","overlay-gradient":""},"tablet":{"background-color":"var(--ast-global-color-5)","background-image":"","background-repeat":"repeat","background-position":"center center","background-size":"auto","background-attachment":"scroll","background-type":"","background-media":"","overlay-type":"","overlay-color":"","overlay-gradient":""},"mobile":{"background-color":"var(--ast-global-color-5)","background-image":"","background-repeat":"repeat","background-position":"center center","background-size":"auto","background-attachment":"scroll","background-type":"","background-media":"","overlay-type":"","overlay-color":"","overlay-gradient":""}},"footnotes":""},"categories":[148,951,2965,713],"tags":[36083,84278,84279,391,53398,25460],"class_list":["post-29882","post","type-post","status-publish","format-standard","hentry","category-analisis-literario","category-barcelona","category-estilo-y-estetica-literarios","category-historia-de-la-literatura","tag-esteban-tranche-fernandez","tag-genaro-gustavo-vega-mansilla","tag-jesus-ferrer-soli","tag-joaquin-marco-revilla","tag-jose-maria-balcells-domenech","tag-palmira-gonzalez-lopez"],"_links":{"self":[{"href":"https:\/\/www.deberes.net\/tesis\/wp-json\/wp\/v2\/posts\/29882","targetHints":{"allow":["GET"]}}],"collection":[{"href":"https:\/\/www.deberes.net\/tesis\/wp-json\/wp\/v2\/posts"}],"about":[{"href":"https:\/\/www.deberes.net\/tesis\/wp-json\/wp\/v2\/types\/post"}],"author":[{"embeddable":true,"href":"https:\/\/www.deberes.net\/tesis\/wp-json\/wp\/v2\/users\/1"}],"replies":[{"embeddable":true,"href":"https:\/\/www.deberes.net\/tesis\/wp-json\/wp\/v2\/comments?post=29882"}],"version-history":[{"count":0,"href":"https:\/\/www.deberes.net\/tesis\/wp-json\/wp\/v2\/posts\/29882\/revisions"}],"wp:attachment":[{"href":"https:\/\/www.deberes.net\/tesis\/wp-json\/wp\/v2\/media?parent=29882"}],"wp:term":[{"taxonomy":"category","embeddable":true,"href":"https:\/\/www.deberes.net\/tesis\/wp-json\/wp\/v2\/categories?post=29882"},{"taxonomy":"post_tag","embeddable":true,"href":"https:\/\/www.deberes.net\/tesis\/wp-json\/wp\/v2\/tags?post=29882"}],"curies":[{"name":"wp","href":"https:\/\/api.w.org\/{rel}","templated":true}]}}