{"id":29914,"date":"2018-03-09T09:23:16","date_gmt":"2018-03-09T09:23:16","guid":{"rendered":"https:\/\/www.deberes.net\/tesis\/sin-categoria\/identidad-del-arcodal-a-partir-de-los-arcos-de-acodalamiento-construidos-en-la-arquitectura-espanola\/"},"modified":"2018-03-09T09:23:16","modified_gmt":"2018-03-09T09:23:16","slug":"identidad-del-arcodal-a-partir-de-los-arcos-de-acodalamiento-construidos-en-la-arquitectura-espanola","status":"publish","type":"post","link":"https:\/\/www.deberes.net\/tesis\/politecnica-de-madrid\/identidad-del-arcodal-a-partir-de-los-arcos-de-acodalamiento-construidos-en-la-arquitectura-espanola\/","title":{"rendered":"Identidad del arcodal a partir de los arcos de acodalamiento construidos en la arquitectura espa\u00f1ola"},"content":{"rendered":"<h2>Tesis doctoral de <strong> Jos\u00e9 Ignacio Garc\u00eda Casas <\/strong><\/h2>\n<p>Se pretende demostrar la existencia de una familia de arcos de f\u00e1brica con entidad propia, caracterizados fundamentalmente por su funci\u00f3n de acodalar edificaciones, muros o pilastras, diferenci\u00e1ndose del resto por su comportamiento estructural, aunque adoptan las mismas formas y t\u00e9cnicas constructivas que los otros. Su evoluci\u00f3n t\u00e9cnica se desarrolla  a  lo largo de la historia desde la \u00e9poca romana hasta el s. Xix.  se propone para este tipo de arcos la denominaci\u00f3n de arcodal como s\u00edntesis de su doble funic\u00f3n: arco y codal. La funci\u00f3n codal impone sus condiciones a otras caracter\u00edsticas propias de la funic\u00f3n arco, como son la traza, la ubicaci\u00f3n y el sistema constructivo, de forma que las distintas variables que se pueden presentar en cada uno de estos \u00e1mbitos permite organizar los arcodales en diferentes subtipos.  la identificaci\u00f3n perseguida tiene un car\u00e1cter universal, toda vez que este tipo de arcos se desarrolla a trav\u00e9s  de diferentes culturas y territorios, aunque se acota su estudio al territorio espa\u00f1ol, que presenta suficiente n\u00famero de casos como para permitir su estudio, clasificaci\u00f3n y an\u00e1lisis independiente, que se hace desde el triple punto de vista:  &#8211; \u00e1mbito de desarrollo del arcodal: hist\u00f3rico, geogr\u00e1fico y tipol\u00f3gico. adem\u00e1s, se desarrolla un an\u00e1lisis lexicogr\u00e1fico que atiende a las variables sem\u00e1nticas que se pudeieran encontrar sobre este elemento.  &#8211; caracter\u00edsticas intr\u00ednsecas del arcodal: sistemas de equilibrio, constructivos y de traza.  &#8211; caracter\u00edsticas extr\u00ednsecas del arcodal: concentraciones, agrupaciones sistem\u00e1ticas y localizaciones territoriales.  tras abordar este an\u00e1lisis del arcodal de forma gen\u00e9rica, se exponen sus caracter\u00edsticas propias, que conforman su identidad frente al resto de elementos construictivos.  &#8211; caracter\u00edsticas diferenciadoras como arco.  &#8211; identificaci\u00f3n sem\u00e1ntica.  &#8211; clasificaci\u00f3n y determinaci\u00f3n de los tipos y subtipos de arcod<\/p>\n<p>&nbsp;<\/p>\n<h3>Datos acad\u00e9micos de la tesis doctoral \u00ab<strong>Identidad del arcodal a partir de los arcos de acodalamiento construidos en la arquitectura espa\u00f1ola<\/strong>\u00ab<\/h3>\n<ul>\n<li><strong>T\u00edtulo de la tesis:<\/strong>\u00a0 Identidad del arcodal a partir de los arcos de acodalamiento construidos en la arquitectura espa\u00f1ola <\/li>\n<li><strong>Autor:<\/strong>\u00a0 Jos\u00e9 Ignacio Garc\u00eda Casas <\/li>\n<li><strong>Universidad:<\/strong>\u00a0 Polit\u00e9cnica de Madrid<\/li>\n<li><strong>Fecha de lectura de la tesis:<\/strong>\u00a0 30\/04\/2004<\/li>\n<\/ul>\n<p>&nbsp;<\/p>\n<h3>Direcci\u00f3n y tribunal<\/h3>\n<ul>\n<li><strong>Director de la tesis<\/strong>\n<ul>\n<li>Luis Maldonado Ramos<\/li>\n<\/ul>\n<\/li>\n<li><strong>Tribunal<\/strong>\n<ul>\n<li>Presidente del tribunal: Juan Monjo carrio <\/li>\n<li> Gamez guardiola Jos\u00e9 ramon (vocal)<\/li>\n<li> Avila jalvo Jos\u00e9 Miguel (vocal)<\/li>\n<li> De leon vallejo Javier (vocal)<\/li>\n<\/ul>\n<\/li>\n<\/ul>\n<p>&nbsp;<\/p>\n","protected":false},"excerpt":{"rendered":"<p>Tesis doctoral de Jos\u00e9 Ignacio Garc\u00eda Casas Se pretende demostrar la existencia de una familia de arcos de f\u00e1brica con [&hellip;]<\/p>\n","protected":false},"author":1,"featured_media":0,"comment_status":"open","ping_status":"open","sticky":false,"template":"","format":"standard","meta":{"site-sidebar-layout":"default","site-content-layout":"","ast-site-content-layout":"","site-content-style":"default","site-sidebar-style":"default","ast-global-header-display":"","ast-banner-title-visibility":"","ast-main-header-display":"","ast-hfb-above-header-display":"","ast-hfb-below-header-display":"","ast-hfb-mobile-header-display":"","site-post-title":"","ast-breadcrumbs-content":"","ast-featured-img":"","footer-sml-layout":"","theme-transparent-header-meta":"","adv-header-id-meta":"","stick-header-meta":"","header-above-stick-meta":"","header-main-stick-meta":"","header-below-stick-meta":"","astra-migrate-meta-layouts":"default","ast-page-background-enabled":"default","ast-page-background-meta":{"desktop":{"background-color":"var(--ast-global-color-4)","background-image":"","background-repeat":"repeat","background-position":"center center","background-size":"auto","background-attachment":"scroll","background-type":"","background-media":"","overlay-type":"","overlay-color":"","overlay-gradient":""},"tablet":{"background-color":"","background-image":"","background-repeat":"repeat","background-position":"center center","background-size":"auto","background-attachment":"scroll","background-type":"","background-media":"","overlay-type":"","overlay-color":"","overlay-gradient":""},"mobile":{"background-color":"","background-image":"","background-repeat":"repeat","background-position":"center center","background-size":"auto","background-attachment":"scroll","background-type":"","background-media":"","overlay-type":"","overlay-color":"","overlay-gradient":""}},"ast-content-background-meta":{"desktop":{"background-color":"var(--ast-global-color-5)","background-image":"","background-repeat":"repeat","background-position":"center center","background-size":"auto","background-attachment":"scroll","background-type":"","background-media":"","overlay-type":"","overlay-color":"","overlay-gradient":""},"tablet":{"background-color":"var(--ast-global-color-5)","background-image":"","background-repeat":"repeat","background-position":"center center","background-size":"auto","background-attachment":"scroll","background-type":"","background-media":"","overlay-type":"","overlay-color":"","overlay-gradient":""},"mobile":{"background-color":"var(--ast-global-color-5)","background-image":"","background-repeat":"repeat","background-position":"center center","background-size":"auto","background-attachment":"scroll","background-type":"","background-media":"","overlay-type":"","overlay-color":"","overlay-gradient":""}},"footnotes":""},"categories":[16008],"tags":[52278,84341,40908,84340,16467,40907],"class_list":["post-29914","post","type-post","status-publish","format-standard","hentry","category-politecnica-de-madrid","tag-avila-jalvo-jose-miguel","tag-de-leon-vallejo-javier","tag-gamez-guardiola-jose-ramon","tag-jose-ignacio-garcia-casas","tag-juan-monjo-carrio","tag-luis-maldonado-ramos"],"_links":{"self":[{"href":"https:\/\/www.deberes.net\/tesis\/wp-json\/wp\/v2\/posts\/29914","targetHints":{"allow":["GET"]}}],"collection":[{"href":"https:\/\/www.deberes.net\/tesis\/wp-json\/wp\/v2\/posts"}],"about":[{"href":"https:\/\/www.deberes.net\/tesis\/wp-json\/wp\/v2\/types\/post"}],"author":[{"embeddable":true,"href":"https:\/\/www.deberes.net\/tesis\/wp-json\/wp\/v2\/users\/1"}],"replies":[{"embeddable":true,"href":"https:\/\/www.deberes.net\/tesis\/wp-json\/wp\/v2\/comments?post=29914"}],"version-history":[{"count":0,"href":"https:\/\/www.deberes.net\/tesis\/wp-json\/wp\/v2\/posts\/29914\/revisions"}],"wp:attachment":[{"href":"https:\/\/www.deberes.net\/tesis\/wp-json\/wp\/v2\/media?parent=29914"}],"wp:term":[{"taxonomy":"category","embeddable":true,"href":"https:\/\/www.deberes.net\/tesis\/wp-json\/wp\/v2\/categories?post=29914"},{"taxonomy":"post_tag","embeddable":true,"href":"https:\/\/www.deberes.net\/tesis\/wp-json\/wp\/v2\/tags?post=29914"}],"curies":[{"name":"wp","href":"https:\/\/api.w.org\/{rel}","templated":true}]}}