{"id":29927,"date":"2018-03-09T09:23:17","date_gmt":"2018-03-09T09:23:17","guid":{"rendered":"https:\/\/www.deberes.net\/tesis\/sin-categoria\/caracterizacion-microclimatica-del-invernadero-almeria\/"},"modified":"2018-03-09T09:23:17","modified_gmt":"2018-03-09T09:23:17","slug":"caracterizacion-microclimatica-del-invernadero-almeria","status":"publish","type":"post","link":"https:\/\/www.deberes.net\/tesis\/almeria\/caracterizacion-microclimatica-del-invernadero-almeria\/","title":{"rendered":"Caracterizaci\u00f3n microclimatica del invernadero almeria."},"content":{"rendered":"<h2>Tesis doctoral de <strong>  Arellano Garcia Marco Antonio <\/strong><\/h2>\n<p>El alto riesgo de p\u00e9rdidas econ\u00f3micas ocasionadas por enfermedades criptog\u00e1micas, transmitidas por insectos. Ha obligado a los agricultores a protegerse, estableciendo mallas anti-insectos en las entradas de la ventilaci\u00f3n natural. sin embargo. Esto ha provocado un nuevo problema: la disminuci\u00f3n en la tasa de ventilaci\u00f3n. La soluci\u00f3n a estadisminuci\u00f3n en la tasa de ventilaci\u00f3n, fue la instalaci\u00f3n de sistemas de ventilaci\u00f3n forzada. Para incrementarla o en su defecto igualarla. Y asi poder evitar los problemas anteriormente mencilnados. Sin embargo. Se considera que.La introducci\u00f3n de los sistemas de ventilaci\u00f3n forzada se ha llevado a cabo sin el conocimiento cient\u00edfico detallado de su implicaci\u00f3n en el microclima interior del invernadero. en este trabajo de investigaci\u00f3n se caracteriz\u00f3 cient\u00edficamente el microclima interior del invernadero almeria y se contrastaron los sistemas de ventilaci\u00f3n natural y forzada con 15 y 30 renovaciones de aire por hora. En cuanto a la caracterizaci\u00f3n del invernadero, se encontro que el sector norte registra una temperatura m\u00e1s baja que el resto de los sectores. En todos los meses y cultivos estudiados. El sector sur del invernadero de raspa y amagado. es el de mayor temperatura tanto en la temporada de oto\u00f1o-invierno como en la temporada de primavera-verano. En el caso del invernadero almer\u00eda subtipo asim\u00e9trico. Se encontr\u00f3 que el sector de mayor temperatura. Corresponde al centro del invernadero. En cuanto a los sistemas de ventilaci\u00f3n forzada. se encontr\u00f3 que con las tasas de renovaci\u00f3n estudiadas, no se obtienen cambios significativos en el microclima interior del invernadero. Solo la variable humedad absoluta es mayor en ambos sistemas de ventilaci\u00f3n forzada. El incremento de esta variable. Es debido al cierre del invernadero y a la incapacidad de extracci\u00f3n de este exceso de humedad; causando reducciones drasticas en el rendimiento de fruto en la temporada de oto\u00f1o-invier<\/p>\n<p>&nbsp;<\/p>\n<h3>Datos acad\u00e9micos de la tesis doctoral \u00ab<strong>Caracterizaci\u00f3n microclimatica del invernadero almeria.<\/strong>\u00ab<\/h3>\n<ul>\n<li><strong>T\u00edtulo de la tesis:<\/strong>\u00a0 Caracterizaci\u00f3n microclimatica del invernadero almeria. <\/li>\n<li><strong>Autor:<\/strong>\u00a0  Arellano Garcia Marco Antonio <\/li>\n<li><strong>Universidad:<\/strong>\u00a0 Almer\u00eda<\/li>\n<li><strong>Fecha de lectura de la tesis:<\/strong>\u00a0 30\/04\/2004<\/li>\n<\/ul>\n<p>&nbsp;<\/p>\n<h3>Direcci\u00f3n y tribunal<\/h3>\n<ul>\n<li><strong>Director de la tesis<\/strong>\n<ul>\n<li>Diego Luis Valera Mart\u00ednez<\/li>\n<\/ul>\n<\/li>\n<li><strong>Tribunal<\/strong>\n<ul>\n<li>Presidente del tribunal:  Salinas andujar Jos\u00e9 Antonio <\/li>\n<li> Pe\u00f1a fernandez Ana araceli (vocal)<\/li>\n<li>Antonio Madue\u00f1o luna (vocal)<\/li>\n<li>Alberto Masaguer rodriguez (vocal)<\/li>\n<\/ul>\n<\/li>\n<\/ul>\n<p>&nbsp;<\/p>\n","protected":false},"excerpt":{"rendered":"<p>Tesis doctoral de Arellano Garcia Marco Antonio El alto riesgo de p\u00e9rdidas econ\u00f3micas ocasionadas por enfermedades criptog\u00e1micas, transmitidas por insectos. [&hellip;]<\/p>\n","protected":false},"author":1,"featured_media":0,"comment_status":"open","ping_status":"open","sticky":false,"template":"","format":"standard","meta":{"site-sidebar-layout":"default","site-content-layout":"","ast-site-content-layout":"","site-content-style":"default","site-sidebar-style":"default","ast-global-header-display":"","ast-banner-title-visibility":"","ast-main-header-display":"","ast-hfb-above-header-display":"","ast-hfb-below-header-display":"","ast-hfb-mobile-header-display":"","site-post-title":"","ast-breadcrumbs-content":"","ast-featured-img":"","footer-sml-layout":"","theme-transparent-header-meta":"","adv-header-id-meta":"","stick-header-meta":"","header-above-stick-meta":"","header-main-stick-meta":"","header-below-stick-meta":"","astra-migrate-meta-layouts":"default","ast-page-background-enabled":"default","ast-page-background-meta":{"desktop":{"background-color":"var(--ast-global-color-4)","background-image":"","background-repeat":"repeat","background-position":"center center","background-size":"auto","background-attachment":"scroll","background-type":"","background-media":"","overlay-type":"","overlay-color":"","overlay-gradient":""},"tablet":{"background-color":"","background-image":"","background-repeat":"repeat","background-position":"center center","background-size":"auto","background-attachment":"scroll","background-type":"","background-media":"","overlay-type":"","overlay-color":"","overlay-gradient":""},"mobile":{"background-color":"","background-image":"","background-repeat":"repeat","background-position":"center center","background-size":"auto","background-attachment":"scroll","background-type":"","background-media":"","overlay-type":"","overlay-color":"","overlay-gradient":""}},"ast-content-background-meta":{"desktop":{"background-color":"var(--ast-global-color-5)","background-image":"","background-repeat":"repeat","background-position":"center center","background-size":"auto","background-attachment":"scroll","background-type":"","background-media":"","overlay-type":"","overlay-color":"","overlay-gradient":""},"tablet":{"background-color":"var(--ast-global-color-5)","background-image":"","background-repeat":"repeat","background-position":"center center","background-size":"auto","background-attachment":"scroll","background-type":"","background-media":"","overlay-type":"","overlay-color":"","overlay-gradient":""},"mobile":{"background-color":"var(--ast-global-color-5)","background-image":"","background-repeat":"repeat","background-position":"center center","background-size":"auto","background-attachment":"scroll","background-type":"","background-media":"","overlay-type":"","overlay-color":"","overlay-gradient":""}},"footnotes":""},"categories":[18909],"tags":[57633,84366,84364,81317,84365,20985],"class_list":["post-29927","post","type-post","status-publish","format-standard","hentry","category-almeria","tag-alberto-masaguer-rodriguez","tag-antonio-madueno-luna","tag-arellano-garcia-marco-antonio","tag-diego-luis-valera-Martinez","tag-pena-fernandez-ana-araceli","tag-salinas-andujar-jose-antonio"],"_links":{"self":[{"href":"https:\/\/www.deberes.net\/tesis\/wp-json\/wp\/v2\/posts\/29927","targetHints":{"allow":["GET"]}}],"collection":[{"href":"https:\/\/www.deberes.net\/tesis\/wp-json\/wp\/v2\/posts"}],"about":[{"href":"https:\/\/www.deberes.net\/tesis\/wp-json\/wp\/v2\/types\/post"}],"author":[{"embeddable":true,"href":"https:\/\/www.deberes.net\/tesis\/wp-json\/wp\/v2\/users\/1"}],"replies":[{"embeddable":true,"href":"https:\/\/www.deberes.net\/tesis\/wp-json\/wp\/v2\/comments?post=29927"}],"version-history":[{"count":0,"href":"https:\/\/www.deberes.net\/tesis\/wp-json\/wp\/v2\/posts\/29927\/revisions"}],"wp:attachment":[{"href":"https:\/\/www.deberes.net\/tesis\/wp-json\/wp\/v2\/media?parent=29927"}],"wp:term":[{"taxonomy":"category","embeddable":true,"href":"https:\/\/www.deberes.net\/tesis\/wp-json\/wp\/v2\/categories?post=29927"},{"taxonomy":"post_tag","embeddable":true,"href":"https:\/\/www.deberes.net\/tesis\/wp-json\/wp\/v2\/tags?post=29927"}],"curies":[{"name":"wp","href":"https:\/\/api.w.org\/{rel}","templated":true}]}}