{"id":29950,"date":"2004-04-05T00:00:00","date_gmt":"2004-04-05T00:00:00","guid":{"rendered":"https:\/\/www.deberes.net\/tesis\/sin-categoria\/los-grabados-rupestres-prehistoricos-de-morella-y-alpuente-procesos-de-deterioro-y-conservacion-preventiva\/"},"modified":"2004-04-05T00:00:00","modified_gmt":"2004-04-05T00:00:00","slug":"los-grabados-rupestres-prehistoricos-de-morella-y-alpuente-procesos-de-deterioro-y-conservacion-preventiva","status":"publish","type":"post","link":"https:\/\/www.deberes.net\/tesis\/politecnica-de-valencia\/los-grabados-rupestres-prehistoricos-de-morella-y-alpuente-procesos-de-deterioro-y-conservacion-preventiva\/","title":{"rendered":"Los grabados rupestres prehist\u00f3ricos de morella y alpuente: procesos de deterioro y conservaci\u00f3n preventiva"},"content":{"rendered":"<h2>Tesis doctoral de <strong> Margarita Dom\u00e9nech Galbis <\/strong><\/h2>\n<p>Los grabados rupestres prehist\u00f3ricos de los yacimientos de la serrada de mas de mart\u00ed, el argilagar de mar de garc\u00eda, en la vega del moll, morella, y de la pe\u00f1a de los burritos en alpuente, presentan un avanzado estado de alteraci\u00f3n. El objetivo de esta tesis ha sido realizar un estudio global sobre los factores de deterioro responsables y sus mecanismos de acci\u00f3n en vistas a definir un protocolo de actuaci\u00f3n dentro del \u00e1mbito de la conservaci\u00f3n preventiva. A partir del estudio minero-petrogr\u00e1fico del sustrato y de las caracter\u00edsticas de contexto ambiental en el que estos grabados est\u00e1n ubicados, se han abordado los procesos de deterioro f\u00edsico-qu\u00edmicos que son causantes del estado de conservaci\u00f3n de los grabados.  especial atenci\u00f3n ha merecido el estudio de los procesos de alteraci\u00f3n por crecimiento liqu\u00e9nico, dada la entidad de su presencia y los da\u00f1os causados, ya observables a nivel macrosc\u00f3pico.<\/p>\n<p>&nbsp;<\/p>\n<h3>Datos acad\u00e9micos de la tesis doctoral \u00ab<strong>Los grabados rupestres prehist\u00f3ricos de morella y alpuente: procesos de deterioro y conservaci\u00f3n preventiva<\/strong>\u00ab<\/h3>\n<ul>\n<li><strong>T\u00edtulo de la tesis:<\/strong>\u00a0 Los grabados rupestres prehist\u00f3ricos de morella y alpuente: procesos de deterioro y conservaci\u00f3n preventiva <\/li>\n<li><strong>Autor:<\/strong>\u00a0 Margarita Dom\u00e9nech Galbis <\/li>\n<li><strong>Universidad:<\/strong>\u00a0 Polit\u00e9cnica de Valencia<\/li>\n<li><strong>Fecha de lectura de la tesis:<\/strong>\u00a0 04\/05\/2004<\/li>\n<\/ul>\n<p>&nbsp;<\/p>\n<h3>Direcci\u00f3n y tribunal<\/h3>\n<ul>\n<li><strong>Director de la tesis<\/strong>\n<ul>\n<li>M\u00aa Carmen Perez Garcia<\/li>\n<\/ul>\n<\/li>\n<li><strong>Tribunal<\/strong>\n<ul>\n<li>Presidente del tribunal: Mar\u00eda pilar Roig picazo <\/li>\n<li>carlo Lalli (vocal)<\/li>\n<li>teresa Exohotado ibor (vocal)<\/li>\n<li>milagros Vaillant carol (vocal)<\/li>\n<\/ul>\n<\/li>\n<\/ul>\n<p>&nbsp;<\/p>\n","protected":false},"excerpt":{"rendered":"<p>Tesis doctoral de Margarita Dom\u00e9nech Galbis Los grabados rupestres prehist\u00f3ricos de los yacimientos de la serrada de mas de mart\u00ed, [&hellip;]<\/p>\n","protected":false},"author":1,"featured_media":0,"comment_status":"open","ping_status":"open","sticky":false,"template":"","format":"standard","meta":{"site-sidebar-layout":"default","site-content-layout":"","ast-site-content-layout":"","site-content-style":"default","site-sidebar-style":"default","ast-global-header-display":"","ast-banner-title-visibility":"","ast-main-header-display":"","ast-hfb-above-header-display":"","ast-hfb-below-header-display":"","ast-hfb-mobile-header-display":"","site-post-title":"","ast-breadcrumbs-content":"","ast-featured-img":"","footer-sml-layout":"","theme-transparent-header-meta":"","adv-header-id-meta":"","stick-header-meta":"","header-above-stick-meta":"","header-main-stick-meta":"","header-below-stick-meta":"","astra-migrate-meta-layouts":"default","ast-page-background-enabled":"default","ast-page-background-meta":{"desktop":{"background-color":"var(--ast-global-color-4)","background-image":"","background-repeat":"repeat","background-position":"center center","background-size":"auto","background-attachment":"scroll","background-type":"","background-media":"","overlay-type":"","overlay-color":"","overlay-gradient":""},"tablet":{"background-color":"","background-image":"","background-repeat":"repeat","background-position":"center center","background-size":"auto","background-attachment":"scroll","background-type":"","background-media":"","overlay-type":"","overlay-color":"","overlay-gradient":""},"mobile":{"background-color":"","background-image":"","background-repeat":"repeat","background-position":"center center","background-size":"auto","background-attachment":"scroll","background-type":"","background-media":"","overlay-type":"","overlay-color":"","overlay-gradient":""}},"ast-content-background-meta":{"desktop":{"background-color":"var(--ast-global-color-5)","background-image":"","background-repeat":"repeat","background-position":"center center","background-size":"auto","background-attachment":"scroll","background-type":"","background-media":"","overlay-type":"","overlay-color":"","overlay-gradient":""},"tablet":{"background-color":"var(--ast-global-color-5)","background-image":"","background-repeat":"repeat","background-position":"center center","background-size":"auto","background-attachment":"scroll","background-type":"","background-media":"","overlay-type":"","overlay-color":"","overlay-gradient":""},"mobile":{"background-color":"var(--ast-global-color-5)","background-image":"","background-repeat":"repeat","background-position":"center center","background-size":"auto","background-attachment":"scroll","background-type":"","background-media":"","overlay-type":"","overlay-color":"","overlay-gradient":""}},"footnotes":""},"categories":[16820],"tags":[84430,84429,16866,84432,16868,84431],"class_list":["post-29950","post","type-post","status-publish","format-standard","hentry","category-politecnica-de-valencia","tag-carlo-lalli","tag-margarita-domenech-galbis","tag-maria-pilar-roig-picazo","tag-milagros-vaillant-carol","tag-ma-carmen-perez-garcia","tag-teresa-exohotado-ibor"],"_links":{"self":[{"href":"https:\/\/www.deberes.net\/tesis\/wp-json\/wp\/v2\/posts\/29950","targetHints":{"allow":["GET"]}}],"collection":[{"href":"https:\/\/www.deberes.net\/tesis\/wp-json\/wp\/v2\/posts"}],"about":[{"href":"https:\/\/www.deberes.net\/tesis\/wp-json\/wp\/v2\/types\/post"}],"author":[{"embeddable":true,"href":"https:\/\/www.deberes.net\/tesis\/wp-json\/wp\/v2\/users\/1"}],"replies":[{"embeddable":true,"href":"https:\/\/www.deberes.net\/tesis\/wp-json\/wp\/v2\/comments?post=29950"}],"version-history":[{"count":0,"href":"https:\/\/www.deberes.net\/tesis\/wp-json\/wp\/v2\/posts\/29950\/revisions"}],"wp:attachment":[{"href":"https:\/\/www.deberes.net\/tesis\/wp-json\/wp\/v2\/media?parent=29950"}],"wp:term":[{"taxonomy":"category","embeddable":true,"href":"https:\/\/www.deberes.net\/tesis\/wp-json\/wp\/v2\/categories?post=29950"},{"taxonomy":"post_tag","embeddable":true,"href":"https:\/\/www.deberes.net\/tesis\/wp-json\/wp\/v2\/tags?post=29950"}],"curies":[{"name":"wp","href":"https:\/\/api.w.org\/{rel}","templated":true}]}}